{"id":380347,"date":"2025-09-10T13:29:12","date_gmt":"2025-09-10T13:29:12","guid":{"rendered":"https:\/\/www.europesays.com\/fr\/380347\/"},"modified":"2025-09-10T13:29:12","modified_gmt":"2025-09-10T13:29:12","slug":"carla-bruni-trop-laxiste-avec-giulia-je-me-sentirais-mal-de-lui-interdire","status":"publish","type":"post","link":"https:\/\/www.europesays.com\/fr\/380347\/","title":{"rendered":"Carla Bruni, trop laxiste\u00a0avec Giulia\u00a0?\u00a0\u00ab\u00a0Je me sentirais mal de lui interdire\u00a0\u00bb"},"content":{"rendered":"<p>            <a href=\"https:\/\/www.journaldesfemmes.fr\/people\/magazine\/3240556-actu-people-france-septembre-semaine-2-amanda-lear-camille-cerf\/3240662-kad-merad\" class=\"app_button_nav_prev jMiddlePreviousButton\" rel=\"nofollow noopener\" target=\"_blank\"><\/a><a href=\"https:\/\/www.journaldesfemmes.fr\/people\/magazine\/3240556-actu-people-france-septembre-semaine-2-amanda-lear-camille-cerf\/3240722-jean-marie-bigard\" class=\"app_button_nav_next jMiddleNextButton\" rel=\"nofollow noopener\" target=\"_blank\"><\/a><\/p>\n<p>                <img loading=\"lazy\" decoding=\"async\" src=\"https:\/\/www.europesays.com\/fr\/wp-content\/uploads\/2025\/09\/40046061.jpeg\" alt=\"\" width=\"250\" height=\"458\"\/><br \/>\n            <a href=\"https:\/\/img-3.journaldesfemmes.fr\/vqDYtjp6V9xCFusH-iBKnwekDdI=\/651x\/smart\/8b89f56be6494298aa34c11ba803f7d1\/ccmcms-jdf\/40046061.jpeg\" class=\"fancy app_btn_1 app_btn--ico\" rel=\"nofollow noopener\" target=\"_blank\"><\/a>Carla Bruni \u00a9\u00a0Ik Aldama\/DPA\/SIPA    <\/p>\n<p><strong>Indulgence<\/strong>. Giulia, la fille de 13 ans de Carla Bruni et de Nicolas Sarkozy, est tr\u00e8s populaire sur TikTok et Instagram mais sa m\u00e8re n&rsquo;envisage pas du tout de l&#8217;emp\u00eacher d&rsquo;\u00eatre trop pr\u00e9sente sur les r\u00e9seaux sociaux. \u00ab\u00a0(Les adolescents) aiment (les r\u00e9seaux) vous savez\u00a0? Elle travaille \u00e0 l&rsquo;\u00e9cole, elle fait beaucoup d&rsquo;\u00e9quitation. Je ne sais pas si je peux lui enlever des choses qu&rsquo;elle aime (&#8230;) Je me sentirais mal de lui interdire de jouer et de s&rsquo;amuser. Donc j&rsquo;essaye de le doser, mais je ne veux pas le couper compl\u00e8tement, car ce n&rsquo;est pas respectueux, ce sont ses go\u00fbts\u00a0\u00bb, a confi\u00e9 la chanteuse de 57 ans lors d&rsquo;une interview accord\u00e9e \u00e0\u00a0la pr\u00e9sentatrice chinoise Jin Xing publi\u00e9e sur YouTube.<\/p>\n","protected":false},"excerpt":{"rendered":"Carla Bruni \u00a9\u00a0Ik Aldama\/DPA\/SIPA Indulgence. Giulia, la fille de 13 ans de Carla Bruni et de Nicolas Sarkozy,&hellip;\n","protected":false},"author":2,"featured_media":380348,"comment_status":"","ping_status":"","sticky":false,"template":"","format":"standard","meta":{"footnotes":""},"categories":[1355],"tags":[58,59,1011,27,1361,873],"class_list":{"0":"post-380347","1":"post","2":"type-post","3":"status-publish","4":"format-standard","5":"has-post-thumbnail","7":"category-musique","8":"tag-divertissement","9":"tag-entertainment","10":"tag-fr","11":"tag-france","12":"tag-music","13":"tag-musique"},"share_on_mastodon":{"url":"https:\/\/pubeurope.com\/@fr\/115180245581818372","error":""},"_links":{"self":[{"href":"https:\/\/www.europesays.com\/fr\/wp-json\/wp\/v2\/posts\/380347","targetHints":{"allow":["GET"]}}],"collection":[{"href":"https:\/\/www.europesays.com\/fr\/wp-json\/wp\/v2\/posts"}],"about":[{"href":"https:\/\/www.europesays.com\/fr\/wp-json\/wp\/v2\/types\/post"}],"author":[{"embeddable":true,"href":"https:\/\/www.europesays.com\/fr\/wp-json\/wp\/v2\/users\/2"}],"replies":[{"embeddable":true,"href":"https:\/\/www.europesays.com\/fr\/wp-json\/wp\/v2\/comments?post=380347"}],"version-history":[{"count":0,"href":"https:\/\/www.europesays.com\/fr\/wp-json\/wp\/v2\/posts\/380347\/revisions"}],"wp:featuredmedia":[{"embeddable":true,"href":"https:\/\/www.europesays.com\/fr\/wp-json\/wp\/v2\/media\/380348"}],"wp:attachment":[{"href":"https:\/\/www.europesays.com\/fr\/wp-json\/wp\/v2\/media?parent=380347"}],"wp:term":[{"taxonomy":"category","embeddable":true,"href":"https:\/\/www.europesays.com\/fr\/wp-json\/wp\/v2\/categories?post=380347"},{"taxonomy":"post_tag","embeddable":true,"href":"https:\/\/www.europesays.com\/fr\/wp-json\/wp\/v2\/tags?post=380347"}],"curies":[{"name":"wp","href":"https:\/\/api.w.org\/{rel}","templated":true}]}}