{"id":380351,"date":"2025-09-10T13:31:12","date_gmt":"2025-09-10T13:31:12","guid":{"rendered":"https:\/\/www.europesays.com\/fr\/380351\/"},"modified":"2025-09-10T13:31:12","modified_gmt":"2025-09-10T13:31:12","slug":"gastro-enterite-pourquoi-la-rentree-provoque-un-pic-inquietant-chez-les-enfants","status":"publish","type":"post","link":"https:\/\/www.europesays.com\/fr\/380351\/","title":{"rendered":"Gastro-ent\u00e9rite : pourquoi la rentr\u00e9e provoque un pic inqui\u00e9tant chez les enfants"},"content":{"rendered":"<p>\u00c0 chaque nouvelle rentr\u00e9e, alors que les maisons r\u00e9sonnent \u00e0 nouveau du son des r\u00e9veils matinaux et que les parents pr\u00e9parent les cartables en anticipant les retrouvailles, un invit\u00e9 ind\u00e9sirable refait surface : la gastro-ent\u00e9rite. Ph\u00e9nom\u00e8ne bien connu des familles fran\u00e7aises, son pic annuel intrigue autant qu&rsquo;il inqui\u00e8te. Pourquoi, d\u00e8s septembre, cette maladie semble-t-elle prendre d&rsquo;assaut les enfants, transformant parfois la joie des retrouvailles en casse-t\u00eate familial ? Derri\u00e8re ce constat se cachent des <strong>causes multiples<\/strong>, parfois insoup\u00e7onn\u00e9es, qui font de la rentr\u00e9e une p\u00e9riode charni\u00e8re pour la sant\u00e9 des plus jeunes.<\/p>\n<p>Le retour en classe : un terrain de jeu r\u00eav\u00e9 pour les virus<br \/>\nChahut dans les couloirs, \u00e9changes de virus assur\u00e9s<\/p>\n<p>Le retour dans l&rsquo;enceinte scolaire, apr\u00e8s deux mois de s\u00e9paration, voit se multiplier les accolades, les jeux partag\u00e9s et les bavardages rapproch\u00e9s. Pour les virus et bact\u00e9ries en qu\u00eate de nouveaux h\u00f4tes, c&rsquo;est une <strong>v\u00e9ritable aubaine<\/strong>. Chaque objet \u00e9chang\u00e9 \u2013 gommes, stylos, bouteilles d&rsquo;eau \u2013 multiplie les occasions de transmission.<\/p>\n<p>Nouveaux camarades, nouvelles bact\u00e9ries : la diversit\u00e9 microbienne en action<\/p>\n<p>\u00c0 la rentr\u00e9e, les classes accueillent parfois de nouveaux \u00e9l\u00e8ves, venus d&rsquo;autres horizons, enrichissant au passage la <strong>diversit\u00e9 microbienne<\/strong> pr\u00e9sente dans l&rsquo;\u00e9tablissement. Ce brassage favorise l&rsquo;introduction de souches virales in\u00e9dites, parfois plus virulentes, auxquelles l&rsquo;organisme des enfants n&rsquo;a pas toujours \u00e9t\u00e9 confront\u00e9 auparavant.<\/p>\n<p>Le syst\u00e8me immunitaire des enfants, fragile \u00e0 la rentr\u00e9e ?<br \/>\nL&rsquo;\u00e9t\u00e9, une pause pour l&rsquo;exposition aux germes<\/p>\n<p>Durant les grandes vacances, les enfants passent davantage de temps \u00e0 l&rsquo;ext\u00e9rieur, moins confin\u00e9s dans des endroits clos et bond\u00e9s, ce qui limite leur exposition aux germes courants des collectivit\u00e9s. R\u00e9sultat : au retour, leur <strong>syst\u00e8me immunitaire<\/strong> peut s&rsquo;av\u00e9rer moins \u00ab entra\u00een\u00e9 \u00bb, rendant l&rsquo;invasion virale plus facile.<\/p>\n<p>De la plage \u00e0 la cour d&rsquo;\u00e9cole : un choc pour l&rsquo;organisme<\/p>\n<p>Le passage soudain d&rsquo;un rythme estival, souvent plus paisible et sain, \u00e0 l&rsquo;environnement dense, bruyant et ferm\u00e9 de l&rsquo;\u00e9cole constitue une <strong>v\u00e9ritable \u00e9preuve<\/strong> pour l&rsquo;organisme. Le stress de la reprise, la fatigue de la rentr\u00e9e, tout concourt \u00e0 fragiliser les d\u00e9fenses naturelles des enfants, ouvrant ainsi grand la porte \u00e0 la gastro-ent\u00e9rite.<\/p>\n<p> Des gestes barri\u00e8res en berne d\u00e8s septembre<br \/>\nReprise du quotidien : oublis et rel\u00e2chements des bonnes habitudes<\/p>\n<p>Apr\u00e8s l&rsquo;\u00e9t\u00e9, la routine des gestes barri\u00e8res \u2013 lavage de mains, mouchoirs jetables, d\u00e9sinfection \u2013 peut rapidement s&rsquo;effriter. Le temps presse, les habitudes sont chamboul\u00e9es, et le rappel des <strong>bons r\u00e9flexes<\/strong> passe facilement au second plan, notamment chez les plus jeunes.<\/p>\n<p>Les plus jeunes, champions des transmissions involontaires<\/p>\n<p>Chez les enfants en bas \u00e2ge, l&rsquo;hygi\u00e8ne n&rsquo;est pas un automatisme. Le partage de jouets, le contact rapproch\u00e9 et parfois m\u00eame le go\u00fbter \u00e0 plusieurs mains sont autant de situations qui <strong>favorisent le passage<\/strong> des virus d&rsquo;un enfant \u00e0 l&rsquo;autre, parfois en quelques heures \u00e0 peine.<\/p>\n<p>Les cr\u00e8ches et \u00e9coles primaires, foyers de contamination redoutables<br \/>\n Manque d&rsquo;hygi\u00e8ne ou simples fatalit\u00e9s ?<\/p>\n<p>Malgr\u00e9 la vigilance du personnel \u00e9ducatif, la promiscuit\u00e9 extr\u00eame dans les cr\u00e8ches et \u00e9coles maternelles rend la diss\u00e9mination des virus presque in\u00e9vitable. Il suffit d&rsquo;un enfant infect\u00e9 pour que, tr\u00e8s vite, les autres soient expos\u00e9s au m\u00eame <strong>agent pathog\u00e8ne<\/strong>. Le taux d&rsquo;attaque de la gastro-ent\u00e9rite dans ces structures fr\u00f4le parfois les 40 % d\u00e8s les premi\u00e8res semaines de septembre.<\/p>\n<p> Pourquoi les tout-petits sont les plus expos\u00e9s<\/p>\n<p>Moins attentifs \u00e0 l&rsquo;hygi\u00e8ne et plus enclins \u00e0 porter les mains \u00e0 la bouche, les jeunes enfants sont des <strong>vecteurs id\u00e9aux<\/strong> pour la gastro-ent\u00e9rite. Leur syst\u00e8me digestif, encore en pleine maturation, est \u00e9galement plus vuln\u00e9rable aux attaques de microbes nouvellement introduits dans le groupe.<\/p>\n<p>Sympt\u00f4mes et cons\u00e9quences : quand la gastro chamboule la famille<br \/>\n Reconna\u00eetre les signaux d&rsquo;alerte d\u00e8s les premiers jours<\/p>\n<p>La gastro-ent\u00e9rite se manifeste par des signes souvent soudains : vomissements, diarrh\u00e9es aigu\u00ebs, douleurs abdominales, parfois accompagn\u00e9s de fi\u00e8vre. Chez l&rsquo;enfant, la <strong>d\u00e9shydratation<\/strong> s&rsquo;installe rapidement et doit alerter d\u00e8s les premiers sympt\u00f4mes.<\/p>\n<p> L&rsquo;impact sur l&rsquo;organisation familiale et la scolarit\u00e9<\/p>\n<p>Outre la g\u00eane pour l&rsquo;enfant malade, la gastro-ent\u00e9rite bouleverse le quotidien : arr\u00eats de travail impr\u00e9vus pour les parents, absences scolaires, fatigue g\u00e9n\u00e9rale\u2026 Un <strong>cercle vicieux<\/strong> parfois difficile \u00e0 enrayer, qui retarde aussi, pour certains, le retour \u00e0 un rythme serein post-rentr\u00e9e.<\/p>\n<p> Peut-on \u00e9viter l&rsquo;\u00e9pid\u00e9mie ? Conseils pratiques pour une rentr\u00e9e moins malade<br \/>\n Adopter (et rappeler !) les bons r\u00e9flexes en famille et \u00e0 l&rsquo;\u00e9cole<\/p>\n<p><strong>Le lavage r\u00e9gulier des mains<\/strong>, avant les <a href=\"https:\/\/journaldesseniors.20minutes.fr\/cuisine\/pourquoi-toujours-faim-apres-mange-certains-aliments-fringales\/\" target=\"_blank\" rel=\"nofollow noopener\">repas<\/a> et apr\u00e8s chaque passage aux toilettes, reste l&rsquo;arme la plus efficace. \u00c0 la maison comme \u00e0 l&rsquo;\u00e9cole, il est essentiel de rappeler ces gestes et de les int\u00e9grer au quotidien. Utiliser des mouchoirs \u00e0 usage unique, \u00e9viter de partager les gourdes ou les couverts, sont autant de r\u00e9flexes simples mais essentiels.<\/p>\n<p> Le r\u00f4le central des \u00e9tablissements dans la pr\u00e9vention<\/p>\n<p>Les \u00e9coles et cr\u00e8ches ont un r\u00f4le d\u00e9terminant : rappeler les r\u00e8gles d&rsquo;hygi\u00e8ne d\u00e8s la rentr\u00e9e, veiller \u00e0 la propret\u00e9 des locaux et au <strong>renouvellement fr\u00e9quent<\/strong> de l&rsquo;air. Des campagnes de sensibilisation aupr\u00e8s des familles peuvent \u00e9galement limiter la propagation. L&rsquo;objectif : diminuer au maximum les cha\u00eenes de contamination d\u00e8s septembre.<\/p>\n<p>L&rsquo;apr\u00e8s-pic : le\u00e7ons \u00e0 tirer et pistes pour mieux prot\u00e9ger les enfants<br \/>\n Synth\u00e8se des causes du pic de septembre<\/p>\n<p>L&rsquo;augmentation brutale des cas de gastro-ent\u00e9rite en septembre s&rsquo;explique par un ensemble de facteurs : <strong>reprise de la vie collective<\/strong>, syst\u00e8mes immunitaires moins sollicit\u00e9s pendant l&rsquo;\u00e9t\u00e9, rel\u00e2chement des gestes barri\u00e8res et environnement propice \u00e0 la circulation des virus. Ce cocktail fait de la rentr\u00e9e un moment cl\u00e9, o\u00f9 la vigilance doit \u00eatre renforc\u00e9e.<\/p>\n<p>Vers une rentr\u00e9e plus sereine : solutions \u00e0 explorer et vigilance au fil de l&rsquo;ann\u00e9e<\/p>\n<p>Pour amoindrir le pic de septembre, il convient de sensibiliser en amont, et de poursuivre les efforts tout au long de l&rsquo;ann\u00e9e. Encourager les enfants \u00e0 adopter des <strong>routines hygi\u00e9niques<\/strong>, impliquer les parents, et soutenir la formation continue du personnel \u00e9ducatif sont des leviers concrets. Rester attentif, c&rsquo;est aussi offrir aux enfants un environnement plus sain et, plus largement, prot\u00e9ger toute la communaut\u00e9.<\/p>\n<p>Chaque rentr\u00e9e scolaire rappelle que la lutte contre la gastro-ent\u00e9rite doit \u00eatre collective, constante et adapt\u00e9e \u00e0 l&rsquo;\u00e2ge de chacun. Maintenant que nous comprenons mieux pourquoi septembre favorise cette recrudescence, il est temps d&rsquo;agir ensemble pour transformer ce pic \u00e9pid\u00e9mique en simple ph\u00e9nom\u00e8ne contr\u00f4lable, et garantir ainsi \u00e0 nos enfants une rentr\u00e9e plus apais\u00e9e et en meilleure sant\u00e9.<\/p>\n","protected":false},"excerpt":{"rendered":"\u00c0 chaque nouvelle rentr\u00e9e, alors que les maisons r\u00e9sonnent \u00e0 nouveau du son des r\u00e9veils matinaux et que&hellip;\n","protected":false},"author":2,"featured_media":380352,"comment_status":"","ping_status":"","sticky":false,"template":"","format":"standard","meta":{"footnotes":""},"categories":[10],"tags":[1011,27,72,56,71],"class_list":{"0":"post-380351","1":"post","2":"type-post","3":"status-publish","4":"format-standard","5":"has-post-thumbnail","7":"category-sante","8":"tag-fr","9":"tag-france","10":"tag-health","11":"tag-push","12":"tag-sante"},"share_on_mastodon":{"url":"https:\/\/pubeurope.com\/@fr\/115180252930655820","error":""},"_links":{"self":[{"href":"https:\/\/www.europesays.com\/fr\/wp-json\/wp\/v2\/posts\/380351","targetHints":{"allow":["GET"]}}],"collection":[{"href":"https:\/\/www.europesays.com\/fr\/wp-json\/wp\/v2\/posts"}],"about":[{"href":"https:\/\/www.europesays.com\/fr\/wp-json\/wp\/v2\/types\/post"}],"author":[{"embeddable":true,"href":"https:\/\/www.europesays.com\/fr\/wp-json\/wp\/v2\/users\/2"}],"replies":[{"embeddable":true,"href":"https:\/\/www.europesays.com\/fr\/wp-json\/wp\/v2\/comments?post=380351"}],"version-history":[{"count":0,"href":"https:\/\/www.europesays.com\/fr\/wp-json\/wp\/v2\/posts\/380351\/revisions"}],"wp:featuredmedia":[{"embeddable":true,"href":"https:\/\/www.europesays.com\/fr\/wp-json\/wp\/v2\/media\/380352"}],"wp:attachment":[{"href":"https:\/\/www.europesays.com\/fr\/wp-json\/wp\/v2\/media?parent=380351"}],"wp:term":[{"taxonomy":"category","embeddable":true,"href":"https:\/\/www.europesays.com\/fr\/wp-json\/wp\/v2\/categories?post=380351"},{"taxonomy":"post_tag","embeddable":true,"href":"https:\/\/www.europesays.com\/fr\/wp-json\/wp\/v2\/tags?post=380351"}],"curies":[{"name":"wp","href":"https:\/\/api.w.org\/{rel}","templated":true}]}}