{"id":380353,"date":"2025-09-10T13:32:11","date_gmt":"2025-09-10T13:32:11","guid":{"rendered":"https:\/\/www.europesays.com\/fr\/380353\/"},"modified":"2025-09-10T13:32:11","modified_gmt":"2025-09-10T13:32:11","slug":"vincent-labrune-en-passe-de-quitter-son-poste","status":"publish","type":"post","link":"https:\/\/www.europesays.com\/fr\/380353\/","title":{"rendered":"Vincent Labrune en passe de quitter son poste"},"content":{"rendered":"<p><a href=\"https:\/\/www.footmercato.net\/a7875415975550377372-lens-la-nouvelle-sortie-incendiaire-de-joseph-oughourlian-contre-la-lfp-et-vincent-labrune\" rel=\"nofollow noopener\" target=\"_blank\">Le climat au sein de la Ligue de football professionnel (LFP) semble de plus en plus tendu<\/a>, et Vincent Labrune pourrait bient\u00f4t c\u00e9der son poste. Apr\u00e8s un \u00e9t\u00e9 marqu\u00e9 par le lancement de la plateforme Ligue 1+ et les conflits avec beIN Sports et Canal+, la question de la gouvernance de la LFP a \u00e9t\u00e9 relanc\u00e9e avec force suite aux critiques de Frank McCourt, propri\u00e9taire de l\u2019OM, et de Joseph Oughourlian, pr\u00e9sident du RC <a href=\"https:\/\/www.footmercato.net\/club\/racing-club-de-lens\/\" rel=\"nofollow noopener\" target=\"_blank\">Lens<\/a>. Les deux dirigeants ont d\u00e9nonc\u00e9 l\u2019influence suppos\u00e9e de Nasser al-Khela\u00effi et le manque de r\u00e9sultats financiers du pr\u00e9sident de la LFP, soulignant notamment l\u2019\u00e9cart entre les promesses de droits t\u00e9l\u00e9vis\u00e9s et les revenus r\u00e9ellement per\u00e7us, ainsi que l\u2019explosion des frais de fonctionnement de l\u2019instance. Selon eux, la Ligue ne repr\u00e9sente plus efficacement les clubs et ses r\u00e9sultats t\u00e9moignent d\u2019un \u00e9chec flagrant.<\/p>\n<p>            La suite apr\u00e8s cette publicit\u00e9<\/p>\n<p>Cette situation intervient alors que Labrune, lass\u00e9, souhaiterait quitter ses fonctions depuis un certain temps selon L\u2019\u00c9quipe, tout comme son directeur g\u00e9n\u00e9ral Arnaud Rouger. Ce d\u00e9part pourrait se faire naturellement avec la r\u00e9forme de la gouvernance du football fran\u00e7ais, qui vise \u00e0 transformer la Ligue en \u00ab soci\u00e9t\u00e9 de clubs \u00bb et \u00e0 renforcer le pouvoir de la FFF. Cependant, <a href=\"https:\/\/www.footmercato.net\/a370104501516842314-droits-tv-bein-sports-dezingue-nicolas-de-tavernost-et-la-lfp\" rel=\"nofollow noopener\" target=\"_blank\">l\u2019opposition scrute l\u2019Assembl\u00e9e g\u00e9n\u00e9rale et le conseil d\u2019administration<\/a>, particuli\u00e8rement les votes sur le remplacement de trois membres du CA, pour tenter d\u2019acc\u00e9l\u00e9rer le processus. M\u00eame si le contexte donne des arguments \u00e0 ceux qui souhaitent un changement rapide, la majorit\u00e9 n\u00e9cessaire pour destituer Labrune n\u2019est pas encore assur\u00e9e, et certains fid\u00e8les restent encore attach\u00e9s au pr\u00e9sident actuel.<\/p>\n<p>\n    Pub. le 10\/09\/2025 14:29<br \/>\n            &#8211; MAJ le 10\/09\/2025 15:26\n    <\/p>\n","protected":false},"excerpt":{"rendered":"Le climat au sein de la Ligue de football professionnel (LFP) semble de plus en plus tendu, et&hellip;\n","protected":false},"author":2,"featured_media":380354,"comment_status":"","ping_status":"","sticky":false,"template":"","format":"standard","meta":{"footnotes":""},"categories":[9],"tags":[1011,27,60],"class_list":{"0":"post-380353","1":"post","2":"type-post","3":"status-publish","4":"format-standard","5":"has-post-thumbnail","7":"category-sports","8":"tag-fr","9":"tag-france","10":"tag-sports"},"share_on_mastodon":{"url":"https:\/\/pubeurope.com\/@fr\/115180256873736265","error":""},"_links":{"self":[{"href":"https:\/\/www.europesays.com\/fr\/wp-json\/wp\/v2\/posts\/380353","targetHints":{"allow":["GET"]}}],"collection":[{"href":"https:\/\/www.europesays.com\/fr\/wp-json\/wp\/v2\/posts"}],"about":[{"href":"https:\/\/www.europesays.com\/fr\/wp-json\/wp\/v2\/types\/post"}],"author":[{"embeddable":true,"href":"https:\/\/www.europesays.com\/fr\/wp-json\/wp\/v2\/users\/2"}],"replies":[{"embeddable":true,"href":"https:\/\/www.europesays.com\/fr\/wp-json\/wp\/v2\/comments?post=380353"}],"version-history":[{"count":0,"href":"https:\/\/www.europesays.com\/fr\/wp-json\/wp\/v2\/posts\/380353\/revisions"}],"wp:featuredmedia":[{"embeddable":true,"href":"https:\/\/www.europesays.com\/fr\/wp-json\/wp\/v2\/media\/380354"}],"wp:attachment":[{"href":"https:\/\/www.europesays.com\/fr\/wp-json\/wp\/v2\/media?parent=380353"}],"wp:term":[{"taxonomy":"category","embeddable":true,"href":"https:\/\/www.europesays.com\/fr\/wp-json\/wp\/v2\/categories?post=380353"},{"taxonomy":"post_tag","embeddable":true,"href":"https:\/\/www.europesays.com\/fr\/wp-json\/wp\/v2\/tags?post=380353"}],"curies":[{"name":"wp","href":"https:\/\/api.w.org\/{rel}","templated":true}]}}