{"id":380355,"date":"2025-09-10T13:33:09","date_gmt":"2025-09-10T13:33:09","guid":{"rendered":"https:\/\/www.europesays.com\/fr\/380355\/"},"modified":"2025-09-10T13:33:09","modified_gmt":"2025-09-10T13:33:09","slug":"melanie-thierry-alex-lutz-aure-atika-lavant-premiere-sans-chichis-de-connemara","status":"publish","type":"post","link":"https:\/\/www.europesays.com\/fr\/380355\/","title":{"rendered":"M\u00e9lanie Thierry, Alex Lutz, Aure Atika&#8230; L&rsquo;avant-premi\u00e8re sans chichis de \u00ab\u00a0Connemara\u00a0\u00bb"},"content":{"rendered":"<p>Alex Lutz est de retour derri\u00e8re la cam\u00e9ra pour adapter le roman \u00ab\u00a0Connemara\u00a0\u00bb de Nicolas Mathieu, en salle ce mercredi 10\u00a0septembre. La veille de cette sortie, le casting du film s\u2019est r\u00e9uni\u00a0au cin\u00e9ma Path\u00e9 Wepler de Paris pour <a href=\"https:\/\/www.parismatch.com\/culture\/cinema\/connemara-la-critique-dun-film-aux-mauvaises-manieres-256772\" target=\"_blank\" rel=\"nofollow noopener\">pr\u00e9senter le film aux spectateurs<\/a>. Avant leur passage sur l\u2019estrade, les acteurs ont pris la pose sur le photocall, d\u00e9contract\u00e9s et souriants.<\/p>\n<p><a href=\"https:\/\/www.parismatch.com\/bio\/melanie-thierry\" target=\"_blank\" rel=\"nofollow noopener\">M\u00e9lanie Thierry<\/a>, le personnage principal du film, a mis\u00e9 sur une veste Jacquard sign\u00e9e Prada avec un jean large et des chaussures \u00e0 bouts pointus. \u00c0 ses c\u00f4t\u00e9s, <a href=\"https:\/\/www.parismatch.com\/bio\/bastien-bouillon\" target=\"_blank\" rel=\"nofollow noopener\">le com\u00e9dien Bastien Bouillon<\/a> a opt\u00e9 pour un look 100\u00a0% jean et quelques bagues aux doigts. Pour Alex Lutz, le classique costume noir a largement fait l\u2019affaire. D\u2019autres membres du casting ont souri face aux flashs, notamment Aure Atika, Lilas-Rose Gilberti ou encore\u00a0Laura Genovino.<\/p>\n<p>    La suite apr\u00e8s cette publicit\u00e9<\/p>\n<p>Alex Lutz, dix ans de r\u00e9alisation et de r\u00eaves<\/p>\n<p>Apr\u00e8s son premier essai en 2015 avec \u00ab\u00a0Le Talent de mes amis\u00a0\u00bb, Alex Lutz a d\u00e9finitivement pris go\u00fbt \u00e0 la r\u00e9alisation. Avec \u00e0 pr\u00e9sent cinq films \u00e0 son actif, le Strasbourgeois de 47\u00a0ans n\u2019a pas fini de faire r\u00eaver les Fran\u00e7ais avec ses productions po\u00e9tiques et romantiques.<\/p>\n<p>    La suite apr\u00e8s cette publicit\u00e9<\/p>\n<p>Que ses fans se rassurent, Alex Lutz n\u2019a pas pr\u00e9vu de ne plus appara\u00eetre face \u00e0 la cam\u00e9ra. Acteur principal de tous ses films, il est \u00e9galement \u00e0 l\u2019affiche de \u00ab\u00a0Fils de\u00a0\u00bb avec Fran\u00e7ois Cluzet et Karin Viard, depuis le 3\u00a0septembre dernier.<\/p>\n","protected":false},"excerpt":{"rendered":"Alex Lutz est de retour derri\u00e8re la cam\u00e9ra pour adapter le roman \u00ab\u00a0Connemara\u00a0\u00bb de Nicolas Mathieu, en salle&hellip;\n","protected":false},"author":2,"featured_media":380356,"comment_status":"","ping_status":"","sticky":false,"template":"","format":"standard","meta":{"footnotes":""},"categories":[8],"tags":[58,59,1011,27],"class_list":{"0":"post-380355","1":"post","2":"type-post","3":"status-publish","4":"format-standard","5":"has-post-thumbnail","7":"category-divertissement","8":"tag-divertissement","9":"tag-entertainment","10":"tag-fr","11":"tag-france"},"share_on_mastodon":{"url":"https:\/\/pubeurope.com\/@fr\/115180261005340924","error":""},"_links":{"self":[{"href":"https:\/\/www.europesays.com\/fr\/wp-json\/wp\/v2\/posts\/380355","targetHints":{"allow":["GET"]}}],"collection":[{"href":"https:\/\/www.europesays.com\/fr\/wp-json\/wp\/v2\/posts"}],"about":[{"href":"https:\/\/www.europesays.com\/fr\/wp-json\/wp\/v2\/types\/post"}],"author":[{"embeddable":true,"href":"https:\/\/www.europesays.com\/fr\/wp-json\/wp\/v2\/users\/2"}],"replies":[{"embeddable":true,"href":"https:\/\/www.europesays.com\/fr\/wp-json\/wp\/v2\/comments?post=380355"}],"version-history":[{"count":0,"href":"https:\/\/www.europesays.com\/fr\/wp-json\/wp\/v2\/posts\/380355\/revisions"}],"wp:featuredmedia":[{"embeddable":true,"href":"https:\/\/www.europesays.com\/fr\/wp-json\/wp\/v2\/media\/380356"}],"wp:attachment":[{"href":"https:\/\/www.europesays.com\/fr\/wp-json\/wp\/v2\/media?parent=380355"}],"wp:term":[{"taxonomy":"category","embeddable":true,"href":"https:\/\/www.europesays.com\/fr\/wp-json\/wp\/v2\/categories?post=380355"},{"taxonomy":"post_tag","embeddable":true,"href":"https:\/\/www.europesays.com\/fr\/wp-json\/wp\/v2\/tags?post=380355"}],"curies":[{"name":"wp","href":"https:\/\/api.w.org\/{rel}","templated":true}]}}