{"id":380357,"date":"2025-09-10T13:34:17","date_gmt":"2025-09-10T13:34:17","guid":{"rendered":"https:\/\/www.europesays.com\/fr\/380357\/"},"modified":"2025-09-10T13:34:17","modified_gmt":"2025-09-10T13:34:17","slug":"spotify-passe-a-laudio-lossless","status":"publish","type":"post","link":"https:\/\/www.europesays.com\/fr\/380357\/","title":{"rendered":"Spotify passe \u00e0 l&rsquo;audio Lossless"},"content":{"rendered":"<p>Apr\u00e8s des ann\u00e9es de rumeurs et d\u2019attente, c\u2019est enfin officiel : Spotify Premium int\u00e8gre d\u00e9sormais l\u2019audio Lossless.<\/p>\n<p><a href=\"https:\/\/images.frandroid.com\/wp-content\/uploads\/2021\/09\/logo-spotify.jpg\" target=\"_blank\" class=\"article-content__figure\" rel=\"nofollow noopener\"><img fetchpriority=\"high\" decoding=\"async\" loading=\"eager\" width=\"1200\" height=\"900\" src=\"https:\/\/www.europesays.com\/fr\/wp-content\/uploads\/2025\/09\/logo-spotify.jpg\" alt=\"Logo Spotify\" class=\"wp-image-1076003 wp-image wp-image\"  \/><\/a>Logo Spotify \/\/ Source : <a target=\"_blank\" href=\"https:\/\/unsplash.com\/photos\/JlO3-oY5ZlQ\" rel=\"nofollow noopener\">Alexander Shatov \u2013 Unsplash<\/a><\/p>\n<p>Quatre ans, c\u2019est le temps qu\u2019il aura fallu attendre depuis la <a href=\"https:\/\/www.frandroid.com\/produits-android\/audio\/2011820_spotify-se-prepare-a-laudio-lossless-tout-ce-quon-sait-sur-spotify-hifi\" rel=\"nofollow noopener\" target=\"_blank\">premi\u00e8re annonce de Spotify Hi-Fi<\/a> pour enfin voir le <a href=\"https:\/\/www.frandroid.com\/services\/streaming-musical\/288776_streaming-musical-offre-choisir\" rel=\"nofollow noopener\" target=\"_blank\">service de streaming musical<\/a> se doter d\u2019une meilleure qualit\u00e9 de streaming audio.<\/p>\n<p>Ce mercredi 10 septembre 2025, Spotify annonce l\u2019arriv\u00e9e du son audio Lossless sur <a href=\"https:\/\/www.frandroid.com\/telecharger\/apps\/spotify\" rel=\"nofollow noopener\" target=\"_blank\">Spotify<\/a> Premium : \u00ab L\u2019attente est enfin termin\u00e9e ; nous sommes ravis que le son sans perte soit d\u00e9sormais disponible pour les abonn\u00e9s Premium \u00bb a d\u00e9clar\u00e9 Gustav Gyllenhammar, responsable des abonnements chez Spotify.<\/p>\n<p>Comment activer l\u2019audio Lossless ?<\/p>\n<p>Pour profiter du son de qualit\u00e9 superieur, il suffit donc d\u2019\u00eatre abonn\u00e9 \u00e0 Spotify Premium. Le service ne cr\u00e9e pas un nouveau niveau d\u2019abonnement plus cher, et il faut le souligner.<\/p>\n<p>                <img decoding=\"async\" width=\"1200\" height=\"446\" loading=\"lazy\" alt=\"AVS21611OB_Image_1325x492\" title=\"AVS21611OB_Image_1325x492\" class=\"is-radiusless placeholder-default wp-image\" src=\"https:\/\/www.europesays.com\/fr\/wp-content\/uploads\/2025\/09\/avs21611ob-image-1325x492-1-1200x446.jpg\" \/>            <\/p>\n<p>\n                    Renforcez la s\u00e9curit\u00e9 en ligne de vos enfants \u00e0 la rentr\u00e9e                <\/p>\n<p class=\"has-text-weight-medium is-size-6 is-line-height-normal\">\n                    Naviguez l\u2019esprit plus libre : profitez d\u2019un VPN rapide et s\u00e9curis\u00e9, d\u2019une d\u00e9tection des escroqueries et de fonctionnalit\u00e9s de contr\u00f4le parental.                <\/p>\n<p>Avec cette option, vous b\u00e9n\u00e9ficiez d\u2019un son <strong>24-bit\/44.1 kHz FLAC<\/strong>.<\/p>\n<p>L\u2019activation se fait directement depuis l\u2019application Spotify, en choisissant \u00ab Lossless \u00bb dans les param\u00e8tres de l\u2019application, \u00e0 la rubrique qualit\u00e9 audio.<\/p>\n<p><a href=\"https:\/\/images.frandroid.com\/wp-content\/uploads\/2025\/09\/image-30-7.jpg\" target=\"_blank\" class=\"article-content__figure\" rel=\"nofollow noopener\"><img loading=\"lazy\" decoding=\"async\" width=\"1200\" height=\"675\" src=\"https:\/\/www.europesays.com\/fr\/wp-content\/uploads\/2025\/09\/image-30-7-1200x675.jpg\" alt=\"\" class=\"wp-image-2790845 wp-image\"  \/><\/a><\/p>\n<p>Cette activation devra se faire individuellement sur chaque appareil et un indicateur apparaitra \u00e0 l\u2019\u00e9cran pour les musiques compatibles.<\/p>\n<p>Spotify annonce \u00e9galement une compatibilit\u00e9 avec les appareils Sony, Bose, Samsung et Sennheiser avec Spotify Connect. Les appareils Sonos et Amazon rejoindront cette liste le mois prochain.<\/p>\n<p>D\u00e9ploiement en cours<\/p>\n<p>L\u2019audio Lossless sur Spotify concernera 50 march\u00e9s dans le monde avec un d\u00e9ploiement pr\u00e9vu jusqu\u2019au bout du mois d\u2019octobre.<\/p>\n<p class=\"shortcode-container see-more\">\n    \u00c0 lire aussi : <br \/><a href=\"https:\/\/www.frandroid.com\/services\/streaming-musical\/288776_streaming-musical-offre-choisir\" rel=\"nofollow noopener\" target=\"_blank\">Spotify vs Deezer vs Apple Music\u2026 : quelle plateforme de streaming musical choisir en 2025 ?<\/a>\n<\/p>\n<p>Certaines r\u00e9gions comme le Royaume-Uni, les \u00c9tats-Unis, l\u2019Allemagne, le Japon ou le Portugal peuvent d\u00e9j\u00e0 en b\u00e9n\u00e9ficier. La France n\u2019est pas mentionn\u00e9e. Nous n\u2019avons pas constat\u00e9 l\u2019option sur nos abonnements Spotfiy \u00e0 la r\u00e9daction pour le moment.<\/p>\n","protected":false},"excerpt":{"rendered":"Apr\u00e8s des ann\u00e9es de rumeurs et d\u2019attente, c\u2019est enfin officiel : Spotify Premium int\u00e8gre d\u00e9sormais l\u2019audio Lossless. Logo&hellip;\n","protected":false},"author":2,"featured_media":380358,"comment_status":"","ping_status":"","sticky":false,"template":"","format":"standard","meta":{"footnotes":""},"categories":[7],"tags":[270,1011,27,43,40,41,39,6852,42,44],"class_list":{"0":"post-380357","1":"post","2":"type-post","3":"status-publish","4":"format-standard","5":"has-post-thumbnail","7":"category-sciences-et-technologies","8":"tag-breaking","9":"tag-fr","10":"tag-france","11":"tag-science","12":"tag-science-and-technology","13":"tag-sciences","14":"tag-sciences-et-technologies","15":"tag-spotify","16":"tag-technologies","17":"tag-technology"},"share_on_mastodon":{"url":"https:\/\/pubeurope.com\/@fr\/115180265176222370","error":""},"_links":{"self":[{"href":"https:\/\/www.europesays.com\/fr\/wp-json\/wp\/v2\/posts\/380357","targetHints":{"allow":["GET"]}}],"collection":[{"href":"https:\/\/www.europesays.com\/fr\/wp-json\/wp\/v2\/posts"}],"about":[{"href":"https:\/\/www.europesays.com\/fr\/wp-json\/wp\/v2\/types\/post"}],"author":[{"embeddable":true,"href":"https:\/\/www.europesays.com\/fr\/wp-json\/wp\/v2\/users\/2"}],"replies":[{"embeddable":true,"href":"https:\/\/www.europesays.com\/fr\/wp-json\/wp\/v2\/comments?post=380357"}],"version-history":[{"count":0,"href":"https:\/\/www.europesays.com\/fr\/wp-json\/wp\/v2\/posts\/380357\/revisions"}],"wp:featuredmedia":[{"embeddable":true,"href":"https:\/\/www.europesays.com\/fr\/wp-json\/wp\/v2\/media\/380358"}],"wp:attachment":[{"href":"https:\/\/www.europesays.com\/fr\/wp-json\/wp\/v2\/media?parent=380357"}],"wp:term":[{"taxonomy":"category","embeddable":true,"href":"https:\/\/www.europesays.com\/fr\/wp-json\/wp\/v2\/categories?post=380357"},{"taxonomy":"post_tag","embeddable":true,"href":"https:\/\/www.europesays.com\/fr\/wp-json\/wp\/v2\/tags?post=380357"}],"curies":[{"name":"wp","href":"https:\/\/api.w.org\/{rel}","templated":true}]}}