{"id":380359,"date":"2025-09-10T13:35:14","date_gmt":"2025-09-10T13:35:14","guid":{"rendered":"https:\/\/www.europesays.com\/fr\/380359\/"},"modified":"2025-09-10T13:35:14","modified_gmt":"2025-09-10T13:35:14","slug":"novo-nordisk-va-supprimer-9-000-emplois-dans-le-cadre-de-sa-restructuration-10-09-2025-a-1230","status":"publish","type":"post","link":"https:\/\/www.europesays.com\/fr\/380359\/","title":{"rendered":"Novo Nordisk va supprimer 9.000 emplois dans le cadre de sa restructuration &#8211; 10\/09\/2025 \u00e0 12:30"},"content":{"rendered":"<p>        <img fetchpriority=\"high\" decoding=\"async\" src=\"https:\/\/www.europesays.com\/fr\/wp-content\/uploads\/2025\/09\/cfa070a3a571b9d9ea140ec17d75553a-760x506.jpg\" alt=\"Une vue montre un panneau Novo Nordisk \u00e0 l'ext\u00e9rieur de ses bureaux \u00e0 Bagsvaerd, dans la banlieue de Copenhague\" loading=\"eager\" width=\"760\" height=\"506\" style=\"max-width: 100%!important; height: auto;\"\/><\/p>\n<p class=\"c-image-news__legend\">Une vue montre un panneau Novo Nordisk \u00e0 l&rsquo;ext\u00e9rieur de ses bureaux \u00e0 Bagsvaerd, dans la banlieue de Copenhague<\/p>\n<p>\n La laboratoire danois Novo Nordisk va supprimer 9.000 emplois, soit 11,5% de ses effectifs, dans le cadre d&rsquo;une restructuration visant \u00e0 \u00e9conomiser huit milliards de couronnes danoises (1,07 milliard d&rsquo;euros) par an, a d\u00e9clar\u00e9 mercredi le fabricant du traitement amaigrissant Wegovy aux prises avec la concurrence accrue du g\u00e9ant am\u00e9ricain Eli Lilly.\n<\/p>\n<p>\n \u00ab\u00a0Novo Nordisk a annonc\u00e9 aujourd&rsquo;hui une transformation \u00e0 l&rsquo;\u00e9chelle de l&rsquo;entreprise visant \u00e0 simplifier son organisation, \u00e0 acc\u00e9l\u00e9rer la prise de d\u00e9cision et \u00e0 r\u00e9affecter ses ressources vers les opportunit\u00e9s de croissance de l&rsquo;entreprise dans le domaine du diab\u00e8te et de l&rsquo;ob\u00e9sit\u00e9\u00a0\u00bb, selon un communiqu\u00e9.\n<\/p>\n<p>\n Le groupe avait annonc\u00e9 en ao\u00fbt la mise en place d&rsquo;un gel des embauches au niveau mondial, concernant les postes non critiques pour son activit\u00e9.\n<\/p>\n<p>\n Cette r\u00e9organisation va engendrer toutefois des co\u00fbts exceptionnels de neuf milliards de couronnes au troisi\u00e8me trimestre, conduisant Novo Nordisk \u00e0 lancer un troisi\u00e8me avertissement sur r\u00e9sultats depuis le d\u00e9but de l\u2019ann\u00e9e.\n<\/p>\n<p>\n La croissance du b\u00e9n\u00e9fice op\u00e9rationnel est d\u00e9sormais attendue entre 4% et 10% en 2025, contre 19% \u00e0 27% auparavant.\n<\/p>\n<p>\n Le directeur g\u00e9n\u00e9ral Mike Doustdar, en poste depuis ao\u00fbt, a d\u00e9clar\u00e9 que cette transformation visait \u00e0 \u00ab\u00a0simplifier l\u2019organisation, acc\u00e9l\u00e9rer la prise de d\u00e9cision et r\u00e9affecter les ressources vers les domaines de croissance prioritaires\u00a0\u00bb.\n<\/p>\n<p>\n Selon lui, l\u2019\u00e9volution rapide du march\u00e9 de l\u2019ob\u00e9sit\u00e9, devenu \u00ab\u00a0plus comp\u00e9titif et plus centr\u00e9 sur le consommateur\u00a0\u00bb, impose une adaptation en profondeur de l\u2019entreprise.\n<\/p>\n<p>\n L\u2019annonce a d\u2019abord pes\u00e9 sur le titre Novo Nordisk, qui a chut\u00e9 de 3% \u00e0 l\u2019ouverture, avant de rebondir de 2,4% en s\u00e9ance. Depuis janvier, l\u2019action a recul\u00e9 de pr\u00e8s de 46%, faisant chuter la capitalisation boursi\u00e8re \u00e0 environ 181 milliards de dollars, loin de son sommet de 650 milliards atteint en 2023.\n<\/p>\n<p>\n Les suppressions de postes, dont 5.000 au Danemark, s\u2019ajoutent au gel mondial des embauches instaur\u00e9 en ao\u00fbt pour les postes non essentiels. Novo Nordisk a pr\u00e9cis\u00e9 qu\u2019une partie des \u00e9conomies serait r\u00e9investie dans la recherche et d\u00e9veloppement, l\u2019expansion des capacit\u00e9s industrielles et l\u2019acc\u00e8s des patients aux traitements.\n<\/p>\n<p>\n Cette r\u00e9duction des effectifs montre \u00ab\u00a0simplement que l&rsquo;entreprise passe d&rsquo;une p\u00e9riode de croissance rapide et d&#8217;embauches massives \u00e0 une nouvelle r\u00e9alit\u00e9 de croissance plus lente et qu&rsquo;elle s&rsquo;adapte d\u00e9sormais en cons\u00e9quence\u00a0\u00bb, souligne Soren Lontoft Hansen, analyste chez Sydbank.\n<\/p>\n<p>\n (R\u00e9dig\u00e9 par Louise Breusch Rasmussen, Jacob Gronholt-Pedersen, Soren Jeppesen et Stine Jacobsen version fran\u00e7aise No\u00e9mie Naudin, \u00e9dit\u00e9 par Augustin Turpin)<\/p>\n","protected":false},"excerpt":{"rendered":"Une vue montre un panneau Novo Nordisk \u00e0 l&rsquo;ext\u00e9rieur de ses bureaux \u00e0 Bagsvaerd, dans la banlieue de&hellip;\n","protected":false},"author":2,"featured_media":380360,"comment_status":"","ping_status":"","sticky":false,"template":"","format":"standard","meta":{"footnotes":""},"categories":[6],"tags":[400,398,408,35,405,33,34,1011,27,403,402,399,404,401,406,407],"class_list":{"0":"post-380359","1":"post","2":"type-post","3":"status-publish","4":"format-standard","5":"has-post-thumbnail","7":"category-economie","8":"tag-action-cac-40","9":"tag-bourse-de-paris","10":"tag-boursorama","11":"tag-business","12":"tag-cotations","13":"tag-economie","14":"tag-economy","15":"tag-fr","16":"tag-france","17":"tag-indices-devises","18":"tag-investir","19":"tag-investissement","20":"tag-marche-boursier","21":"tag-sicav","22":"tag-trackers","23":"tag-warrants"},"share_on_mastodon":{"url":"https:\/\/pubeurope.com\/@fr\/115180268859268686","error":""},"_links":{"self":[{"href":"https:\/\/www.europesays.com\/fr\/wp-json\/wp\/v2\/posts\/380359","targetHints":{"allow":["GET"]}}],"collection":[{"href":"https:\/\/www.europesays.com\/fr\/wp-json\/wp\/v2\/posts"}],"about":[{"href":"https:\/\/www.europesays.com\/fr\/wp-json\/wp\/v2\/types\/post"}],"author":[{"embeddable":true,"href":"https:\/\/www.europesays.com\/fr\/wp-json\/wp\/v2\/users\/2"}],"replies":[{"embeddable":true,"href":"https:\/\/www.europesays.com\/fr\/wp-json\/wp\/v2\/comments?post=380359"}],"version-history":[{"count":0,"href":"https:\/\/www.europesays.com\/fr\/wp-json\/wp\/v2\/posts\/380359\/revisions"}],"wp:featuredmedia":[{"embeddable":true,"href":"https:\/\/www.europesays.com\/fr\/wp-json\/wp\/v2\/media\/380360"}],"wp:attachment":[{"href":"https:\/\/www.europesays.com\/fr\/wp-json\/wp\/v2\/media?parent=380359"}],"wp:term":[{"taxonomy":"category","embeddable":true,"href":"https:\/\/www.europesays.com\/fr\/wp-json\/wp\/v2\/categories?post=380359"},{"taxonomy":"post_tag","embeddable":true,"href":"https:\/\/www.europesays.com\/fr\/wp-json\/wp\/v2\/tags?post=380359"}],"curies":[{"name":"wp","href":"https:\/\/api.w.org\/{rel}","templated":true}]}}