{"id":380361,"date":"2025-09-10T13:36:15","date_gmt":"2025-09-10T13:36:15","guid":{"rendered":"https:\/\/www.europesays.com\/fr\/380361\/"},"modified":"2025-09-10T13:36:15","modified_gmt":"2025-09-10T13:36:15","slug":"guerre-a-gaza-ursula-von-der-leyen-annonce-larret-de-tous-les-paiements-a-israel","status":"publish","type":"post","link":"https:\/\/www.europesays.com\/fr\/380361\/","title":{"rendered":"Guerre \u00e0 Gaza : Ursula von der Leyen annonce l&rsquo;arr\u00eat de \u00ab\u00a0tous les paiements\u00a0\u00bb \u00e0 Isra\u00ebl"},"content":{"rendered":"<p>\n  Par&amp;nbsp<b>Maia de la Beaume<\/b>\n<\/p>\n<p>\n                    Publi\u00e9 le                 10\/09\/2025 &#8211; 12:26 UTC+2<br \/>\n                \u2022Mis \u00e0 jour<br \/>\n                                     12:29\n                                        <\/p>\n<p>          <img decoding=\"async\" class=\"c-ad__placeholder__logo\" src=\"https:\/\/static.euronews.com\/website\/images\/logos\/logo-euronews-stacked-outlined-72x72-grey-9.svg\" width=\"72\" height=\"72\" alt=\"\" loading=\"lazy\"\/><br \/>\n          PUBLICIT\u00c9<\/p>\n<p>L&rsquo;Union europ\u00e9enne va interrompre son \u00ab\u00a0soutien bilat\u00e9ral\u00a0\u00bb \u00e0 Isra\u00ebl et partiellement suspendre les parties commerciales de <a href=\"https:\/\/fr.euronews.com\/my-europe\/2025\/06\/21\/gaza-un-rapport-de-lue-pointe-des-violations-des-droits-de-lhomme-disrael\" target=\"_blank\" rel=\"noopener\"><strong>son accord d&rsquo;association avec Tel-Aviv<\/strong><\/a>, annonce Ursula von der Leyen.<\/p>\n<p>Durant son discours sur l&rsquo;\u00e9tat de l&rsquo;Union, mercredi matin, la pr\u00e9sidente de la Commission europ\u00e9enne a d\u00e9nonc\u00e9 une \u00ab\u00a0famine provoqu\u00e9e par l&rsquo;homme\u00a0\u00bb \u00e0 Gaza et \u00ab\u00a0une tentative \u00e9vidente\u00a0\u00bb d&rsquo;Isra\u00ebl de \u00ab\u00a0saper la solution des deux \u00c9tats\u00a0\u00bb.<\/p>\n<p>\u00ab\u00a0Ce qui se passe \u00e0 Gaza est inacceptable\u00a0\u00bb, a-t-elle affirm\u00e9. \u00ab\u00a0L&rsquo;Europe doit montrer la voie, comme elle l&rsquo;a fait par le pass\u00e9\u00a0\u00bb.<\/p>\n<p>\u00c0 cette fin, Ursula von der Leyen propose de \u00ab\u00a0mettre en pause le soutien bilat\u00e9ral [de l&rsquo;UE] \u00e0 Isra\u00ebl\u00a0\u00bb, en suspendant \u00ab\u00a0tous les paiements\u00a0\u00bb \u00e0 l&rsquo;\u00c9tat h\u00e9breu, \u00e0 l&rsquo;exception des projets de la soci\u00e9t\u00e9 civile. <\/p>\n<p>Elle appelle \u00e9galement \u00e0 la suspension partielle de l&rsquo;accord d&rsquo;association entre l&rsquo;Union europ\u00e9enne et Isra\u00ebl \u00ab\u00a0sur les mesures li\u00e9es au commerce\u00a0\u00bb.<\/p>\n<p>Les \u00c9tats membres soutiendront-ils cette d\u00e9marche ?<\/p>\n<p>Au d\u00e9but de l&rsquo;ann\u00e9e, Bruxelles a d\u00e9cid\u00e9 de revoir son accord d&rsquo;association avec Isra\u00ebl, sign\u00e9 en 1995, en r\u00e9ponse aux actions men\u00e9es par Tsahal dans la bande de Gaza.<\/p>\n<p>La diplomate en chef de l&rsquo;UE, Kaja Kallas, a \u00e9galement pr\u00e9sent\u00e9 <a href=\"https:\/\/fr.euronews.com\/my-europe\/2025\/07\/05\/exclusif-lue-propose-cinq-options-concernant-les-violations-des-droits-de-lhomme-par-israe\" target=\"_blank\" rel=\"noopener\"><strong>plusieurs options pour sanctionner Isra\u00ebl<\/strong><\/a> et la Commission a r\u00e9cemment propos\u00e9 de suspendre partiellement Isra\u00ebl du programme de recherche et d&rsquo;innovation Horizon Europe de l&rsquo;UE.<\/p>\n<p>Mais aucun consensus n&rsquo;a \u00e9t\u00e9 atteint jusqu&rsquo;\u00e0 pr\u00e9sent en raison des profondes divisions en Europe, de nombreux pays tenant \u00e0 pr\u00e9server leurs relations avec Isra\u00ebl. <\/p>\n<p>La suspension des volets commerciaux de l&rsquo;accord d&rsquo;association n\u00e9cessiterait une majorit\u00e9 qualifi\u00e9e, et il est peu probable que de grands pays comme l&rsquo;Allemagne ou l&rsquo;Italie soutiennent cette d\u00e9marche.<\/p>\n<p>\u00ab\u00a0Je suis consciente qu&rsquo;il sera difficile de trouver des majorit\u00e9s\u00a0\u00bb, a d\u00e9clar\u00e9 Ursula von der Leyen mercredi, \u00ab\u00a0mais nous devons tous prendre nos responsabilit\u00e9s\u00a0\u00bb.<\/p>\n<p>Condamnation des violences en Cisjordanie<\/p>\n<p>La pr\u00e9sidente de la Commission a \u00e9galement promis des sanctions \u00e0 l&rsquo;encontre des \u00ab\u00a0ministres extr\u00e9mistes\u00a0\u00bb et des \u00ab\u00a0colons violents\u00a0\u00bb d&rsquo;Isra\u00ebl.<\/p>\n<p>De nombreux pays europ\u00e9ens, dont la Su\u00e8de et les Pays-Bas, ont d\u00e9j\u00e0 sanctionn\u00e9 Itamar Ben-Gvir et Bezalel Smotrich, deux ministres isra\u00e9liens qui ont incit\u00e9 \u00e0 plusieurs reprises \u00e0 la violence contre les Palestiniens en Cisjordanie occup\u00e9e.<\/p>\n<p>L&rsquo;Europe a \u00e9galement introduit des sanctions \u00e0 l&rsquo;encontre de personnes et d&rsquo;entit\u00e9s \u00ab\u00a0responsables de violations graves et syst\u00e9matiques des droits de l&rsquo;Homme \u00e0 l&rsquo;encontre des Palestiniens en Cisjordanie\u00a0\u00bb, selon le Conseil.<\/p>\n<p>Mais de nombreux responsables europ\u00e9ens et d&rsquo;ONG souhaitent que l&rsquo;UE en fasse plus, surtout depuis qu&rsquo;Isra\u00ebl a accept\u00e9 de poursuivre son <a href=\"https:\/\/fr.euronews.com\/2025\/08\/21\/israel-approuve-un-projet-controverse-de-colonisation-en-cisjordanie-mettant-en-danger-la-\" target=\"_blank\" rel=\"noopener\"><strong>projet controvers\u00e9 de colonie E1<\/strong><\/a> en Cisjordanie.<\/p>\n","protected":false},"excerpt":{"rendered":"Par&amp;nbspMaia de la Beaume Publi\u00e9 le 10\/09\/2025 &#8211; 12:26 UTC+2 \u2022Mis \u00e0 jour 12:29 PUBLICIT\u00c9 L&rsquo;Union europ\u00e9enne va&hellip;\n","protected":false},"author":2,"featured_media":380362,"comment_status":"","ping_status":"","sticky":false,"template":"","format":"standard","meta":{"footnotes":""},"categories":[5],"tags":[11,4628,2196,1011,27,14,664,12,28],"class_list":{"0":"post-380361","1":"post","2":"type-post","3":"status-publish","4":"format-standard","5":"has-post-thumbnail","7":"category-international","8":"tag-actualites","9":"tag-bande-de-gaza","10":"tag-commission-europeenne","11":"tag-fr","12":"tag-france","13":"tag-international","14":"tag-israel","15":"tag-news","16":"tag-world"},"share_on_mastodon":{"url":"https:\/\/pubeurope.com\/@fr\/115180272579747168","error":""},"_links":{"self":[{"href":"https:\/\/www.europesays.com\/fr\/wp-json\/wp\/v2\/posts\/380361","targetHints":{"allow":["GET"]}}],"collection":[{"href":"https:\/\/www.europesays.com\/fr\/wp-json\/wp\/v2\/posts"}],"about":[{"href":"https:\/\/www.europesays.com\/fr\/wp-json\/wp\/v2\/types\/post"}],"author":[{"embeddable":true,"href":"https:\/\/www.europesays.com\/fr\/wp-json\/wp\/v2\/users\/2"}],"replies":[{"embeddable":true,"href":"https:\/\/www.europesays.com\/fr\/wp-json\/wp\/v2\/comments?post=380361"}],"version-history":[{"count":0,"href":"https:\/\/www.europesays.com\/fr\/wp-json\/wp\/v2\/posts\/380361\/revisions"}],"wp:featuredmedia":[{"embeddable":true,"href":"https:\/\/www.europesays.com\/fr\/wp-json\/wp\/v2\/media\/380362"}],"wp:attachment":[{"href":"https:\/\/www.europesays.com\/fr\/wp-json\/wp\/v2\/media?parent=380361"}],"wp:term":[{"taxonomy":"category","embeddable":true,"href":"https:\/\/www.europesays.com\/fr\/wp-json\/wp\/v2\/categories?post=380361"},{"taxonomy":"post_tag","embeddable":true,"href":"https:\/\/www.europesays.com\/fr\/wp-json\/wp\/v2\/tags?post=380361"}],"curies":[{"name":"wp","href":"https:\/\/api.w.org\/{rel}","templated":true}]}}