{"id":380363,"date":"2025-09-10T13:38:12","date_gmt":"2025-09-10T13:38:12","guid":{"rendered":"https:\/\/www.europesays.com\/fr\/380363\/"},"modified":"2025-09-10T13:38:12","modified_gmt":"2025-09-10T13:38:12","slug":"polemique-thomas-legrand-laudiovisuel-public-et-les-sirenes-de-lextreme-droite-mediapart","status":"publish","type":"post","link":"https:\/\/www.europesays.com\/fr\/380363\/","title":{"rendered":"Pol\u00e9mique Thomas Legrand : l\u2019audiovisuel public et les sir\u00e8nes de l\u2019extr\u00eame droite &#8211; Mediapart"},"content":{"rendered":"<ol>\n<li><a href=\"https:\/\/news.google.com\/rss\/articles\/CBMi0wFBVV95cUxNRENvaE1MMzBtMDQ1T0pqUjV3emVaSGhpWUdjOTdWbWxrTDJEWDRWY3FEQzNOWUdPMTBMazJ4SUZ5NkJBZy1haG03ZzJSc3lTbnc2aWNSbmpLU0JlWTdNNVgtTlJva3JuX21QODlubUVpRFRMQjJIaEVNeHdmamRjdUZsSWtfOU9zakY2dFp1YU1rVVNDUDdxZk5rMFBRQVJDaTFEUEdoWnQ0RTk5ZlZnUUY2ZDdISEdqYUZzTnFmYW14VEdUeEMxWWd5ZWFiZ1h0YXR3?oc=5\" target=\"_blank\" rel=\"nofollow noopener\">Pol\u00e9mique Thomas Legrand : l\u2019audiovisuel public et les sir\u00e8nes de l\u2019extr\u00eame droite<\/a>&nbsp;&nbsp;Mediapart<\/li>\n<li><a href=\"https:\/\/news.google.com\/rss\/articles\/CBMipgJBVV95cUxOVFlPem1qYVRweVVOZlhiNzk2WWJRTV9HQ1BzNzRqUXNQd1JKV1FfcWpqNXZMWkZGYUFpOVBEb0NxSktxUjY5YTh2cm55MEhkNVpYa2FGMmctejdfb2Q3MHRxT1hJaGI0Q0x4empYRlJSYUFQcEpUVEZNai1JYzBWR2FmQ19RNG5BM011NUxYdUdia2RpMXdBcE5kLWV5SHh0YzF6WDZ1M0Jvbkh6RGVEZ0Q0OHAtZXQ4UUpwTXd2Z2hzcWpxREdYZTlFdlNSYnpsTGdVTXQ0a0xaZEp0TlRxT1RtYXd3Mm1RMGdkeGJxVUJLa084RmFYZWw2cFFSQXhNNmxiVzdOWENxcldPTmt5bFowUE5RbFBrNVBfYTRFYzNEMkh6T3c?oc=5\" target=\"_blank\" rel=\"nofollow noopener\">Conversation film\u00e9e entre journalistes et \u00e9lus du PS: S\u00e9bastien Chenu annonce le d\u00e9p\u00f4t d&rsquo;un article 40 au procureur de la R\u00e9publique<\/a>&nbsp;&nbsp;BFMTV<\/li>\n<li><a href=\"https:\/\/news.google.com\/rss\/articles\/CBMi5AFBVV95cUxNYy1jbFZBUjlNYTVfSV8zUWlaZDFFZ05FdW9ya0lmNjk3SXJ0d1QzN1pwdzd2czZUdDNaNndSLU9PSVJvTTBmZk95T1NnWmQzaERUQS1JNGRiajJzZ1R6WUxCcVluNDBuT3BaSXNMd0ZsV1M3T1F1SEJ1QlhveTlNLXBFOGdYQlN1akF5SjVlWmxlWXMtQ0NrTXY0Mmlfc0lOdlVqc3AzbkR0WlZadEx2Q1phQ3V1YUYtS0V2bnNHQkdLX24yRjFjQVMyOEhlRXloa2RyV0xKWjFQbDhqM3h4Uk9Ld3A?oc=5\" target=\"_blank\" rel=\"nofollow noopener\">La diffusion de la vid\u00e9o de Thomas Legrand et Patrick Cohen est-elle ill\u00e9gale ?<\/a>&nbsp;&nbsp;Lib\u00e9ration<\/li>\n<li><a href=\"https:\/\/news.google.com\/rss\/articles\/CBMi5wFBVV95cUxNMnh4d21jNkIya191NXI1VmYwWTJCOVZWY2xXcFZZcDV0WHdib2hubFdGcTY5Y1ZTQXloUS1vczZhYW9QZjN1eEs3XzZON1owUWpJWHBpY0xWaW5YaVBOZlRUQU10WWJBNVNkeHBSUlpxSjZfc0x1ZkZ1Q2hiVDBydGdRZGhsckFnQkUxanZGZTMyeFpSbEZXZDJHY0J0WG1Lc1lVbTU4SzRjWGFwQ1FvS1E0RlVSUkFFU1JTMU5WQ1RZWE45YlAzYU5YcHEybDJyallTaEJSYTBoalVORnhSMUZybFlmYjg?oc=5\" target=\"_blank\" rel=\"nofollow noopener\">Le journaliste Thomas Legrand annonce quitter son \u00e9mission, pas France Inter<\/a>&nbsp;&nbsp;Le Monde.fr<\/li>\n<li><a href=\"https:\/\/news.google.com\/rss\/articles\/CBMigwFBVV95cUxOdHViOEJYUWh2MXEySHlvdlB4b19WVTZpbE9UX2VDaU92OXVDeklPUld2RmttQjZBMU1zaDJTdWhsN0hTMFNsQ2dqaGhWdG5SYjAxaTdadEZ2UzF2SlhmZElrRXJ4Y0VGNDZldld3Q2tBVGN4R01SNVM3ZGd6OEIxVEFiOA?oc=5\" target=\"_blank\" rel=\"nofollow noopener\">Affaire Legrand-Cohen : le vrai scandale<\/a>&nbsp;&nbsp;Marianne<\/li>\n<\/ol>\n","protected":false},"excerpt":{"rendered":"Pol\u00e9mique Thomas Legrand : l\u2019audiovisuel public et les sir\u00e8nes de l\u2019extr\u00eame droite&nbsp;&nbsp;Mediapart Conversation film\u00e9e entre journalistes et \u00e9lus&hellip;\n","protected":false},"author":2,"featured_media":380364,"comment_status":"","ping_status":"","sticky":false,"template":"","format":"standard","meta":{"footnotes":""},"categories":[2],"tags":[11,1011,27,9102,2400,500,12,13960,10316,50571],"class_list":{"0":"post-380363","1":"post","2":"type-post","3":"status-publish","4":"format-standard","5":"has-post-thumbnail","7":"category-actualites","8":"tag-actualites","9":"tag-fr","10":"tag-france","11":"tag-france-inter","12":"tag-france-televisions","13":"tag-medias","14":"tag-news","15":"tag-patrick-cohen","16":"tag-radio-france","17":"tag-thomas-legrand"},"share_on_mastodon":{"url":"https:\/\/pubeurope.com\/@fr\/115180280406705901","error":""},"_links":{"self":[{"href":"https:\/\/www.europesays.com\/fr\/wp-json\/wp\/v2\/posts\/380363","targetHints":{"allow":["GET"]}}],"collection":[{"href":"https:\/\/www.europesays.com\/fr\/wp-json\/wp\/v2\/posts"}],"about":[{"href":"https:\/\/www.europesays.com\/fr\/wp-json\/wp\/v2\/types\/post"}],"author":[{"embeddable":true,"href":"https:\/\/www.europesays.com\/fr\/wp-json\/wp\/v2\/users\/2"}],"replies":[{"embeddable":true,"href":"https:\/\/www.europesays.com\/fr\/wp-json\/wp\/v2\/comments?post=380363"}],"version-history":[{"count":0,"href":"https:\/\/www.europesays.com\/fr\/wp-json\/wp\/v2\/posts\/380363\/revisions"}],"wp:featuredmedia":[{"embeddable":true,"href":"https:\/\/www.europesays.com\/fr\/wp-json\/wp\/v2\/media\/380364"}],"wp:attachment":[{"href":"https:\/\/www.europesays.com\/fr\/wp-json\/wp\/v2\/media?parent=380363"}],"wp:term":[{"taxonomy":"category","embeddable":true,"href":"https:\/\/www.europesays.com\/fr\/wp-json\/wp\/v2\/categories?post=380363"},{"taxonomy":"post_tag","embeddable":true,"href":"https:\/\/www.europesays.com\/fr\/wp-json\/wp\/v2\/tags?post=380363"}],"curies":[{"name":"wp","href":"https:\/\/api.w.org\/{rel}","templated":true}]}}