{"id":380369,"date":"2025-09-10T13:42:11","date_gmt":"2025-09-10T13:42:11","guid":{"rendered":"https:\/\/www.europesays.com\/fr\/380369\/"},"modified":"2025-09-10T13:42:11","modified_gmt":"2025-09-10T13:42:11","slug":"polyphonies-vocales-au-siecle-d-or-concert-classique-a-nancy","status":"publish","type":"post","link":"https:\/\/www.europesays.com\/fr\/380369\/","title":{"rendered":"Polyphonies vocales au Siecle d or : Concert Classique a Nancy"},"content":{"rendered":"<p>\t\t\t\t\t\t\t\t\t<a href=\"https:\/\/www.estrepublicain.fr\/pour-sortir\/loisirs\/Concert-musique\/Classique\/Lorraine\/Meurthe-et-moselle\/Nancy\/2025\/10\/05\/javascript:history.back();\" rel=\"nofollow noopener\" class=\"backToSearch\" target=\"_blank\">Retour \u00e0 la recherche<\/a><\/p>\n<p class=\"media-desc\" itemprop=\"description\">&#13;<br \/>\n\t\t\t\t\tPour inaugurer sa douzi\u00e8me saison des Petits concerts spirituels, l\u2019ensemble La Chapelle de Bonsecours  propose un programme de musique sacr\u00e9e centr\u00e9 sur deux \u0153uvres majeures des compositeurs S\u00e9bastien de Brossard et Alessandro Scarlatti.<\/p>\n<p>&#13;<br \/>\n\t\t\t\t\t\t\t\t\t\t\t&#13;<br \/>\n\t\t\t\t\t\t\t\t\t\tS\u00e9bastien de Brossard (1655-1730), Stabat Mater. Alessandro Scarlatti (1660-1725).Motets. Solistes : Clara Ben Attar, soprane<br \/>\nBeno\u00eet Porcherot, haute-contre, Simon Gamerre, t\u00e9nor<br \/>\nJean-S\u00e9bastien Nicolas, baryton, Benjamin Colin, basse<br \/>\nThierry Bohlinger, orgue,  Ensemble la Chapelle de Bonsecours,<br \/>\nDirection : Beno\u00eet Porcherot.<br \/>\n&#13;\n\t\t\t\t  <\/p>\n","protected":false},"excerpt":{"rendered":"Retour \u00e0 la recherche &#13; Pour inaugurer sa douzi\u00e8me saison des Petits concerts spirituels, l\u2019ensemble La Chapelle de&hellip;\n","protected":false},"author":2,"featured_media":380370,"comment_status":"","ping_status":"","sticky":false,"template":"","format":"standard","meta":{"footnotes":""},"categories":[9635],"tags":[1111,11,1777,674,1011,27,775,1702,12,25],"class_list":{"0":"post-380369","1":"post","2":"type-post","3":"status-publish","4":"format-standard","5":"has-post-thumbnail","7":"category-nancy","8":"tag-actu","9":"tag-actualites","10":"tag-eu","11":"tag-europe","12":"tag-fr","13":"tag-france","14":"tag-grand-est","15":"tag-nancy","16":"tag-news","17":"tag-republique-francaise"},"share_on_mastodon":{"url":"https:\/\/pubeurope.com\/@fr\/115180296285793441","error":""},"_links":{"self":[{"href":"https:\/\/www.europesays.com\/fr\/wp-json\/wp\/v2\/posts\/380369","targetHints":{"allow":["GET"]}}],"collection":[{"href":"https:\/\/www.europesays.com\/fr\/wp-json\/wp\/v2\/posts"}],"about":[{"href":"https:\/\/www.europesays.com\/fr\/wp-json\/wp\/v2\/types\/post"}],"author":[{"embeddable":true,"href":"https:\/\/www.europesays.com\/fr\/wp-json\/wp\/v2\/users\/2"}],"replies":[{"embeddable":true,"href":"https:\/\/www.europesays.com\/fr\/wp-json\/wp\/v2\/comments?post=380369"}],"version-history":[{"count":0,"href":"https:\/\/www.europesays.com\/fr\/wp-json\/wp\/v2\/posts\/380369\/revisions"}],"wp:featuredmedia":[{"embeddable":true,"href":"https:\/\/www.europesays.com\/fr\/wp-json\/wp\/v2\/media\/380370"}],"wp:attachment":[{"href":"https:\/\/www.europesays.com\/fr\/wp-json\/wp\/v2\/media?parent=380369"}],"wp:term":[{"taxonomy":"category","embeddable":true,"href":"https:\/\/www.europesays.com\/fr\/wp-json\/wp\/v2\/categories?post=380369"},{"taxonomy":"post_tag","embeddable":true,"href":"https:\/\/www.europesays.com\/fr\/wp-json\/wp\/v2\/tags?post=380369"}],"curies":[{"name":"wp","href":"https:\/\/api.w.org\/{rel}","templated":true}]}}