{"id":380371,"date":"2025-09-10T13:43:16","date_gmt":"2025-09-10T13:43:16","guid":{"rendered":"https:\/\/www.europesays.com\/fr\/380371\/"},"modified":"2025-09-10T13:43:16","modified_gmt":"2025-09-10T13:43:16","slug":"voici-six-spectacles-a-ne-pas-manquer-au-festival-regards-sur-rue-a-la-seyne-2","status":"publish","type":"post","link":"https:\/\/www.europesays.com\/fr\/380371\/","title":{"rendered":"Voici six spectacles \u00e0 ne pas manquer au festival Regards sur rue \u00e0 La Seyne"},"content":{"rendered":"<p>Une touche de th\u00e9\u00e2tre, un sourire de clown, de l\u2019acrobatie, de la voltige, des notes de musique\u2026 Les arts de la rue envahissent La Seyne, du parc de la Navale aux cours de r\u00e9cr\u00e9ation, pendant trois jours, du vendredi 26 au dimanche 28 septembre, pour la sixi\u00e8me \u00e9dition du festival Regards sur rue. Un \u00e9v\u00e9nement gratuit qui s\u00e9duit un public de plus en plus large. Cette ann\u00e9e, pas moins de quinze compagnies offriront une trentaine de spectacles. Avec Cyrille Elsander, directeur du P\u00f4le-Arts en circulation, porteur de l\u2019\u00e9v\u00e9nement, nous vous proposons une s\u00e9lection de rendez-vous \u00e0 ne pas manquer.<\/p>\n<p>\u00ab\u00a0Gagarine Is Not Dead\u00a0\u00bb, en orbite pour l\u2019ouverture<\/p>\n<p>La compagnie En Corps, En l\u2019Air et les Sangles ouvre le festival vendredi soir au parc de la Navale (avant de revenir samedi et dimanche) avec Gagarine is not dead. \u00ab\u00a0On est entre le cirque et le th\u00e9\u00e2tre. \u00c9videmment, \u00e7a questionne l\u2019exploration spatiale avec une dimension extr\u00eamement onirique. Ce qui est original, c\u2019est qu\u2019ils ont fabriqu\u00e9 une sorte d\u2019agr\u00e8s avec une grue m\u00e9canique transform\u00e9e, qui reconstitue la question de l\u2019apesanteur et du voyage spatial\u00a0\u00bb, d\u00e9taille Cyrille Elsander. Un spectacle a\u00e9rien accessible \u00e0 tous, qui remplit toutes les cases pour ravir petits et grands.<\/p>\n<p><strong>Parc de la Navale, vendredi \u00e0 18h45, samedi \u00e0 18h30 et dimanche 15h.<\/strong><\/p>\n<p>              <img ci-src=\"https:\/\/www.varmatin.com\/culture\/protec\/DATA_ART_16199994-0Y5stbMz.jpg?vh=c44021&amp;ci_seal=9d4b853975\" alt=\"\"\/><br \/>\n        \u00ab\u00a0Surcouf\u00a0\u00bb <strong>Photos DR.<\/strong> <\/p>\n<p>                                \u00ab\u00a0Surcouf\u00a0\u00bb, les pieds dans l\u2019eau<\/p>\n<p>La vie de corsaire n\u2019est pas un long fleuve tranquille, celle de circassien non plus. La compagnie Sac\u00e9kripa pr\u00e9sente Surcouf, un spectacle flottant. Explication: \u00ab\u00a0Ils jouent sur l\u2019eau, avec une plateforme pas plus grande qu\u2019un canap\u00e9. C\u2019est tr\u00e8s original. On y trouve plein d\u2019humour, du burlesque et des acrobaties. Je les ai vus jouer sur la Somme, \u00e7a devrait aussi le faire dans la rade\u00a0\u00bb, poursuit le directeur du P\u00f4le. Le spectacle raconte la n\u00e9cessit\u00e9 de se soutenir, de garder le cap quand tout vacille\u2026 dans les textes comme dans les faits.<\/p>\n<p><strong>Quai de la Marine, samedi et dimanche \u00e0 11h.<\/strong><\/p>\n<p>Clown \u00e0 bord!<\/p>\n<p>C\u2019est un retour. L\u2019an pass\u00e9, le festival \u00e9tait orphelin d\u2019un spectacle de clown. Cette ann\u00e9e, c\u2019est une pointure du genre qui d\u00e9barque avec Tuga et son show Un verano naranja. \u00ab\u00a0Il est hallucinant, il tourne partout, c\u2019est une sorte de star. Il vient du mime, il est beaucoup dans l\u2019interaction avec le public. Il invite les gens \u00e0 venir avec lui, de sorte qu\u2019aucun spectacle ne se ressemble. Il n\u2019y a pas de texte, mais il embarque tout le monde\u00a0\u00bb, promet Cyrille Elsander.<\/p>\n<p><strong>Parc de la Navale (pied du Pont Levant) samedi et dimanche 14h.<\/strong><\/p>\n<p>              <img ci-src=\"https:\/\/www.varmatin.com\/culture\/protec\/DATA_ART_16199993-xqsqnbg2.jpg?vh=783b94&amp;ci_seal=b4a85da0f5\" alt=\"\"\/><br \/>\n        \u00ab\u00a0Tancarville\u00a0\u00bb <strong>Photos DR.<\/strong> <\/p>\n<p>                                \u00ab\u00a0Tancarville\u00a0\u00bb, le linge sale en famille<\/p>\n<p>Ils \u00e9taient pr\u00e9sents l\u2019an pass\u00e9 et reviennent pour cette \u00e9dition avec un nouveau spectacle. Les gar\u00e7ons de la compagnie Le G. Bistaki pr\u00e9sentent Tancarville. \u00ab\u00a0Ils sont entre cirque et danse, avec un vrai travail chor\u00e9graphique mais aussi sc\u00e9nographique, gr\u00e2ce \u00e0 cet immense \u00e9tendage et tout un jeu de lumi\u00e8re. Il y a un travail d\u2019effeuillage, avec beaucoup d\u2019humour et plusieurs niveaux de lecture.\u00a0\u00bb Et promis, m\u00eame en cas de vent, le spectacle pourra se tenir, avec juste l\u2019ajout de bonnes pinces \u00e0 linge.<\/p>\n<p><strong>Parc de la Navale (all\u00e9e centrale). Samedi 20h30 et dimanche 17h45<\/strong><\/p>\n<p>              <img ci-src=\"https:\/\/www.varmatin.com\/culture\/protec\/DATA_ART_16199995-4dXEpFwj.jpg?vh=010a43&amp;ci_seal=c8a05f85d8\" alt=\"\"\/><br \/>\n        \u00ab\u00a0Rien\u00a0\u00bb  <strong>Photos DR.<\/strong> <\/p>\n<p>                                Un championnat du monde de \u00ab\u00a0Rien\u00a0\u00bb<\/p>\n<p>Et si l\u2019ennui \u00e9tait la meilleure source d\u2019inspiration? La compagnie Monsieur K pr\u00e9sente Rien, avec pour pitch: \u00ab\u00a0Ne rien faire mais le mieux possible, avec tous les sens en \u00e9veil\u2026 et le d\u00e9s\u0153uvrement devient grandiose et burlesque.\u00a0\u00bb Pour Cyrille Elsander, il s\u2019agit d\u2019\u00a0\u00bbun spectacle hybride entre danse et th\u00e9\u00e2tre, compl\u00e8tement d\u00e9cal\u00e9. Dans un monde ultra-connect\u00e9, on parle aussi de la n\u00e9cessit\u00e9 de l\u2019ennui.\u00a0\u00bb<\/p>\n<p><strong>Cour de l\u2019\u00e9cole Malsert. Samedi \u00e0 12h30 et 17h30 et dimanche \u00e0 12h et 15h.<\/strong><\/p>\n<p>\u00ab\u00a0Newroz\u00a0\u00bb, petit pas de c\u00f4t\u00e9 sensible<\/p>\n<p>Chaque ann\u00e9e, le festival aime aussi offrir une proposition plus intimiste. L\u2019an pass\u00e9, un artiste atteint de mucoviscidose expliquait par le spectacle son quotidien. Cette ann\u00e9e, c\u2019est Bahoz Temaux qui pr\u00e9sente Newroz. \u00ab\u00a0C\u2019est un seul en sc\u00e8ne \u00e0 la fois po\u00e9tique et musical, avec cet artiste circassien de formation. N\u00e9 en France de parents kurdes, il \u00e9voque son enfance, le racisme. Il en parle avec beaucoup de pudeur, sans revendication ni col\u00e8re.\u00a0\u00bb<\/p>\n<p><strong>Square Malsert samedi \u00e0 11h et 16h et dimanche \u00e0 11 et 16h30.<\/strong><\/p>\n<p>Le village la rade mar\u00e9e en f\u00eate<\/p>\n<p>L\u2019exp\u00e9rience d\u2019un festival off lanc\u00e9e l\u2019an pass\u00e9 n\u2019est pas reconduite. Pour cette \u00e9dition, c\u2019est l\u2019espace de convivialit\u00e9 La Rade mar\u00e9e, organis\u00e9 avec la compagnie Attention Fragile, qui prend ses quartiers \u00e0 l\u2019esplanade marine, avec bar et restauration. \u00ab\u00a0Ce sera aussi un lieu d\u2019impromptus et de propositions festives\u00a0\u00bb, promettent les organisateurs. Une forte th\u00e9matique musicale y sera d\u00e9velopp\u00e9e. Vendredi soir, Abi Afrobeat ouvrira le bal avec une exp\u00e9rience sonore et un hommage \u00e0 la culture africaine. Samedi \u00e0 17h, le collectif Kay proposera une performance m\u00ealant improvisations, textes, musique, danse, graffitis et slam, avec un public invit\u00e9 \u00e0 participer. Enfin, samedi soir s\u2019annonce dansant avec DJ Violence et la compagnie 100 Issues. Le tout dans une ambiance tout droit venue des ann\u00e9es 1980.<\/p>\n","protected":false},"excerpt":{"rendered":"Une touche de th\u00e9\u00e2tre, un sourire de clown, de l\u2019acrobatie, de la voltige, des notes de musique\u2026 Les&hellip;\n","protected":false},"author":2,"featured_media":378164,"comment_status":"","ping_status":"","sticky":false,"template":"","format":"standard","meta":{"footnotes":""},"categories":[9619],"tags":[1111,11,251,1777,674,1011,27,12,882,25,2310],"class_list":{"0":"post-380371","1":"post","2":"type-post","3":"status-publish","4":"format-standard","5":"has-post-thumbnail","7":"category-toulon","8":"tag-actu","9":"tag-actualites","10":"tag-culture","11":"tag-eu","12":"tag-europe","13":"tag-fr","14":"tag-france","15":"tag-news","16":"tag-provence-alpes-cote-dazur","17":"tag-republique-francaise","18":"tag-toulon"},"share_on_mastodon":{"url":"https:\/\/pubeurope.com\/@fr\/115180300173082182","error":""},"_links":{"self":[{"href":"https:\/\/www.europesays.com\/fr\/wp-json\/wp\/v2\/posts\/380371","targetHints":{"allow":["GET"]}}],"collection":[{"href":"https:\/\/www.europesays.com\/fr\/wp-json\/wp\/v2\/posts"}],"about":[{"href":"https:\/\/www.europesays.com\/fr\/wp-json\/wp\/v2\/types\/post"}],"author":[{"embeddable":true,"href":"https:\/\/www.europesays.com\/fr\/wp-json\/wp\/v2\/users\/2"}],"replies":[{"embeddable":true,"href":"https:\/\/www.europesays.com\/fr\/wp-json\/wp\/v2\/comments?post=380371"}],"version-history":[{"count":0,"href":"https:\/\/www.europesays.com\/fr\/wp-json\/wp\/v2\/posts\/380371\/revisions"}],"wp:featuredmedia":[{"embeddable":true,"href":"https:\/\/www.europesays.com\/fr\/wp-json\/wp\/v2\/media\/378164"}],"wp:attachment":[{"href":"https:\/\/www.europesays.com\/fr\/wp-json\/wp\/v2\/media?parent=380371"}],"wp:term":[{"taxonomy":"category","embeddable":true,"href":"https:\/\/www.europesays.com\/fr\/wp-json\/wp\/v2\/categories?post=380371"},{"taxonomy":"post_tag","embeddable":true,"href":"https:\/\/www.europesays.com\/fr\/wp-json\/wp\/v2\/tags?post=380371"}],"curies":[{"name":"wp","href":"https:\/\/api.w.org\/{rel}","templated":true}]}}