{"id":380372,"date":"2025-09-10T13:44:13","date_gmt":"2025-09-10T13:44:13","guid":{"rendered":"https:\/\/www.europesays.com\/fr\/380372\/"},"modified":"2025-09-10T13:44:13","modified_gmt":"2025-09-10T13:44:13","slug":"rugby-top-14-la-section-paloise-a-toulon-a-lheure-du-multiplex-debut-octobre","status":"publish","type":"post","link":"https:\/\/www.europesays.com\/fr\/380372\/","title":{"rendered":"Rugby &#8211; Top 14\u00a0: la Section Paloise \u00e0 Toulon \u00e0 l\u2019heure du multiplex d\u00e9but octobre"},"content":{"rendered":"<p>La semaine pr\u00e9c\u00e9dente, le samedi 27\u00a0septembre, Pau aura re\u00e7u Lyon \u00e0 la m\u00eame heure pour la 4e journ\u00e9e. En revanche, m\u00e9fiance, la 3e journ\u00e9e se tiendra le samedi 20\u00a0septembre \u00e0 14h30 \u00e0 Clermont. Samedi dernier, la Section a d\u00e9but\u00e9 sa saison par un succ\u00e8s \u00e0 Castres (15-17). Elle re\u00e7oit samedi, \u00e0 16h35 aussi, le Stade Fran\u00e7ais, \u00e0 l\u2019occasion de la 2e journ\u00e9e.<\/p>\n<p>    Les horaires connus du calendrier de la Section Paloise<br \/>\nPau &#8211; Stade Fran\u00e7ais (J. 2), samedi \u00e0 16h35<br \/>Clermont &#8211; Pau (J. 3), samedi 20septembre \u00e0 14h30<br \/>Pau &#8211; Lyon (J.4), samedi 27\u00a0septembre \u00e0 16h35<br \/>Toulon &#8211; Pau (J. 5), samedi 4\u00a0octobre \u00e0 16h35<\/p>\n","protected":false},"excerpt":{"rendered":"La semaine pr\u00e9c\u00e9dente, le samedi 27\u00a0septembre, Pau aura re\u00e7u Lyon \u00e0 la m\u00eame heure pour la 4e journ\u00e9e.&hellip;\n","protected":false},"author":2,"featured_media":380373,"comment_status":"","ping_status":"","sticky":false,"template":"","format":"standard","meta":{"footnotes":""},"categories":[9619],"tags":[1111,11,1777,674,1011,27,12,882,25,2310],"class_list":{"0":"post-380372","1":"post","2":"type-post","3":"status-publish","4":"format-standard","5":"has-post-thumbnail","7":"category-toulon","8":"tag-actu","9":"tag-actualites","10":"tag-eu","11":"tag-europe","12":"tag-fr","13":"tag-france","14":"tag-news","15":"tag-provence-alpes-cote-dazur","16":"tag-republique-francaise","17":"tag-toulon"},"share_on_mastodon":{"url":"https:\/\/pubeurope.com\/@fr\/115180304056603727","error":""},"_links":{"self":[{"href":"https:\/\/www.europesays.com\/fr\/wp-json\/wp\/v2\/posts\/380372","targetHints":{"allow":["GET"]}}],"collection":[{"href":"https:\/\/www.europesays.com\/fr\/wp-json\/wp\/v2\/posts"}],"about":[{"href":"https:\/\/www.europesays.com\/fr\/wp-json\/wp\/v2\/types\/post"}],"author":[{"embeddable":true,"href":"https:\/\/www.europesays.com\/fr\/wp-json\/wp\/v2\/users\/2"}],"replies":[{"embeddable":true,"href":"https:\/\/www.europesays.com\/fr\/wp-json\/wp\/v2\/comments?post=380372"}],"version-history":[{"count":0,"href":"https:\/\/www.europesays.com\/fr\/wp-json\/wp\/v2\/posts\/380372\/revisions"}],"wp:featuredmedia":[{"embeddable":true,"href":"https:\/\/www.europesays.com\/fr\/wp-json\/wp\/v2\/media\/380373"}],"wp:attachment":[{"href":"https:\/\/www.europesays.com\/fr\/wp-json\/wp\/v2\/media?parent=380372"}],"wp:term":[{"taxonomy":"category","embeddable":true,"href":"https:\/\/www.europesays.com\/fr\/wp-json\/wp\/v2\/categories?post=380372"},{"taxonomy":"post_tag","embeddable":true,"href":"https:\/\/www.europesays.com\/fr\/wp-json\/wp\/v2\/tags?post=380372"}],"curies":[{"name":"wp","href":"https:\/\/api.w.org\/{rel}","templated":true}]}}