{"id":380378,"date":"2025-09-10T13:47:09","date_gmt":"2025-09-10T13:47:09","guid":{"rendered":"https:\/\/www.europesays.com\/fr\/380378\/"},"modified":"2025-09-10T13:47:09","modified_gmt":"2025-09-10T13:47:09","slug":"seine-maritime-accident-entre-un-vehicule-et-un-bus-transportant-six-collegiens-les-pompiers-mobilises","status":"publish","type":"post","link":"https:\/\/www.europesays.com\/fr\/380378\/","title":{"rendered":"Seine-Maritime. Accident entre un v\u00e9hicule et un bus transportant six coll\u00e9giens\u00a0: les pompiers mobilis\u00e9s"},"content":{"rendered":"<p melodystyle=\"texte\">Un accident s&rsquo;est produit vers 13h15 ce mercredi 10\u00a0septembre, au niveau de la rue Principale situ\u00e9e \u00e0 Gancourt-Saint-Etienne pr\u00e8s de Gournay-en-Bray. Selon les pompiers, un bus transportant six coll\u00e9giens et un v\u00e9hicule sont impliqu\u00e9s dans cet accident.<\/p>\n<p>La gendarmerie sur place<\/p>\n<p melodystyle=\"texte\">Sur les huit personnes pr\u00e9sentes, aucune d&rsquo;entre elles n&rsquo;a \u00e9t\u00e9 bless\u00e9e. Les pompiers ont indiqu\u00e9 que six coll\u00e9giens ont \u00e9t\u00e9 pris en charge par les parents avant l&rsquo;arriv\u00e9e des secours. La gendarmerie s&rsquo;est aussi rendue sur place.<\/p>\n","protected":false},"excerpt":{"rendered":"Un accident s&rsquo;est produit vers 13h15 ce mercredi 10\u00a0septembre, au niveau de la rue Principale situ\u00e9e \u00e0 Gancourt-Saint-Etienne&hellip;\n","protected":false},"author":2,"featured_media":380379,"comment_status":"","ping_status":"","sticky":false,"template":"","format":"standard","meta":{"footnotes":""},"categories":[9587],"tags":[1111,11,1777,674,1011,27,12,5161,25,9590],"class_list":{"0":"post-380378","1":"post","2":"type-post","3":"status-publish","4":"format-standard","5":"has-post-thumbnail","7":"category-rouen","8":"tag-actu","9":"tag-actualites","10":"tag-eu","11":"tag-europe","12":"tag-fr","13":"tag-france","14":"tag-news","15":"tag-normandie","16":"tag-republique-francaise","17":"tag-rouen"},"share_on_mastodon":{"url":"https:\/\/pubeurope.com\/@fr\/115180315883434762","error":""},"_links":{"self":[{"href":"https:\/\/www.europesays.com\/fr\/wp-json\/wp\/v2\/posts\/380378","targetHints":{"allow":["GET"]}}],"collection":[{"href":"https:\/\/www.europesays.com\/fr\/wp-json\/wp\/v2\/posts"}],"about":[{"href":"https:\/\/www.europesays.com\/fr\/wp-json\/wp\/v2\/types\/post"}],"author":[{"embeddable":true,"href":"https:\/\/www.europesays.com\/fr\/wp-json\/wp\/v2\/users\/2"}],"replies":[{"embeddable":true,"href":"https:\/\/www.europesays.com\/fr\/wp-json\/wp\/v2\/comments?post=380378"}],"version-history":[{"count":0,"href":"https:\/\/www.europesays.com\/fr\/wp-json\/wp\/v2\/posts\/380378\/revisions"}],"wp:featuredmedia":[{"embeddable":true,"href":"https:\/\/www.europesays.com\/fr\/wp-json\/wp\/v2\/media\/380379"}],"wp:attachment":[{"href":"https:\/\/www.europesays.com\/fr\/wp-json\/wp\/v2\/media?parent=380378"}],"wp:term":[{"taxonomy":"category","embeddable":true,"href":"https:\/\/www.europesays.com\/fr\/wp-json\/wp\/v2\/categories?post=380378"},{"taxonomy":"post_tag","embeddable":true,"href":"https:\/\/www.europesays.com\/fr\/wp-json\/wp\/v2\/tags?post=380378"}],"curies":[{"name":"wp","href":"https:\/\/api.w.org\/{rel}","templated":true}]}}