{"id":380380,"date":"2025-09-10T13:48:10","date_gmt":"2025-09-10T13:48:10","guid":{"rendered":"https:\/\/www.europesays.com\/fr\/380380\/"},"modified":"2025-09-10T13:48:10","modified_gmt":"2025-09-10T13:48:10","slug":"bloquons-tout-le-but-ce-nest-pas-demmerder-les-gens-pour-beatrice-sur-le-rond-point-des-vaches-pres-de-rouen","status":"publish","type":"post","link":"https:\/\/www.europesays.com\/fr\/380380\/","title":{"rendered":"\u00ab\u00a0Bloquons tout\u00a0\u00bb : \u00ab\u00a0Le but ce n&rsquo;est pas d&#8217;emmerder les gens\u00a0\u00bb, pour B\u00e9atrice sur le rond-point des vaches pr\u00e8s de Rouen"},"content":{"rendered":"<p>190 personnes se sont rassembl\u00e9es sur le rond-point des Vaches \u00e0 l&rsquo;entr\u00e9e de la zone industrielle de Rouen ce 10 septembre, dont B\u00e9atrice, \u00e9tudiante qui s&rsquo;est d\u00e9j\u00e0 mobilis\u00e9e contre la r\u00e9forme des retraites et les r\u00e9formes \u00ab\u00a0faites pour casser un peu plus la vie des travailleurs\u00a0\u00bb.<\/p>\n<p>En Seine-Maritime, le mouvement \u00ab\u00a0Bloquons tout\u00a0\u00bb a d\u00e9but\u00e9 par le blocage (barrage filtrant) du rond-point des Vaches, \u00e0 l&rsquo;entr\u00e9e de la zone industrielle de Rouen, \u00e0 Saint-\u00c9tienne du Rouvray ce 10 septembre 2025. 190 manifestants environ ont allum\u00e9 des feux de palettes et ont emp\u00each\u00e9 les camions de circuler. B\u00e9atrice, pr\u00e9nom d&#8217;emprunt, s&rsquo;est lev\u00e9e t\u00f4t pour en \u00eatre. Elle vit \u00e0 Rouen, a 21 ans.<\/p>\n<p>Participer \u00e0 un barrage filtrant est une premi\u00e8re pour cette \u00e9tudiante qui a commenc\u00e9 \u00e0 se mobiliser pendant la r\u00e9forme des retraites.\u00a0\u00bbLe but, ce n&rsquo;est vraiment pas d&#8217;emmerder les gens. La preuve, les voitures passent, parce qu&rsquo;on sait tr\u00e8s bien que le petit smicard, il faut qu&rsquo;il aille travailler\u00a0\u00bb.<\/p>\n<p>Elle se mobilise pour elle et ses proches. \u00ab\u00a0Je le vois au premier chef par mes parents, ma m\u00e8re, qui gal\u00e8re, qui travaille dans des secteurs de merde, qui passe ici tous les matins \u00e0 4-5 heures du matin. Elle travaille en logistique, dans les entrep\u00f4ts.\u00a0\u00bb Et l&rsquo;une des derni\u00e8res propositions de l&rsquo;ex-premier ministre Fran\u00e7ois Bayrou lui reste en travers de la gorge. \u00ab\u00a0On lui apprend qu&rsquo;elle va perdre deux jours f\u00e9ri\u00e9s.\u00a0\u00bb<\/p>\n<p>Elle fustige la r\u00e9forme des retraites ou encore \u00ab\u00a0toutes les r\u00e9formes qui ont \u00e9t\u00e9 faites pour casser un peu plus la vie des travailleurs, et toutes les lois racistes aussi, qui combattent toujours plus les sans-papiers\u00a0\u00bb. Il faut selon elle \u00ab\u00a0faire front, m\u00eame si \u00e7a va \u00eatre compliqu\u00e9. On sait qu&rsquo;il y aura toujours plus de flics, \u00e7a va \u00eatre toujours plus violent\u00a0\u00bb.<\/p>\n","protected":false},"excerpt":{"rendered":"190 personnes se sont rassembl\u00e9es sur le rond-point des Vaches \u00e0 l&rsquo;entr\u00e9e de la zone industrielle de Rouen&hellip;\n","protected":false},"author":2,"featured_media":380381,"comment_status":"","ping_status":"","sticky":false,"template":"","format":"standard","meta":{"footnotes":""},"categories":[9587],"tags":[1111,11,1777,674,1011,27,12,5161,25,9590],"class_list":{"0":"post-380380","1":"post","2":"type-post","3":"status-publish","4":"format-standard","5":"has-post-thumbnail","7":"category-rouen","8":"tag-actu","9":"tag-actualites","10":"tag-eu","11":"tag-europe","12":"tag-fr","13":"tag-france","14":"tag-news","15":"tag-normandie","16":"tag-republique-francaise","17":"tag-rouen"},"share_on_mastodon":{"url":"https:\/\/pubeurope.com\/@fr\/115180319756411935","error":""},"_links":{"self":[{"href":"https:\/\/www.europesays.com\/fr\/wp-json\/wp\/v2\/posts\/380380","targetHints":{"allow":["GET"]}}],"collection":[{"href":"https:\/\/www.europesays.com\/fr\/wp-json\/wp\/v2\/posts"}],"about":[{"href":"https:\/\/www.europesays.com\/fr\/wp-json\/wp\/v2\/types\/post"}],"author":[{"embeddable":true,"href":"https:\/\/www.europesays.com\/fr\/wp-json\/wp\/v2\/users\/2"}],"replies":[{"embeddable":true,"href":"https:\/\/www.europesays.com\/fr\/wp-json\/wp\/v2\/comments?post=380380"}],"version-history":[{"count":0,"href":"https:\/\/www.europesays.com\/fr\/wp-json\/wp\/v2\/posts\/380380\/revisions"}],"wp:featuredmedia":[{"embeddable":true,"href":"https:\/\/www.europesays.com\/fr\/wp-json\/wp\/v2\/media\/380381"}],"wp:attachment":[{"href":"https:\/\/www.europesays.com\/fr\/wp-json\/wp\/v2\/media?parent=380380"}],"wp:term":[{"taxonomy":"category","embeddable":true,"href":"https:\/\/www.europesays.com\/fr\/wp-json\/wp\/v2\/categories?post=380380"},{"taxonomy":"post_tag","embeddable":true,"href":"https:\/\/www.europesays.com\/fr\/wp-json\/wp\/v2\/tags?post=380380"}],"curies":[{"name":"wp","href":"https:\/\/api.w.org\/{rel}","templated":true}]}}