{"id":380384,"date":"2025-09-10T13:52:14","date_gmt":"2025-09-10T13:52:14","guid":{"rendered":"https:\/\/www.europesays.com\/fr\/380384\/"},"modified":"2025-09-10T13:52:14","modified_gmt":"2025-09-10T13:52:14","slug":"20-me-pretes-par-la-banque-des-territoires-en-ille-et-vilaine-a-quoi-vont-ils-servir","status":"publish","type":"post","link":"https:\/\/www.europesays.com\/fr\/380384\/","title":{"rendered":"20 M\u20ac pr\u00eat\u00e9s par la Banque des territoires en Ille-et-Vilaine : \u00e0 quoi vont-ils servir ?"},"content":{"rendered":"<p>La Banque des territoires n\u2019est pas venue les mains vides au Forum \u00e9conomique breton (FEB) de Saint-Malo (35). Ce mercredi 10 septembre, la filiale de la Caisse des d\u00e9p\u00f4ts a sign\u00e9 trois pr\u00eats pour un montant total de pr\u00e8s de 20 M\u20ac.<\/p>\n<p>1 Un pr\u00eat de 10 M\u20ac pour la r\u00e9novation du coll\u00e8ge Cleunay<\/p>\n<p>Le plus important s\u2019\u00e9l\u00e8ve \u00e0 10 M\u20ac. Contract\u00e9 par le D\u00e9partement d\u2019Ille-et-Vilaine, il contribuera au financement de <a href=\"https:\/\/www.letelegramme.fr\/ille-et-vilaine\/rennes-35000\/a-rennes-trois-ans-de-chantier-pour-transformer-completement-ce-college-6756531.php\" target=\"_blank\" rel=\"noopener\">la r\u00e9novation du coll\u00e8ge Cleunay<\/a>, \u00e0 Rennes. Un chantier d\u2019un montant total de 22,6 M\u20ac (dont 2 M\u20ac apport\u00e9s par l\u2019\u00c9tat), qui doit permettre de redonner une nouvelle jeunesse \u00e0 un \u00e9tablissement situ\u00e9 dans un ancien groupe scolaire de 1964. Les travaux, qui pr\u00e9voient de d\u00e9molir quatre b\u00e2timents et d\u2019en construire deux autres, permettront d\u2019am\u00e9liorer les conditions de travail, de renforcer l\u2019isolation thermique du b\u00e2timent et d\u2019augmenter la capacit\u00e9 d\u2019accueil de 500 \u00e0 600 \u00e9l\u00e8ves (avec une possibilit\u00e9 de monter \u00e0 700). Commenc\u00e9e en f\u00e9vrier 2025, l\u2019op\u00e9ration doit s\u2019achever en 2028.<\/p>\n<p>2 Saint-Malo obtient 7 M\u20ac pour son futur mus\u00e9e maritime<\/p>\n<p>Autre pr\u00eat consenti par la Banque des territoires : 7 M\u20ac, cette fois-ci au profit de la Ville de Saint-Malo, pour l\u2019acquisition des murs de l\u2019ancienne \u00c9cole nationale sup\u00e9rieure maritime (ENSM) aupr\u00e8s de l\u2019\u00c9tat. C\u2019est l\u00e0 que la municipalit\u00e9 malouine souhaite implanter <a anchorselected=\"true\" href=\"https:\/\/www.letelegramme.fr\/ille-et-vilaine\/saint-malo-35400\/pourquoi-le-musee-maritime-de-saint-malo-va-t-il-sappeler-lhydro-musee-maritime-de-saint-malo-6670567.php\" target=\"_blank\" rel=\"noopener\">son futur mus\u00e9e maritime<\/a>, baptis\u00e9 l\u2019Hydro. Un projet d\u2019un montant total de 44 M\u20ac, \u00e9voqu\u00e9 de longue date \u00e0 Saint-Malo et qui fait des remous au sein de l\u2019opposition. En juillet, le premier adjoint de la Ville, Jean-Virgile Crance, a indiqu\u00e9 que la vente des b\u00e2timents de l\u2019ex-ENSM devrait intervenir en septembre-octobre.<\/p>\n<p>3 Pr\u00e8s de 3 M\u20ac pour la r\u00e9novation \u00e9nerg\u00e9tique de b\u00e2timents publics<\/p>\n<p>Le dernier pr\u00eat sign\u00e9 par la Banque des territoires s\u2019\u00e9l\u00e8ve \u00e0 2,9 M\u20ac. Il est contract\u00e9 par le Syndicat d\u00e9partemental d\u2019\u00e9nergie (SDE) d\u2019Ille-et-Vilaine pour financer des travaux de r\u00e9novation \u00e9nerg\u00e9tique dans des b\u00e2timents publics (\u00e9coles, mairies, salles polyvalentes\u2026) dans 11 communes rurales : Val-Couesnon (deux projets), Retiers, Bains-sur-Oust, Domagn\u00e9, Maxent, Corps-Nuds, Saint-Germain-sur-Ille, Andouill\u00e9-Neuville, Le Verger, Br\u00e9c\u00e9 et Romagn\u00e9.<\/p>\n<p>\u00ab Le pr\u00eat [\u2026] accord\u00e9 ce jour par la Banque des territoires entre dans un accompagnement financier mutualis\u00e9 \u00e0 l\u2019\u00e9chelle d\u00e9partementale par le SDE35. L\u2019innovation du dispositif, c\u2019est de faire b\u00e9n\u00e9ficier \u00e0 des communes de petite taille des m\u00eames conditions \u00e9conomiques de financement que les communes urbaines \u00bb, expliquent la Banque des territoires et le SDE35, dans un communiqu\u00e9.<\/p>\n","protected":false},"excerpt":{"rendered":"La Banque des territoires n\u2019est pas venue les mains vides au Forum \u00e9conomique breton (FEB) de Saint-Malo (35).&hellip;\n","protected":false},"author":2,"featured_media":380385,"comment_status":"","ping_status":"","sticky":false,"template":"","format":"standard","meta":{"footnotes":""},"categories":[2821],"tags":[1111,11,829,1777,674,1011,27,848,12,584,25,3728],"class_list":{"0":"post-380384","1":"post","2":"type-post","3":"status-publish","4":"format-standard","5":"has-post-thumbnail","7":"category-rennes","8":"tag-actu","9":"tag-actualites","10":"tag-bretagne","11":"tag-eu","12":"tag-europe","13":"tag-fr","14":"tag-france","15":"tag-ille-et-vilaine","16":"tag-news","17":"tag-rennes","18":"tag-republique-francaise","19":"tag-saint-malo"},"share_on_mastodon":{"url":"https:\/\/pubeurope.com\/@fr\/115180335579160212","error":""},"_links":{"self":[{"href":"https:\/\/www.europesays.com\/fr\/wp-json\/wp\/v2\/posts\/380384","targetHints":{"allow":["GET"]}}],"collection":[{"href":"https:\/\/www.europesays.com\/fr\/wp-json\/wp\/v2\/posts"}],"about":[{"href":"https:\/\/www.europesays.com\/fr\/wp-json\/wp\/v2\/types\/post"}],"author":[{"embeddable":true,"href":"https:\/\/www.europesays.com\/fr\/wp-json\/wp\/v2\/users\/2"}],"replies":[{"embeddable":true,"href":"https:\/\/www.europesays.com\/fr\/wp-json\/wp\/v2\/comments?post=380384"}],"version-history":[{"count":0,"href":"https:\/\/www.europesays.com\/fr\/wp-json\/wp\/v2\/posts\/380384\/revisions"}],"wp:featuredmedia":[{"embeddable":true,"href":"https:\/\/www.europesays.com\/fr\/wp-json\/wp\/v2\/media\/380385"}],"wp:attachment":[{"href":"https:\/\/www.europesays.com\/fr\/wp-json\/wp\/v2\/media?parent=380384"}],"wp:term":[{"taxonomy":"category","embeddable":true,"href":"https:\/\/www.europesays.com\/fr\/wp-json\/wp\/v2\/categories?post=380384"},{"taxonomy":"post_tag","embeddable":true,"href":"https:\/\/www.europesays.com\/fr\/wp-json\/wp\/v2\/tags?post=380384"}],"curies":[{"name":"wp","href":"https:\/\/api.w.org\/{rel}","templated":true}]}}