{"id":380386,"date":"2025-09-10T13:53:11","date_gmt":"2025-09-10T13:53:11","guid":{"rendered":"https:\/\/www.europesays.com\/fr\/380386\/"},"modified":"2025-09-10T13:53:11","modified_gmt":"2025-09-10T13:53:11","slug":"bus-incendie-rocade-bloquee-le-recit-du-10-septembre-a-rennes-cest-le-chaos-complet","status":"publish","type":"post","link":"https:\/\/www.europesays.com\/fr\/380386\/","title":{"rendered":"Bus incendi\u00e9, rocade bloqu\u00e9e, le r\u00e9cit du 10 septembre \u00e0 Rennes : \u00abc\u2019est le chaos complet\u00bb"},"content":{"rendered":"<p><strong>REPORTAGE &#8211; <\/strong>Ce bastion de gauche \u00e9tait dans le viseur des autorit\u00e9s pour les potentiels d\u00e9bordements du 10 septembre. Toute la matin\u00e9e, les manifestants ont jou\u00e9 au jeu du chat et de la souris avec les forces de l\u2019ordre, multipliant les points de blocage au gr\u00e9 des consignes donn\u00e9es sur les groupes Telegram.<\/p>\n<p class=\"fig-paragraph\">Ils sont une petite dizaine, v\u00eatus de noir, masque \u00e0 la main, \u00e0 descendre d\u2019un pas rapide la bretelle qui m\u00e8ne \u00e0 la rocade sud de Rennes t\u00f4t ce mercredi matin. Le premier, qui ne d\u00e9passe pas les 25 ans, presse ses suivants\u00a0: \u00abGrouillez-vous, sinon les keufs vont d\u00e9gager le p\u00e9riph, et on ne pourra rien faire\u00a0!\u00bb. L\u2019un l\u00e8ve la t\u00eate, le temps d\u2019immortaliser en photo\u00a0<a href=\"http:\/\/www.lefigaro.fr\/flash-actu\/blocages-du-10-septembre-a-rennes-tensions-sur-la-rocade-apres-l-incendie-de-plusieurs-bus-20250910\" data-fig-type=\"NewsFlash\" data-gtm-custom-categorie=\"navigation\" data-gtm-custom-action=\"crossclick\" data-gtm-custom-label=\"Contextuel\" data-gtm-event=\"customEventSPE\" data-fig-domain=\"LEFIGARO\" target=\"_blank\" rel=\"noopener\">l\u2019\u00e9paisse fum\u00e9e noire qui provient de la route<\/a>, et \u00e9tire ses volutes dans le ciel breton ; un bus de la r\u00e9gie de transport rennaise est en train de se consumer. Un autre enjambe la barri\u00e8re de s\u00e9curit\u00e9, attrape d\u2019une main une brass\u00e9e de bois morts dans les bois qui encadrent la route, parce que \u00ab \u00e7a br\u00fble bien, ces trucs-l\u00e0, \u00e7a peut servir.\u00a0\u00bb<\/p>\n<p class=\"fig-paragraph\">En contrebas, des centaines de manifestants, la plupart masqu\u00e9s et gant\u00e9s, bloquent depuis six heures du matin la ceinture p\u00e9riph\u00e9rique rennaise, et s\u2019affairent \u00e0 repousser les forces de l\u2019ordre qui tentent de d\u00e9gager la circulation. Les jets de gaz lacrymog\u00e8ne et de tirs de mortiers\u2026<\/p>\n<p class=\"fig-premium-paywall__infos\">\n        Cet article est r\u00e9serv\u00e9 aux abonn\u00e9s.        Il vous reste 86% \u00e0 d\u00e9couvrir.\n    <\/p>\n<p>                <img  data- alt=\"Le Figaro\" class=\"fig-img--complete fig-img\"\/><\/p>\n<p class=\"fig-premium-paywall__title\">Vous avez envie de lire la suite ?<\/p>\n<p class=\"fig-premium-paywall__subtitle\">D\u00e9bloquez tous les articles imm\u00e9diatement.<\/p>\n<p class=\"fig-premium-paywall__connect\">\n                D\u00e9j\u00e0 abonn\u00e9\u00a0?                <a class=\"fig-premium-paywall__connect-link\" href=\"https:\/\/connect.lefigaro.fr\/login?client=horizon_web&amp;type=main&amp;redirect_uri=https%3A%2F%2Fwww.lefigaro.fr%2Factualite-france%2Fbus-incendie-rocade-bloquee-le-recit-du-10-septembre-a-rennes-c-est-le-chaos-complet-20250910\" data-js-gtm=\"{&quot;customCategorie&quot;: &quot;conversion&quot;, &quot;customAction&quot;: &quot;before_Landing_Connexion_paywall_auto&quot;, &quot;customLabel&quot;: &quot;bGVmaWdhcm8uZnJfXzFmMDhlNDI2LTJmNjktNjlmZS1iMTY4LTdmNTZhM2I5YzkwYl9fQXJ0aWNsZQ==_Bus incendi\u00e9, rocade bloqu\u00e9e, le r\u00e9cit du 10 septembre \u00e0 Rennes\u00a0: \u00abc\u2019est le chaos complet\u00bb_276&quot;, &quot;customIDSPE&quot;: &quot;bGVmaWdhcm8uZnJfXzFmMDhlNDI2LTJmNjktNjlmZS1iMTY4LTdmNTZhM2I5YzkwYl9fQXJ0aWNsZQ==&quot;, &quot;event&quot;: &quot;customEventSPE&quot;}\" target=\"_blank\" rel=\"noopener\"><br \/>\n                    Connectez-vous<br \/>\n                <\/a>\n            <\/p>\n","protected":false},"excerpt":{"rendered":"REPORTAGE &#8211; Ce bastion de gauche \u00e9tait dans le viseur des autorit\u00e9s pour les potentiels d\u00e9bordements du 10&hellip;\n","protected":false},"author":2,"featured_media":380387,"comment_status":"","ping_status":"","sticky":false,"template":"","format":"standard","meta":{"footnotes":""},"categories":[2821],"tags":[1111,11,829,1777,674,1011,27,6151,1272,12,584,25],"class_list":{"0":"post-380386","1":"post","2":"type-post","3":"status-publish","4":"format-standard","5":"has-post-thumbnail","7":"category-rennes","8":"tag-actu","9":"tag-actualites","10":"tag-bretagne","11":"tag-eu","12":"tag-europe","13":"tag-fr","14":"tag-france","15":"tag-greve","16":"tag-manifestations","17":"tag-news","18":"tag-rennes","19":"tag-republique-francaise"},"share_on_mastodon":{"url":"https:\/\/pubeurope.com\/@fr\/115180339446126934","error":""},"_links":{"self":[{"href":"https:\/\/www.europesays.com\/fr\/wp-json\/wp\/v2\/posts\/380386","targetHints":{"allow":["GET"]}}],"collection":[{"href":"https:\/\/www.europesays.com\/fr\/wp-json\/wp\/v2\/posts"}],"about":[{"href":"https:\/\/www.europesays.com\/fr\/wp-json\/wp\/v2\/types\/post"}],"author":[{"embeddable":true,"href":"https:\/\/www.europesays.com\/fr\/wp-json\/wp\/v2\/users\/2"}],"replies":[{"embeddable":true,"href":"https:\/\/www.europesays.com\/fr\/wp-json\/wp\/v2\/comments?post=380386"}],"version-history":[{"count":0,"href":"https:\/\/www.europesays.com\/fr\/wp-json\/wp\/v2\/posts\/380386\/revisions"}],"wp:featuredmedia":[{"embeddable":true,"href":"https:\/\/www.europesays.com\/fr\/wp-json\/wp\/v2\/media\/380387"}],"wp:attachment":[{"href":"https:\/\/www.europesays.com\/fr\/wp-json\/wp\/v2\/media?parent=380386"}],"wp:term":[{"taxonomy":"category","embeddable":true,"href":"https:\/\/www.europesays.com\/fr\/wp-json\/wp\/v2\/categories?post=380386"},{"taxonomy":"post_tag","embeddable":true,"href":"https:\/\/www.europesays.com\/fr\/wp-json\/wp\/v2\/tags?post=380386"}],"curies":[{"name":"wp","href":"https:\/\/api.w.org\/{rel}","templated":true}]}}