{"id":380388,"date":"2025-09-10T13:54:13","date_gmt":"2025-09-10T13:54:13","guid":{"rendered":"https:\/\/www.europesays.com\/fr\/380388\/"},"modified":"2025-09-10T13:54:13","modified_gmt":"2025-09-10T13:54:13","slug":"bas-rhin-les-dernieres-nouvelles-dalsace-aujourdhui-a-1530-mis-a-jour-aujourdhui-a-1553-temps-de-lecture","status":"publish","type":"post","link":"https:\/\/www.europesays.com\/fr\/380388\/","title":{"rendered":"Bas-Rhin Les Derni\u00e8res Nouvelles d&rsquo;Alsace &#8211; Aujourd&rsquo;hui \u00e0 15:30 | mis \u00e0 jour aujourd&rsquo;hui \u00e0 15:53 &#8211; Temps de lecture :"},"content":{"rendered":"<p>Les pr\u00e9fets du Bas-Rhin et de la Moselle ont tous deux pris un arr\u00eat\u00e9 autorisant l\u2019usage, par les forces de l\u2019ordre, dans des p\u00e9rim\u00e8tres g\u00e9ographiques d\u00e9finis, de drones \u00ab\u00a0\u00e9quip\u00e9s de cam\u00e9ras de surveillance lors des manifestations\u00a0\u00bb du mouvement \u00ab\u00a0Bloquons tout\u00a0\u00bb ce mercredi.<\/p>\n<p>Le juge des r\u00e9f\u00e9r\u00e9s du tribunal administratif de Strasbourg a \u00e9t\u00e9 saisi de deux recours en \u00ab\u00a0r\u00e9f\u00e9r\u00e9-libert\u00e9\u00a0\u00bb contre ces arr\u00eat\u00e9s, recours d\u00e9pos\u00e9s par le syndicat des avocat.e.s de France (SAF), le syndicat de la magistrature (SM) et l\u2019association de d\u00e9fense des libert\u00e9s constitutionnelles (Adelico) Ce type de recours permet au juge de prendre en urgence des mesures \u00ab\u00a0pour pr\u00e9server l\u2019exercice d\u2019une libert\u00e9 fondamentale lorsqu\u2019une atteinte grave et manifestement ill\u00e9gale y est port\u00e9e par l\u2019administration\u00a0\u00bb. Le juge doit s\u2019assurer que cette mesure de surveillance est \u00ab\u00a0bien n\u00e9cessaire et proportionn\u00e9e\u00a0\u00bb.<\/p>\n<p>L&rsquo;arr\u00eat\u00e9 valid\u00e9 dans le Bas-Rhin, mais retoqu\u00e9 en Moselle<\/p>\n<p>Notant que l\u2019arr\u00eat\u00e9 du pr\u00e9fet du Bas-Rhin reste circonscrit \u00e0 un p\u00e9rim\u00e8tre g\u00e9ographique bien limit\u00e9 et cartographi\u00e9, dans lequel des d\u00e9bordements ont d\u00e9j\u00e0 eu lieu dans le pass\u00e9, le juge a convenu qu\u2019il faut aux forces de l\u2019ordre \u00ab\u00a0pouvoir disposer d\u2019une vision globale permettant de d\u00e9celer rapidement toute d\u00e9gradation ou mouvement de foule et orienter les interventions des services de s\u00e9curit\u00e9\u00a0\u00bb.<\/p>\n<p>Le juge a estim\u00e9 en revanche que l\u2019arr\u00eat\u00e9 du pr\u00e9fet de Moselle portait, de mani\u00e8re g\u00e9n\u00e9rale et sans justification de la r\u00e9alit\u00e9 du risque, sur une zone de survol tr\u00e8s large s\u2019\u00e9tendant aux communes de Metz, Longeville-l\u00e8s-Metz, Montigny-l\u00e8s-Metz, Scy-Chazelles, Le Ban-Saint-Martin, Plappeville, Woippy, Saint-Julien-l\u00e8s-Metz. \u00ab\u00a0Le pr\u00e9fet n\u2019apportait ainsi pas la preuve que les objectifs de maintien de l\u2019ordre ne pouvaient \u00eatre atteints sans recourir \u00e0 l\u2019utilisation des drones\u00a0\u00bb, souligne le tribunal administratif.<\/p>\n<p>L\u2019arr\u00eat\u00e9 du pr\u00e9fet de Moselle a donc \u00e9t\u00e9 suspendu. En revanche, l\u2019usage de drones par les forces de l\u2019ordre dans le cadre des manifestations de ce mercredi est autoris\u00e9 \u00e0 Strasbourg.<\/p>\n","protected":false},"excerpt":{"rendered":"Les pr\u00e9fets du Bas-Rhin et de la Moselle ont tous deux pris un arr\u00eat\u00e9 autorisant l\u2019usage, par les&hellip;\n","protected":false},"author":2,"featured_media":380389,"comment_status":"","ping_status":"","sticky":false,"template":"","format":"standard","meta":{"footnotes":""},"categories":[2820],"tags":[1111,11,2389,2649,9671,2880,1777,674,274,107,1011,27,775,12,25,801,640,2879],"class_list":{"0":"post-380388","1":"post","2":"type-post","3":"status-publish","4":"format-standard","5":"has-post-thumbnail","7":"category-strasbourg","8":"tag-actu","9":"tag-actualites","10":"tag-alsace","11":"tag-bas-rhin","12":"tag-conflit-social","13":"tag-edition-strasbourg","14":"tag-eu","15":"tag-europe","16":"tag-faits-divers-justice","17":"tag-fil-info","18":"tag-fr","19":"tag-france","20":"tag-grand-est","21":"tag-news","22":"tag-republique-francaise","23":"tag-social","24":"tag-strasbourg","25":"tag-strasbourg-ville"},"share_on_mastodon":{"url":"https:\/\/pubeurope.com\/@fr\/115180343483056940","error":""},"_links":{"self":[{"href":"https:\/\/www.europesays.com\/fr\/wp-json\/wp\/v2\/posts\/380388","targetHints":{"allow":["GET"]}}],"collection":[{"href":"https:\/\/www.europesays.com\/fr\/wp-json\/wp\/v2\/posts"}],"about":[{"href":"https:\/\/www.europesays.com\/fr\/wp-json\/wp\/v2\/types\/post"}],"author":[{"embeddable":true,"href":"https:\/\/www.europesays.com\/fr\/wp-json\/wp\/v2\/users\/2"}],"replies":[{"embeddable":true,"href":"https:\/\/www.europesays.com\/fr\/wp-json\/wp\/v2\/comments?post=380388"}],"version-history":[{"count":0,"href":"https:\/\/www.europesays.com\/fr\/wp-json\/wp\/v2\/posts\/380388\/revisions"}],"wp:featuredmedia":[{"embeddable":true,"href":"https:\/\/www.europesays.com\/fr\/wp-json\/wp\/v2\/media\/380389"}],"wp:attachment":[{"href":"https:\/\/www.europesays.com\/fr\/wp-json\/wp\/v2\/media?parent=380388"}],"wp:term":[{"taxonomy":"category","embeddable":true,"href":"https:\/\/www.europesays.com\/fr\/wp-json\/wp\/v2\/categories?post=380388"},{"taxonomy":"post_tag","embeddable":true,"href":"https:\/\/www.europesays.com\/fr\/wp-json\/wp\/v2\/tags?post=380388"}],"curies":[{"name":"wp","href":"https:\/\/api.w.org\/{rel}","templated":true}]}}