{"id":380390,"date":"2025-09-10T13:55:17","date_gmt":"2025-09-10T13:55:17","guid":{"rendered":"https:\/\/www.europesays.com\/fr\/380390\/"},"modified":"2025-09-10T13:55:17","modified_gmt":"2025-09-10T13:55:17","slug":"3-vols-annules-depuis-laeroport-de-strasbourg-a-cause-dun-mouvement-de-greve","status":"publish","type":"post","link":"https:\/\/www.europesays.com\/fr\/380390\/","title":{"rendered":"3 vols annul\u00e9s depuis l&rsquo;a\u00e9roport de Strasbourg \u00e0 cause d&rsquo;un mouvement de gr\u00e8ve"},"content":{"rendered":"<p>            Par<br \/>\n        <strong><br \/>\n            <a href=\"https:\/\/actu.fr\/auteur\/ivan-capecchi\" title=\"Consulter tous les articles de Ivan CAPECCHI\" target=\"_blank\" rel=\"noopener\">Ivan CAPECCHI<\/a><br \/>\n        <\/strong><\/p>\n<p>        Publi\u00e9 le<\/p>\n<p>            10 sept. 2025 \u00e0 13h38        <\/p>\n<p>Ce <strong>mercredi 10 septembre 2025<\/strong>, trois vols <a href=\"https:\/\/actu.fr\/tag\/volotea\" target=\"_blank\" rel=\"noopener\">Volotea<\/a> au d\u00e9part de l\u2019<a href=\"https:\/\/actu.fr\/tag\/aeroport-de-strasbourg\" target=\"_blank\" rel=\"noopener\">a\u00e9roport de Strasbourg<\/a> sont annul\u00e9s, en raison d\u2019une <strong>gr\u00e8ve des contr\u00f4leurs a\u00e9riens<\/strong>.<\/p>\n<p class=\" wall-content\">Les vols concern\u00e9s sont ceux vers <strong>Toulouse \u00e0 15h35<\/strong>, <strong>Bordeaux \u00e0 19h40<\/strong> et <strong>Marseille \u00e0 21h45<\/strong>.<\/p>\n<p>En cas d\u2019annulation d\u2019un vol Volotea, n\u2019allez pas \u00e0 l\u2019a\u00e9roport<\/p>\n<p class=\" wall-content\">\u00ab\u00a0En cas <strong>d\u2019annulation<\/strong> de votre vol, nous vous sugg\u00e9rons de ne pas aller \u00e0 l\u2019a\u00e9roport et de <strong>demander une modification ou remboursement<\/strong> via notre site web au lien <a href=\"https:\/\/booking.volotea.com\/SearchCancellation.aspx?culture=fr-FR&amp;_gl=1*qc0h2n*_gcl_au*MTA5NDA3MTY1OS4xNzU3MTY3MDYx*_ga*MTMxMzI1MjQzOC4xNzU3MTY3MDYx*_ga_BKLW37ZYQM*czE3NTc1MDMxNTgkbzMkZzAkdDE3NTc1MDMxNTgkajYwJGwwJGgw\" target=\"_blank\" rel=\"noopener\">G\u00e9rer votre r\u00e9servation<\/a>\u00ab\u00a0, explique Volotea sur son site.<\/p>\n<p class=\" wall-content\">\u00ab\u00a0Les passagers directement affect\u00e9s seront <strong>inform\u00e9s par e-mail et par SMS<\/strong>\u00a0des options alternatives disponibles pour arriver \u00e0 leur destination\u00a0\u00bb, pr\u00e9cise la compagnie a\u00e9rienne low cost.<\/p>\n<p class=\" wall-content\">Personnalisez votre actualit\u00e9 en ajoutant vos villes et m\u00e9dias en favori avec <a href=\"https:\/\/moncompte.actu.fr\" title=\"D\u00e9couvez Mon Actu\" rel=\"nofollow noopener\" data-trk=\"{&quot;cta&quot;:{&quot;action&quot;:&quot;https:\\\/\\\/moncompte.actu.fr&quot;,&quot;category&quot;:&quot;mon compte&quot;,&quot;from&quot;:&quot;article footer&quot;,&quot;name&quot;:&quot;Mon actu&quot;,&quot;type&quot;:&quot;cta&quot;}}\" target=\"_blank\">Mon Actu<\/a>.<\/p>\n","protected":false},"excerpt":{"rendered":"Par Ivan CAPECCHI Publi\u00e9 le 10 sept. 2025 \u00e0 13h38 Ce mercredi 10 septembre 2025, trois vols Volotea&hellip;\n","protected":false},"author":2,"featured_media":380391,"comment_status":"","ping_status":"","sticky":false,"template":"","format":"standard","meta":{"footnotes":""},"categories":[2820],"tags":[1111,11,30491,1777,674,1011,27,775,12,25,104,640,11756],"class_list":{"0":"post-380390","1":"post","2":"type-post","3":"status-publish","4":"format-standard","5":"has-post-thumbnail","7":"category-strasbourg","8":"tag-actu","9":"tag-actualites","10":"tag-aeroport-de-strasbourg","11":"tag-eu","12":"tag-europe","13":"tag-fr","14":"tag-france","15":"tag-grand-est","16":"tag-news","17":"tag-republique-francaise","18":"tag-societe","19":"tag-strasbourg","20":"tag-volotea"},"share_on_mastodon":{"url":"https:\/\/pubeurope.com\/@fr\/115180347458656898","error":""},"_links":{"self":[{"href":"https:\/\/www.europesays.com\/fr\/wp-json\/wp\/v2\/posts\/380390","targetHints":{"allow":["GET"]}}],"collection":[{"href":"https:\/\/www.europesays.com\/fr\/wp-json\/wp\/v2\/posts"}],"about":[{"href":"https:\/\/www.europesays.com\/fr\/wp-json\/wp\/v2\/types\/post"}],"author":[{"embeddable":true,"href":"https:\/\/www.europesays.com\/fr\/wp-json\/wp\/v2\/users\/2"}],"replies":[{"embeddable":true,"href":"https:\/\/www.europesays.com\/fr\/wp-json\/wp\/v2\/comments?post=380390"}],"version-history":[{"count":0,"href":"https:\/\/www.europesays.com\/fr\/wp-json\/wp\/v2\/posts\/380390\/revisions"}],"wp:featuredmedia":[{"embeddable":true,"href":"https:\/\/www.europesays.com\/fr\/wp-json\/wp\/v2\/media\/380391"}],"wp:attachment":[{"href":"https:\/\/www.europesays.com\/fr\/wp-json\/wp\/v2\/media?parent=380390"}],"wp:term":[{"taxonomy":"category","embeddable":true,"href":"https:\/\/www.europesays.com\/fr\/wp-json\/wp\/v2\/categories?post=380390"},{"taxonomy":"post_tag","embeddable":true,"href":"https:\/\/www.europesays.com\/fr\/wp-json\/wp\/v2\/tags?post=380390"}],"curies":[{"name":"wp","href":"https:\/\/api.w.org\/{rel}","templated":true}]}}