{"id":380392,"date":"2025-09-10T13:56:10","date_gmt":"2025-09-10T13:56:10","guid":{"rendered":"https:\/\/www.europesays.com\/fr\/380392\/"},"modified":"2025-09-10T13:56:10","modified_gmt":"2025-09-10T13:56:10","slug":"deux-blesses-une-enseignante-visee","status":"publish","type":"post","link":"https:\/\/www.europesays.com\/fr\/380392\/","title":{"rendered":"deux bless\u00e9s, une enseignante vis\u00e9e"},"content":{"rendered":"<p>            Par<br \/>\n        <strong><br \/>\n            <a href=\"https:\/\/actu.fr\/auteur\/manon-reinhardt\" title=\"Consulter tous les articles de Manon Reinhardt\" rel=\"nofollow noopener\" target=\"_blank\">Manon Reinhardt<\/a><br \/>\n        <\/strong><\/p>\n<p>        Publi\u00e9 le<\/p>\n<p>            10 sept. 2025 \u00e0 15h21<br \/>\n        ; mis \u00e0 jour le 10 sept. 2025 \u00e0 15h39    <\/p>\n<p>Effroi dans le lyc\u00e9e horticole d\u2019Antibes, pr\u00e8s de <a href=\"https:\/\/actu.fr\/provence-alpes-cote-d-azur\/nice_06088\" rel=\"nofollow noopener\" target=\"_blank\">Nice<\/a> (<a href=\"https:\/\/actu.fr\/provence-alpes-cote-d-azur\/alpes-maritimes_06\" rel=\"nofollow noopener\" target=\"_blank\">Alpes-Maritimes<\/a>), ce mercredi apr\u00e8s-midi. Un individu s\u2019est introduit dans l\u2019\u00e9tablissement et <strong>a bless\u00e9 deux personnes par arme blanche<\/strong>, apprend-on des services pr\u00e9fectoraux, confirmant une information de <a href=\"https:\/\/www.nicematin.com\/faits-divers\/attaque-au-couteau-au-lycee-horticole-d-antibes-au-moins-deux-blesses-dont-un-dans-un-etat-grave-l-assaillant-interpelle-1001365\" rel=\"nofollow noopener\" target=\"_blank\">Nice-Matin<\/a>. Une enseignante de 52\u00a0ans et un \u00e9l\u00e8ve de 16\u00a0ans ont \u00e9t\u00e9 vis\u00e9s.<\/p>\n<p class=\" wall-content\">L\u2019assaillant a \u00e9t\u00e9 imm\u00e9diatement neutralis\u00e9 puis interpell\u00e9. Annie Genevard, la ministre de l\u2019Agriculture et de la Souverainet\u00e9 alimentaire de la France, est attendue sur place.<\/p>\n<p>Deux personnes poignard\u00e9es, confirme la pr\u00e9fecture<\/p>\n<p class=\" wall-content\">Alors toutes les cam\u00e9ras sont braqu\u00e9es sur <a href=\"https:\/\/actu.fr\/societe\/direct-greve-du-10-septembre-manifestations-blocages-perturbations-suivez-la-mobilisation_63137181.html\" rel=\"nofollow noopener\" target=\"_blank\">les mobilisations de ce 10\u00a0septembre<\/a>, un individu inconnu\u00a0<strong>s\u2019est introduit <\/strong>dans le lyc\u00e9e horticole d\u2019Antibes, ce mercredi apr\u00e8s-midi, r\u00e9v\u00e8le Nice-Matin.<\/p>\n<p>    <a href=\"https:\/\/www.google.com\/maps\/embed?pb=!1m18!1m12!1m3!1d2889.3939371828046!2d7.108260914683335!3d43.59833870740638!2m3!1f0!2f0!3f0!3m2!1i1024!2i768!4f13.1!3m3!1m2!1s0x12cdd56b4ae20fcb%3A0x3ae142ec2bc320d5!2sCAMPUS%20VERT%20D%27AZUR!5e0!3m2!1sfr!2sfr!4v1757510360754!5m2!1sfr!2sfr\" title=\"Ouvrie le lien\" rel=\"nofollow noopener\" target=\"_blank\">Cliquez ici pour visualiser le contenu<\/a><\/p>\n<p class=\" wall-content\">Il a ensuite bless\u00e9 deux personnes \u00e0 l\u2019arme blanche, avant d\u2019\u00eatre interpell\u00e9 par les forces de l\u2019ordre. Des informations confirm\u00e9es par la pr\u00e9fecture des Alpes-Maritimes \u00e0 actu Nice.<\/p>\n<p class=\" wall-content\"><strong>Une enseignante de 52\u00a0ans a \u00e9t\u00e9 gravement bless\u00e9e<\/strong> sans que son pronostic vital ne soit engag\u00e9, selon les services de l\u2019\u00c9tat. Un \u00e9l\u00e8ve de 16\u00a0ans est touch\u00e9 plus superficiellement, a \u00e9galement pr\u00e9cis\u00e9 une source pr\u00e9fectorale.<\/p>\n<p>Un ancien \u00e9l\u00e8ve\u2009?<\/p>\n<p class=\" wall-content\">Le pr\u00e9sident de la r\u00e9gion Sud, Renaud Muselier, vient de r\u00e9agir sur X\u2009:<\/p>\n<p>Votre r\u00e9gion, votre actu !<\/p>\n<p>Recevez chaque jour les infos qui comptent pour vous.<\/p>\n<p>\t<a href=\"https:\/\/actu.fr\/newsletter\" class=\"ac-btn ac-btn--corner ac-btn--medium ac-btn--blue800\" rel=\"nofollow noopener\" target=\"_blank\">S&rsquo;incrire<\/a><\/p>\n<blockquote class=\"ac-article-quote wall-content\">\n<p>\u00ab\u2009Une professeur a \u00e9t\u00e9 attaqu\u00e9e au couteau par un ancien \u00e9l\u00e8ve, au lyc\u00e9e agricole d\u2019Antibes. Ce crime terrible est incompr\u00e9hensible et inacceptable. Je souhaite de tout c\u0153ur que la victime soit sauv\u00e9e.\u2009\u00bb<\/p>\n<p>    <strong\/>\n            <\/p><\/blockquote>\n<p class=\" wall-content\">Si le profil de l\u2019assaillant n\u2019est pas encore pr\u00e9cis\u00e9ment connu, le patron de la collectivit\u00e9, en charge des lyc\u00e9es, pr\u00e9cise qu\u2019il pourrait s\u2019agir d\u2019un ancien \u00e9l\u00e8ve de l\u2019\u00e9tablissement.<\/p>\n<p class=\" wall-content\">\n<p class=\" wall-content\">Jean Leonetti, le maire d\u2019Antibes, a \u00e9galement r\u00e9agi sur ses r\u00e9seaux sociaux.<\/p>\n<p class=\" wall-content\">L\u2019\u00e9dile confirme que <strong>les jours des deux personnes bless\u00e9es ne sont pas en danger<\/strong> et exprime \u00ab\u2009tout [son] soutien aux victimes et \u00e0 leurs proches\u2009\u00bb.<\/p>\n<p class=\" wall-content\">\n<p class=\" wall-content\">\u00ab\u2009L\u2019auteur a pu \u00eatre ma\u00eetris\u00e9 gr\u00e2ce au sang-froid remarquable du chef d\u2019\u00e9tablissement et des \u00e9quipes pr\u00e9sentes\u2009\u00bb, \u00e9crit-il encore.<\/p>\n<p>Plusieurs attaques au couteau \u00e0 la suite<\/p>\n<p class=\" wall-content\">\u00ab\u2009Merci aux policiers, nationaux et municipaux, ainsi qu\u2019aux pompiers pour leur intervention rapide et leur engagement exemplaire dans cette situation extr\u00eamement tendue, symbole de <strong>la tragique mont\u00e9e de la violence<\/strong> dans notre pays\u2009\u00bb, a \u00e9galement r\u00e9agi sur X le d\u00e9put\u00e9 de la circonscription, \u00c9ric Pauget (LR).<\/p>\n<p class=\" wall-content\">Sur X toujours, la ministre d\u00e9missionnaire de l\u2019Agriculture et de la Souverainet\u00e9 alimentaire de la France Annie Genevard a fait savoir qu\u2019elle se rendait <strong>\u00ab\u2009imm\u00e9diatement sur place\u2009\u00bb.<\/strong> \u00ab\u2009L\u2019\u00e9cole doit rester un sanctuaire r\u00e9publicain\u2009: la violence n\u2019y a aucune place et ne sera jamais tol\u00e9r\u00e9e\u2009\u00bb, \u00e9crit-elle sur le r\u00e9seau social.<\/p>\n<p class=\" wall-content\">\n<p class=\" wall-content\">Plusieurs coll\u00e8ges ou lyc\u00e9es ont \u00e9t\u00e9 touch\u00e9s ces derniers mois par des attaques au couteau.<br \/>La semaine derni\u00e8re, un enseignant a \u00e9t\u00e9 l\u00e9g\u00e8rement bless\u00e9 par un de ses coll\u00e8gues, qui lui a port\u00e9 deux coups de couteau lors d\u2019une altercation dans la salle des professeurs d\u2019<strong>un lyc\u00e9e de Martigues,<\/strong> dans les Bouches-du-Rh\u00f4ne, <a href=\"https:\/\/actu.fr\/provence-alpes-cote-d-azur\/martigues_13056\/pres-de-marseille-un-enseignant-agresse-un-collegue-avec-un-couteau-ce-lycee-fermee-d-urgence_63110267.html\" rel=\"nofollow noopener\" target=\"_blank\">comme l\u2019a rapport\u00e9 actu Marseille.<\/a><\/p>\n<p class=\" wall-content\">Personnalisez votre actualit\u00e9 en ajoutant vos villes et m\u00e9dias en favori avec <a href=\"https:\/\/moncompte.actu.fr\" title=\"D\u00e9couvez Mon Actu\" rel=\"nofollow noopener\" data-trk=\"{&quot;cta&quot;:{&quot;action&quot;:&quot;https:\\\/\\\/moncompte.actu.fr&quot;,&quot;category&quot;:&quot;mon compte&quot;,&quot;from&quot;:&quot;article footer&quot;,&quot;name&quot;:&quot;Mon actu&quot;,&quot;type&quot;:&quot;cta&quot;}}\" target=\"_blank\">Mon Actu<\/a>.<\/p>\n","protected":false},"excerpt":{"rendered":"Par Manon Reinhardt Publi\u00e9 le 10 sept. 2025 \u00e0 15h21 ; mis \u00e0 jour le 10 sept. 2025&hellip;\n","protected":false},"author":2,"featured_media":380393,"comment_status":"","ping_status":"","sticky":false,"template":"","format":"standard","meta":{"footnotes":""},"categories":[2819],"tags":[1111,11,1777,674,118,1011,27,303,12,2401,882,25],"class_list":{"0":"post-380392","1":"post","2":"type-post","3":"status-publish","4":"format-standard","5":"has-post-thumbnail","7":"category-nice","8":"tag-actu","9":"tag-actualites","10":"tag-eu","11":"tag-europe","12":"tag-faits-divers","13":"tag-fr","14":"tag-france","15":"tag-justice","16":"tag-news","17":"tag-nice","18":"tag-provence-alpes-cote-dazur","19":"tag-republique-francaise"},"share_on_mastodon":{"url":"https:\/\/pubeurope.com\/@fr\/115180351278064896","error":""},"_links":{"self":[{"href":"https:\/\/www.europesays.com\/fr\/wp-json\/wp\/v2\/posts\/380392","targetHints":{"allow":["GET"]}}],"collection":[{"href":"https:\/\/www.europesays.com\/fr\/wp-json\/wp\/v2\/posts"}],"about":[{"href":"https:\/\/www.europesays.com\/fr\/wp-json\/wp\/v2\/types\/post"}],"author":[{"embeddable":true,"href":"https:\/\/www.europesays.com\/fr\/wp-json\/wp\/v2\/users\/2"}],"replies":[{"embeddable":true,"href":"https:\/\/www.europesays.com\/fr\/wp-json\/wp\/v2\/comments?post=380392"}],"version-history":[{"count":0,"href":"https:\/\/www.europesays.com\/fr\/wp-json\/wp\/v2\/posts\/380392\/revisions"}],"wp:featuredmedia":[{"embeddable":true,"href":"https:\/\/www.europesays.com\/fr\/wp-json\/wp\/v2\/media\/380393"}],"wp:attachment":[{"href":"https:\/\/www.europesays.com\/fr\/wp-json\/wp\/v2\/media?parent=380392"}],"wp:term":[{"taxonomy":"category","embeddable":true,"href":"https:\/\/www.europesays.com\/fr\/wp-json\/wp\/v2\/categories?post=380392"},{"taxonomy":"post_tag","embeddable":true,"href":"https:\/\/www.europesays.com\/fr\/wp-json\/wp\/v2\/tags?post=380392"}],"curies":[{"name":"wp","href":"https:\/\/api.w.org\/{rel}","templated":true}]}}