{"id":380394,"date":"2025-09-10T13:57:12","date_gmt":"2025-09-10T13:57:12","guid":{"rendered":"https:\/\/www.europesays.com\/fr\/380394\/"},"modified":"2025-09-10T13:57:12","modified_gmt":"2025-09-10T13:57:12","slug":"a-antibes-deux-blesses-apres-une-attaque-au-couteau-au-lycee-horticole-liberation","status":"publish","type":"post","link":"https:\/\/www.europesays.com\/fr\/380394\/","title":{"rendered":"A Antibes, deux bless\u00e9s apr\u00e8s une attaque au couteau au lyc\u00e9e horticole \u2013 Lib\u00e9ration"},"content":{"rendered":"<p class=\"sc-cPiKLX AiZTS text-element\">Le lyc\u00e9e horticole d\u2019Antibes a \u00e9t\u00e9 le th\u00e9\u00e2tre d\u2019une attaque au couteau ce mercredi 10 septembre. Selon une information de<a href=\"https:\/\/grave\" target=\"_blank\" rel=\"nofollow\" title=\"https:\/\/grave\"> Nice-Matin<\/a> confirm\u00e9e par le procureur de Grasse aupr\u00e8s de Lib\u00e9ration, l\u2019attaque a fait au moins deux bless\u00e9s dont un qui serait dans un \u00e9tat grave. L\u2019assaillant a \u00e9t\u00e9 interpell\u00e9, pr\u00e9cisent les services du procureur. <\/p>\n<p class=\"sc-cPiKLX AiZTS text-element\">Les deux victimes seraient une enseignante de 52 ans et un \u00e9l\u00e8ve de 16 ans, pr\u00e9cise la pr\u00e9fecture aupr\u00e8s de Lib\u00e9ration qui ajoute que la premi\u00e8re a \u00e9t\u00e9 gri\u00e8vement bless\u00e9e, \u00absans pronostic vital engag\u00e9\u00bb, tandis que l\u2019adolescent n\u2019a re\u00e7u que des blessures superficielles. <\/p>\n<p class=\"sc-cPiKLX AiZTS text-element\">La ministre Annie Genevard a annonc\u00e9 qu\u2019elle se rendait \u00abimm\u00e9diatement sur place\u00bb et ajoute que \u00abl\u2019\u00e9cole doit rester un sanctuaire r\u00e9publicain\u00bb.  <\/p>\n<p class=\"sc-cPiKLX AiZTS text-element\">Selon Nice-Matin, l\u2019assaillant pourrait \u00eatre un ancien lyc\u00e9en. Les forces de l\u2019ordre ont proc\u00e9d\u00e9 \u00e0 l\u2019interpellation d\u2019un suspect arm\u00e9 d\u2019un couteau qui s\u2019\u00e9tait retranch\u00e9 dans le bureau du proviseur. <\/p>\n<p class=\"sc-cPiKLX AiZTS text-element\">Une enseignante contact\u00e9e par Nice-matin rappelle que le mercredi est un \u00abjour calme\u00bb et qu\u2019il y avait seulement \u00abquatre ou cinq voitures d\u2019enseignants\u00bb lorsqu\u2019elle a quitt\u00e9 les lieux. Elle ajoute : \u00abLe lyc\u00e9e horticole fait 10 hectares et est ouvert aux quatre vents. Cela fait des ann\u00e9es que l\u2019on demande la s\u00e9curisation du portail d\u2019entr\u00e9e.\u00bb <\/p>\n<p class=\"sc-cPiKLX AiZTS text-element\">Dans un message post\u00e9 sur X, Christian Estrosi, maire de Nice, a fait part de son \u00ab\u00e9motion\u00bb et de son \u00abeffroi\u00bb. \u00abEmotion et effroi apr\u00e8s l\u2019attaque au couteau au lyc\u00e9e horticole d\u2019Antibes, qui a fait au moins deux bless\u00e9s dont un grave. Nos \u00e9coles ne devraient jamais \u00eatre le th\u00e9\u00e2tre d\u2019une telle violence\u00bb, \u00e9crit l\u2019\u00e9dile.  <\/p>\n<p class=\"sc-cPiKLX AiZTS text-element\">Le maire d\u2019Antibes Jean Leonetti a pr\u00e9cis\u00e9 \u00e0 Nice-matin que l\u2019assaillant \u00aba pu \u00eatre ma\u00eetris\u00e9 gr\u00e2ce au sang-froid remarquable du chef d\u2019\u00e9tablissement et des \u00e9quipes pr\u00e9sentes\u00bb.  <\/p>\n<p class=\"sc-cPiKLX AiZTS text-element\"><b>Mise \u00e0 jour<\/b> \u00e0 15 h 45 avec davantage d\u2019informations; \u00e0 15 h 33 avec les pr\u00e9cisions de la pr\u00e9fecture. <\/p>\n","protected":false},"excerpt":{"rendered":"Le lyc\u00e9e horticole d\u2019Antibes a \u00e9t\u00e9 le th\u00e9\u00e2tre d\u2019une attaque au couteau ce mercredi 10 septembre. Selon une&hellip;\n","protected":false},"author":2,"featured_media":380395,"comment_status":"","ping_status":"","sticky":false,"template":"","format":"standard","meta":{"footnotes":""},"categories":[2819],"tags":[1111,11,1777,674,118,1011,27,12,2401,882,25],"class_list":{"0":"post-380394","1":"post","2":"type-post","3":"status-publish","4":"format-standard","5":"has-post-thumbnail","7":"category-nice","8":"tag-actu","9":"tag-actualites","10":"tag-eu","11":"tag-europe","12":"tag-faits-divers","13":"tag-fr","14":"tag-france","15":"tag-news","16":"tag-nice","17":"tag-provence-alpes-cote-dazur","18":"tag-republique-francaise"},"share_on_mastodon":{"url":"https:\/\/pubeurope.com\/@fr\/115180355196149669","error":""},"_links":{"self":[{"href":"https:\/\/www.europesays.com\/fr\/wp-json\/wp\/v2\/posts\/380394","targetHints":{"allow":["GET"]}}],"collection":[{"href":"https:\/\/www.europesays.com\/fr\/wp-json\/wp\/v2\/posts"}],"about":[{"href":"https:\/\/www.europesays.com\/fr\/wp-json\/wp\/v2\/types\/post"}],"author":[{"embeddable":true,"href":"https:\/\/www.europesays.com\/fr\/wp-json\/wp\/v2\/users\/2"}],"replies":[{"embeddable":true,"href":"https:\/\/www.europesays.com\/fr\/wp-json\/wp\/v2\/comments?post=380394"}],"version-history":[{"count":0,"href":"https:\/\/www.europesays.com\/fr\/wp-json\/wp\/v2\/posts\/380394\/revisions"}],"wp:featuredmedia":[{"embeddable":true,"href":"https:\/\/www.europesays.com\/fr\/wp-json\/wp\/v2\/media\/380395"}],"wp:attachment":[{"href":"https:\/\/www.europesays.com\/fr\/wp-json\/wp\/v2\/media?parent=380394"}],"wp:term":[{"taxonomy":"category","embeddable":true,"href":"https:\/\/www.europesays.com\/fr\/wp-json\/wp\/v2\/categories?post=380394"},{"taxonomy":"post_tag","embeddable":true,"href":"https:\/\/www.europesays.com\/fr\/wp-json\/wp\/v2\/tags?post=380394"}],"curies":[{"name":"wp","href":"https:\/\/api.w.org\/{rel}","templated":true}]}}