{"id":380396,"date":"2025-09-10T13:58:22","date_gmt":"2025-09-10T13:58:22","guid":{"rendered":"https:\/\/www.europesays.com\/fr\/380396\/"},"modified":"2025-09-10T13:58:22","modified_gmt":"2025-09-10T13:58:22","slug":"grand-rassemblement-des-chanteurs-en-liturgie-les-15-et-16-novembre-a-nantes","status":"publish","type":"post","link":"https:\/\/www.europesays.com\/fr\/380396\/","title":{"rendered":"Grand rassemblement des chanteurs en liturgie, les 15 et 16 novembre, \u00e0 Nantes"},"content":{"rendered":"<p>Cinq ans apr\u00e8s l\u2019incendie qui d\u00e9truisait le grand orgue et la verri\u00e8re du 15\u00e8me si\u00e8cle, <strong>la cath\u00e9drale saint-Pierre-et-saint-Paul de Nantes s\u2019appr\u00eate \u00e0 rouvrir ses portes.<\/strong><br \/>Pour c\u00e9l\u00e9brer cet \u00e9v\u00e9nement, <strong>les chanteurs liturgiques des dioc\u00e8ses de la Province de Rennes sont invit\u00e9s \u00e0 se retrouver les 15 et 16 novembre 2025 \u00e0 Nantes.<\/strong><br \/>Nous comptons sur chacun et chacune d\u2019entre vous pour remplir la Cath\u00e9drale de 800 voix !<\/p>\n<p><strong>\u2013 Inscription avant le 1er octobre.<\/strong><br \/><strong>\u2013 Pr\u00e9sence\u00a0obligatoire<\/strong> <strong>aux r\u00e9p\u00e9titions au Juv\u00e9nat de Ch\u00e2teaulin :\u00a0<\/strong><br \/>Samedi 11 octobre 2025 de 9h30 \u00e0 16h\u00a0(pr\u00e9voir pique-nique)<br \/>Samedi 8 novembre de 9h30 \u00e0 12h30\u00a0<\/p>\n<p><strong>PLUS D\u2019INFORMATIONS ET INSCRIPTIONS <a class=\"\" href=\"https:\/\/www.helloasso.com\/associations\/musique-sacree-a-la-cathedrale-de-nantes\/evenements\/rassemblement-des-chanteurs-liturgiques-a-la-cathedrale-de-nantes%20\" target=\"_blank\" rel=\"noreferrer noopener nofollow\">ICI<\/a><\/strong><\/p>\n","protected":false},"excerpt":{"rendered":"Cinq ans apr\u00e8s l\u2019incendie qui d\u00e9truisait le grand orgue et la verri\u00e8re du 15\u00e8me si\u00e8cle, la cath\u00e9drale saint-Pierre-et-saint-Paul&hellip;\n","protected":false},"author":2,"featured_media":380397,"comment_status":"","ping_status":"","sticky":false,"template":"","format":"standard","meta":{"footnotes":""},"categories":[2818],"tags":[1111,11,1777,674,1011,27,766,12,2636,25],"class_list":{"0":"post-380396","1":"post","2":"type-post","3":"status-publish","4":"format-standard","5":"has-post-thumbnail","7":"category-nantes","8":"tag-actu","9":"tag-actualites","10":"tag-eu","11":"tag-europe","12":"tag-fr","13":"tag-france","14":"tag-nantes","15":"tag-news","16":"tag-pays-de-la-loire","17":"tag-republique-francaise"},"share_on_mastodon":{"url":"https:\/\/pubeurope.com\/@fr\/115180359089074109","error":""},"_links":{"self":[{"href":"https:\/\/www.europesays.com\/fr\/wp-json\/wp\/v2\/posts\/380396","targetHints":{"allow":["GET"]}}],"collection":[{"href":"https:\/\/www.europesays.com\/fr\/wp-json\/wp\/v2\/posts"}],"about":[{"href":"https:\/\/www.europesays.com\/fr\/wp-json\/wp\/v2\/types\/post"}],"author":[{"embeddable":true,"href":"https:\/\/www.europesays.com\/fr\/wp-json\/wp\/v2\/users\/2"}],"replies":[{"embeddable":true,"href":"https:\/\/www.europesays.com\/fr\/wp-json\/wp\/v2\/comments?post=380396"}],"version-history":[{"count":0,"href":"https:\/\/www.europesays.com\/fr\/wp-json\/wp\/v2\/posts\/380396\/revisions"}],"wp:featuredmedia":[{"embeddable":true,"href":"https:\/\/www.europesays.com\/fr\/wp-json\/wp\/v2\/media\/380397"}],"wp:attachment":[{"href":"https:\/\/www.europesays.com\/fr\/wp-json\/wp\/v2\/media?parent=380396"}],"wp:term":[{"taxonomy":"category","embeddable":true,"href":"https:\/\/www.europesays.com\/fr\/wp-json\/wp\/v2\/categories?post=380396"},{"taxonomy":"post_tag","embeddable":true,"href":"https:\/\/www.europesays.com\/fr\/wp-json\/wp\/v2\/tags?post=380396"}],"curies":[{"name":"wp","href":"https:\/\/api.w.org\/{rel}","templated":true}]}}