{"id":380398,"date":"2025-09-10T13:59:26","date_gmt":"2025-09-10T13:59:26","guid":{"rendered":"https:\/\/www.europesays.com\/fr\/380398\/"},"modified":"2025-09-10T13:59:26","modified_gmt":"2025-09-10T13:59:26","slug":"direct-bloquons-tout-la-situation-se-tend-a-angers-et-nantes-plusieurs-milliers-de-personnes-dans-la-rue","status":"publish","type":"post","link":"https:\/\/www.europesays.com\/fr\/380398\/","title":{"rendered":"DIRECT. \u00ab\u00a0Bloquons tout !\u00a0\u00bb la situation se tend \u00e0 Angers et Nantes, plusieurs milliers de personnes dans la rue"},"content":{"rendered":"<p class=\"article__intro\">Plusieurs milliers de personnes manifestent depuis le d\u00e9but d&rsquo;apr\u00e8s-midi \u00e0 Angers et au Mans. La situation est tendue, notamment \u00e0 Nantes. L&rsquo;appel \u00e0 la mobilisation de ce 10 septembre, lanc\u00e9 par le collectif \u00ab\u00a0Bloquons tout\u00a0\u00bb, vise \u00e0 \u00ab\u00a0paralyser\u00a0\u00bb la France. Suivez avec nous ce mouvement citoyen qui pr\u00e9voit gr\u00e8ves, blocages et actions dispers\u00e9es.<\/p>\n<p>            Ce qu&rsquo;il faut savoir<\/p>\n<p><strong>Ce qu&rsquo;il faut savoir<\/strong><\/p>\n<ul>\n<li>Le mouvement \u00ab\u00a0Bloquons tout\u00a0\u00bb est n\u00e9 au c\u0153ur de l&rsquo;\u00e9t\u00e9 sur les r\u00e9seaux sociaux<\/li>\n<li>La mobilisation s&rsquo;annonce forte dans l&rsquo;ouest notamment \u00e0 Nantes et Rennes<\/li>\n<li>Difficile cependant d&rsquo;\u00e9valuer l&rsquo;ampleur du mouvement compte tenu de son horizontalit\u00e9 : il n&rsquo;y a pas de porte-parole, donc pas de ligne d\u00e9finie. Le mouvement est n\u00e9anmoins soutenu par les partis de gauche et les syndicats<\/li>\n<li>Diff\u00e9rents points de blocage sont envisag\u00e9s dans la r\u00e9gion<\/li>\n<\/ul>\n<p>              Tout lire<\/p>\n","protected":false},"excerpt":{"rendered":"Plusieurs milliers de personnes manifestent depuis le d\u00e9but d&rsquo;apr\u00e8s-midi \u00e0 Angers et au Mans. La situation est tendue,&hellip;\n","protected":false},"author":2,"featured_media":380399,"comment_status":"","ping_status":"","sticky":false,"template":"","format":"standard","meta":{"footnotes":""},"categories":[2818],"tags":[1111,11,1777,674,1011,27,766,12,2636,25],"class_list":{"0":"post-380398","1":"post","2":"type-post","3":"status-publish","4":"format-standard","5":"has-post-thumbnail","7":"category-nantes","8":"tag-actu","9":"tag-actualites","10":"tag-eu","11":"tag-europe","12":"tag-fr","13":"tag-france","14":"tag-nantes","15":"tag-news","16":"tag-pays-de-la-loire","17":"tag-republique-francaise"},"share_on_mastodon":{"url":"https:\/\/pubeurope.com\/@fr\/115180363199554503","error":""},"_links":{"self":[{"href":"https:\/\/www.europesays.com\/fr\/wp-json\/wp\/v2\/posts\/380398","targetHints":{"allow":["GET"]}}],"collection":[{"href":"https:\/\/www.europesays.com\/fr\/wp-json\/wp\/v2\/posts"}],"about":[{"href":"https:\/\/www.europesays.com\/fr\/wp-json\/wp\/v2\/types\/post"}],"author":[{"embeddable":true,"href":"https:\/\/www.europesays.com\/fr\/wp-json\/wp\/v2\/users\/2"}],"replies":[{"embeddable":true,"href":"https:\/\/www.europesays.com\/fr\/wp-json\/wp\/v2\/comments?post=380398"}],"version-history":[{"count":0,"href":"https:\/\/www.europesays.com\/fr\/wp-json\/wp\/v2\/posts\/380398\/revisions"}],"wp:featuredmedia":[{"embeddable":true,"href":"https:\/\/www.europesays.com\/fr\/wp-json\/wp\/v2\/media\/380399"}],"wp:attachment":[{"href":"https:\/\/www.europesays.com\/fr\/wp-json\/wp\/v2\/media?parent=380398"}],"wp:term":[{"taxonomy":"category","embeddable":true,"href":"https:\/\/www.europesays.com\/fr\/wp-json\/wp\/v2\/categories?post=380398"},{"taxonomy":"post_tag","embeddable":true,"href":"https:\/\/www.europesays.com\/fr\/wp-json\/wp\/v2\/tags?post=380398"}],"curies":[{"name":"wp","href":"https:\/\/api.w.org\/{rel}","templated":true}]}}