{"id":380400,"date":"2025-09-10T14:00:12","date_gmt":"2025-09-10T14:00:12","guid":{"rendered":"https:\/\/www.europesays.com\/fr\/380400\/"},"modified":"2025-09-10T14:00:12","modified_gmt":"2025-09-10T14:00:12","slug":"la-table-des-mecenes-revient-le-30-septembre-a-bordeaux","status":"publish","type":"post","link":"https:\/\/www.europesays.com\/fr\/380400\/","title":{"rendered":"La Table des M\u00e9c\u00e8nes revient le 30 septembre \u00e0 Bordeaux"},"content":{"rendered":"<p>\n\t\t\t\t\t\t\t\t\tLaurent Marti, pr\u00e9sident de l&rsquo;UBB, \u00e9tait le parrain de l&rsquo;\u00e9dition 2024. Cr\u00e9dit : Agence APPA\n\t\t\t\t\t\t\t\t<\/p>\n<p>Bordeaux M\u00e9c\u00e8nes Solidaires organise sa nouvelle Table des M\u00e9c\u00e8nes le mardi 30 septembre au Palais de la Bourse. Une soir\u00e9e de gala pour lever des fonds au profit d\u2019une dizaine de projets d\u2019insertion sociale ou professionnelle.<\/p>\n<p>Chaque ann\u00e9e, <a href=\"https:\/\/bordeauxmecenes.org\/\" target=\"_blank\" rel=\"nofollow noopener\">Bordeaux M\u00e9c\u00e8nes Solidaires<\/a> (BMS) organise une soir\u00e9e de gala exceptionnelle. Cette Table des M\u00e9c\u00e8nes 2025 se d\u00e9roulera le mardi 30 septembre prochain, dans le cadre du Palais de la Bourse. Au cours de ce d\u00eener, des fonds seront r\u00e9colt\u00e9s afin d\u2019abonder les appels \u00e0 projets th\u00e9matiques de BMS* \u00ab\u00a0et ainsi financer au moins 10 nouveaux projets d\u2019insertion sociale ou professionnelle\u00a0\u00bb, est-il indiqu\u00e9. Outre la collecte de fonds, cette soir\u00e9e a aussi pour objectif de permettre la rencontre entre des entreprises locales et les associations soutenues tout au long de l\u2019ann\u00e9e par BMS.<\/p>\n<p>La premi\u00e8re action solidaire possible dans le cadre de cette soir\u00e9e consiste \u00e0 r\u00e9server une table de 9 places (2.500 euros), la 10e place \u00e9tant attribu\u00e9e \u00e0 une association partenaire, ou des places individuelles (prix unitaire : 275 euros). Programme et inscription accessibles <a href=\"https:\/\/bordeauxmecenes.org\/devenir-mecene\/la-table-des-mecenes\/\" target=\"_blank\" rel=\"nofollow noopener\">ici<\/a>.<\/p>\n<p>\u261e Bordeaux M\u00e9c\u00e8nes Solidaires est un fonds de dotation cr\u00e9\u00e9 en d\u00e9cembre 2012 par la Mairie de Bordeaux sous l\u2019impulsion d\u2019Alain Jupp\u00e9, le CCAS ainsi que le Cr\u00e9dit Municipal de Bordeaux dans le but d\u2019impliquer les entreprises du territoire aux c\u00f4t\u00e9s des acteurs associatifs. Son but : agir pour une soci\u00e9t\u00e9 plus juste, plus solidaire et plus durable.<\/p>\n<p style=\"margin-left: 25px;\"><b>\u00c0 lire \u00e9galement :<\/b> <a href=\"https:\/\/www.placeco.fr\/gironde\/engagement\/article\/passage-de-relais-chez-bordeaux-mecenes-solidaires-4865\" target=\"_blank\" rel=\"nofollow noopener\">Passage de relais chez Bordeaux M\u00e9c\u00e8nes Solidaires<\/a><\/p>\n<p>* Lutte contre les vuln\u00e9rabilit\u00e9s, acc\u00e8s \u00e0 un emploi durable, acc\u00e8s \u00e0 un logement digne, inclusion num\u00e9rique, soutien \u00e0 la parentalit\u00e9, lutte contre le d\u00e9crochage scolaire\u2026<\/p>\n","protected":false},"excerpt":{"rendered":"Laurent Marti, pr\u00e9sident de l&rsquo;UBB, \u00e9tait le parrain de l&rsquo;\u00e9dition 2024. Cr\u00e9dit : Agence APPA Bordeaux M\u00e9c\u00e8nes Solidaires&hellip;\n","protected":false},"author":2,"featured_media":380401,"comment_status":"","ping_status":"","sticky":false,"template":"","format":"standard","meta":{"footnotes":""},"categories":[2817],"tags":[1111,11,1997,1777,674,1011,27,12,2219,5645,25],"class_list":{"0":"post-380400","1":"post","2":"type-post","3":"status-publish","4":"format-standard","5":"has-post-thumbnail","7":"category-bordeaux","8":"tag-actu","9":"tag-actualites","10":"tag-bordeaux","11":"tag-eu","12":"tag-europe","13":"tag-fr","14":"tag-france","15":"tag-news","16":"tag-nouvelle-aquitaine","17":"tag-placco-placeco","18":"tag-republique-francaise"},"share_on_mastodon":{"url":"https:\/\/pubeurope.com\/@fr\/115180367076415159","error":""},"_links":{"self":[{"href":"https:\/\/www.europesays.com\/fr\/wp-json\/wp\/v2\/posts\/380400","targetHints":{"allow":["GET"]}}],"collection":[{"href":"https:\/\/www.europesays.com\/fr\/wp-json\/wp\/v2\/posts"}],"about":[{"href":"https:\/\/www.europesays.com\/fr\/wp-json\/wp\/v2\/types\/post"}],"author":[{"embeddable":true,"href":"https:\/\/www.europesays.com\/fr\/wp-json\/wp\/v2\/users\/2"}],"replies":[{"embeddable":true,"href":"https:\/\/www.europesays.com\/fr\/wp-json\/wp\/v2\/comments?post=380400"}],"version-history":[{"count":0,"href":"https:\/\/www.europesays.com\/fr\/wp-json\/wp\/v2\/posts\/380400\/revisions"}],"wp:featuredmedia":[{"embeddable":true,"href":"https:\/\/www.europesays.com\/fr\/wp-json\/wp\/v2\/media\/380401"}],"wp:attachment":[{"href":"https:\/\/www.europesays.com\/fr\/wp-json\/wp\/v2\/media?parent=380400"}],"wp:term":[{"taxonomy":"category","embeddable":true,"href":"https:\/\/www.europesays.com\/fr\/wp-json\/wp\/v2\/categories?post=380400"},{"taxonomy":"post_tag","embeddable":true,"href":"https:\/\/www.europesays.com\/fr\/wp-json\/wp\/v2\/tags?post=380400"}],"curies":[{"name":"wp","href":"https:\/\/api.w.org\/{rel}","templated":true}]}}