{"id":380404,"date":"2025-09-10T14:02:13","date_gmt":"2025-09-10T14:02:13","guid":{"rendered":"https:\/\/www.europesays.com\/fr\/380404\/"},"modified":"2025-09-10T14:02:13","modified_gmt":"2025-09-10T14:02:13","slug":"cest-une-usine-ou-le-vetement-est-roi-cette-marque-de-vetements-haut-de-gamme-a-ouvert-sa-premiere-boutique-atelier-a-toulouse","status":"publish","type":"post","link":"https:\/\/www.europesays.com\/fr\/380404\/","title":{"rendered":"\u00ab\u00a0C\u2019est une usine o\u00f9 le v\u00eatement est roi\u00a0\u00bb\u00a0: cette marque de v\u00eatements haut de gamme a ouvert sa premi\u00e8re boutique-atelier \u00e0 Toulouse"},"content":{"rendered":"<p>\n                                                                    l&rsquo;essentiel<br \/>\n                                                                Cr\u00e9\u00e9e en 2015, l\u2019enseigne de v\u00eatements haut de gamme Champ de Man\u0153uvres vient d\u2019ouvrir sa premi\u00e8re boutique \u00e0 Toulouse. Une enseigne incontournable pour acheter la qualit\u00e9 fran\u00e7aise.\n                            <\/p>\n<p><a href=\"https:\/\/champdemanoeuvres.com\/?srsltid=AfmBOoqn8T6iwgYx7oeLOTUiquAngQP6Xf430qpIAAAgvDCTfP5u6PzC\" target=\"_blank\" rel=\"nofollow noopener\">L\u2019enseigne de textiles Champ\u00a0de <\/a><a href=\"http:\/\/champdemanoeuvres.com\/?srsltid=AfmBOoqn8T6iwgYx7oeLOTUiquAngQP6Xf430qpIAAAgvDCTfP5u6PzC\" target=\"_blank\" rel=\"nofollow noopener\">Man\u0153uvres<\/a>, d\u2019inspiration workwear et militaire, s\u2019est install\u00e9e dans un\u00a0bel espace de 170\u00a0m\u00b2, dans le quartier de la Bourse \u00e0 Toulouse.\u00a0Cr\u00e9\u00e9e en 2015 par deux associ\u00e9s, Armand Teboul et Ahmed Taoufiki, cette marque est indissociable du fabriqu\u00e9 en France et d\u2019un savoir-faire talentueux. \u00ab\u00a0C\u2019est notre premi\u00e8re boutique-atelier de confection\u00a0\u00e0 Toulouse, pr\u00e9cise Armand Teboul, en charge de la partie commerciale, v\u00eatu d\u2019une veste fabriqu\u00e9e dans une toile de tente de la guerre d\u2019Afghanistan. Ahmed est styliste et s\u2019occupe de la partie cr\u00e9ation. On peut dire que nos deux exp\u00e9riences se sont rencontr\u00e9es\u00a0\u00bb.<\/p>\n<p>En d\u00e9ambulant dans ce vaste magasin fait de briques et d\u2019arches, o\u00f9 se fabriquent des jeans sur mesure, on aper\u00e7oit\u00a0une couturi\u00e8re (L\u00e9a) charg\u00e9e des retouches\u00a0et une vendeuse (L\u00e9a), parmi une multitude\u00a0de\u00a0comptoirs o\u00f9 s\u2019empilent bobines de fil et autres accessoires de couture. \u00ab\u00a0C\u2019est une usine o\u00f9 le v\u00eatement est roi\u00a0\u00bb, estime Armand.<\/p>\n<blockquote data-instgrm-captioned=\"\" data-instgrm-permalink=\"https:\/\/www.instagram.com\/p\/C-zkj-tIUQ3\/?utm_source=ig_embed&amp;utm_campaign=loading\" data-instgrm-version=\"14\" style=\" background:#FFF; border:0; border-radius:3px; box-shadow:0 0 1px 0 rgba(0,0,0,0.5),0 1px 10px 0 rgba(0,0,0,0.15); margin: 1px; max-width:540px; min-width:326px; padding:0; width:99.375%; width:-webkit-calc(100% - 2px); width:calc(100% - 2px);\" data-class=\"instagram-media\"\/>\n<p>V\u00eatements de travail inspir\u00e9s du militaire<\/p>\n<p>Ici, le v\u00eatement de travail, versions militaire, chic et r\u00e9alis\u00e9 en mati\u00e8re noble (toile de vachette, coton, angora, laine, cachemire) ou en denim selvedge, est la vedette. Ces v\u00eatements qui durent ont des sp\u00e9cificit\u00e9s de couture rigoureuses, \u00e0 l\u2019exemple du point de cha\u00eenette pour le jean. Cette couture sp\u00e9cifique utilis\u00e9e pour coudre les jambes d\u2019un jean, souvent visible sur le revers, donne au v\u00eatement\u00a0toute sa noblesse et son identit\u00e9.\u00a0Des fripes militaires remast\u00e9ris\u00e9es, reteint\u00e9es et retravaill\u00e9es qui rappellent que la mode vient de tous les\u00a0horizons.<\/p>\n<p>\u00ab\u00a0L\u2019appellation Champ de Man\u0153uvres vient d\u2019un ancien terrain d\u2019Alg\u00e9rie o\u00f9 s\u2019entra\u00eenait\u00a0l\u2019Arm\u00e9e fran\u00e7aise. Ras\u00e9, il a \u00e9t\u00e9 r\u00e9investi par des architectes des B\u00e2timents de France pour \u00e9lever les premi\u00e8res cit\u00e9s Habitations \u00e0 Bon March\u00e9 (HBM), soit les anc\u00eatres des HLM. L\u2019histoire nous a plu\u00a0\u00bb.<\/p>\n<p>Champ de Man\u0153uvres, 12 rue du Prieur\u00e9, \u00e0 Toulouse. Ouvert 7j\/7 de 11h30 \u00e0 19\u00a0heures. 09\u00a080\u00a076\u00a049\u00a030<\/p>\n<p>                                                                                                                                                                                                        <script async src=\"\/\/www.instagram.com\/embed.js\"><\/script><\/p>\n","protected":false},"excerpt":{"rendered":"l&rsquo;essentiel Cr\u00e9\u00e9e en 2015, l\u2019enseigne de v\u00eatements haut de gamme Champ de Man\u0153uvres vient d\u2019ouvrir sa premi\u00e8re boutique&hellip;\n","protected":false},"author":2,"featured_media":380405,"comment_status":"","ping_status":"","sticky":false,"template":"","format":"standard","meta":{"footnotes":""},"categories":[2816],"tags":[1111,11,1777,674,1011,27,12,2680,25,2312],"class_list":{"0":"post-380404","1":"post","2":"type-post","3":"status-publish","4":"format-standard","5":"has-post-thumbnail","7":"category-toulouse","8":"tag-actu","9":"tag-actualites","10":"tag-eu","11":"tag-europe","12":"tag-fr","13":"tag-france","14":"tag-news","15":"tag-occitanie","16":"tag-republique-francaise","17":"tag-toulouse"},"share_on_mastodon":{"url":"https:\/\/pubeurope.com\/@fr\/115180374811016247","error":""},"_links":{"self":[{"href":"https:\/\/www.europesays.com\/fr\/wp-json\/wp\/v2\/posts\/380404","targetHints":{"allow":["GET"]}}],"collection":[{"href":"https:\/\/www.europesays.com\/fr\/wp-json\/wp\/v2\/posts"}],"about":[{"href":"https:\/\/www.europesays.com\/fr\/wp-json\/wp\/v2\/types\/post"}],"author":[{"embeddable":true,"href":"https:\/\/www.europesays.com\/fr\/wp-json\/wp\/v2\/users\/2"}],"replies":[{"embeddable":true,"href":"https:\/\/www.europesays.com\/fr\/wp-json\/wp\/v2\/comments?post=380404"}],"version-history":[{"count":0,"href":"https:\/\/www.europesays.com\/fr\/wp-json\/wp\/v2\/posts\/380404\/revisions"}],"wp:featuredmedia":[{"embeddable":true,"href":"https:\/\/www.europesays.com\/fr\/wp-json\/wp\/v2\/media\/380405"}],"wp:attachment":[{"href":"https:\/\/www.europesays.com\/fr\/wp-json\/wp\/v2\/media?parent=380404"}],"wp:term":[{"taxonomy":"category","embeddable":true,"href":"https:\/\/www.europesays.com\/fr\/wp-json\/wp\/v2\/categories?post=380404"},{"taxonomy":"post_tag","embeddable":true,"href":"https:\/\/www.europesays.com\/fr\/wp-json\/wp\/v2\/tags?post=380404"}],"curies":[{"name":"wp","href":"https:\/\/api.w.org\/{rel}","templated":true}]}}