{"id":380408,"date":"2025-09-10T14:05:10","date_gmt":"2025-09-10T14:05:10","guid":{"rendered":"https:\/\/www.europesays.com\/fr\/380408\/"},"modified":"2025-09-10T14:05:10","modified_gmt":"2025-09-10T14:05:10","slug":"deux-jours-de-fete-pour-celebrer-les-100-ans-de-lasso-bretons-du-nord-pres-de-lille","status":"publish","type":"post","link":"https:\/\/www.europesays.com\/fr\/380408\/","title":{"rendered":"Deux jours de f\u00eate pour c\u00e9l\u00e9brer les 100 ans de l&rsquo;asso Bretons du Nord pr\u00e8s de Lille"},"content":{"rendered":"<p>            Par<br \/>\n        <strong><br \/>\n            <a href=\"https:\/\/actu.fr\/auteur\/annesophie-2\" title=\"Consulter tous les articles de Anne-Sophie Hourdeaux\" rel=\"nofollow noopener\" target=\"_blank\">Anne-Sophie Hourdeaux<\/a><br \/>\n        <\/strong><\/p>\n<p>        Publi\u00e9 le<\/p>\n<p>            10 sept. 2025 \u00e0 16h00        <\/p>\n<p><b>Les 12 et 13\u00a0septembre 2025<\/b>, \u00e7a va swinger \u00e0 <b>Villeneuve-d\u2019Ascq (Nord)<\/b>, \u00e0 plut\u00f4t \u00e7a va \u00ab\u2009breizer\u2009\u00bb\u2009!<b> On n\u2019a pas tous les jours 100\u00a0ans<\/b> ont d\u00fb se dire les organisateurs de ce week-end exceptionnel d\u00e9di\u00e9 \u00e0 la convivialit\u00e9 entre tradition et modernit\u00e9. Car<b> les 70\u00a0adh\u00e9rents de l\u2019association des Bretons du Nord, cr\u00e9\u00e9e en 1925, <\/b>ont \u00e0 c\u0153ur aujourd\u2019hui de promouvoir et partager le patrimoine culturel de leur r\u00e9gion dans les Hauts-de-France. <b>Spectacle et danses sont au programme\u2009!<\/b><\/p>\n<p>La Bretagne \u00e7a vous gagne, m\u00eame dans le Nord<\/p>\n<p class=\" wall-content\">Les activit\u00e9s sont \u00e9videmment ouvertes \u00e0 tous ! Car point besoin d\u2019\u00eatre breton pour avoir envie de pratiquer <b>bombarde, cornemuse, danse ou accord\u00e9on diatonique.<\/b> Il suffit d\u2019aimer les musiques traditionnelles et d\u2019avoir l\u2019esprit curieux. \u00c0 moins que le souvenir d\u2019un <b>fest-noz endiabl\u00e9<\/b> un soir d\u2019\u00e9t\u00e9 en bord de plage p\u00e8se dans la d\u00e9cision de se lancer enfin dans l\u2019apprentissage de ces danses qui paraissent simples au premier abord.<\/p>\n<p class=\" wall-content\">Sachez par ailleurs qu\u2019il existe \u00e0 Lille un bagad (orchestre traditionnel compos\u00e9 de bombardes, cornemuses et percussions) qui accueille les bonnes volont\u00e9s et animera le fest-noz du 13\u00a0septembre.<\/p>\n<p>Infos pratiques<\/p>\n<p>Vendredi 12\u00a0septembre de 19 h 30 \u00e0 21 h : spectacle de Simon Cojean 100 % Beurre sal\u00e9 ;<br \/>&#13;<br \/>\nSamedi 13\u00a0septembre de 10 h \u00e0 13 h : stage de danse par Gilles Pistien ;<br \/>&#13;<br \/>\nSamedi\u00a013 de 19 h \u00e0 20 h : initiation \u00e0 la danse bretonne ;<br \/>&#13;<br \/>\nSamedi\u00a013 de 20 h \u00e0 01 h : le Fest-noz des 100\u00a0ans avec Bob duo, le Bagad de Lille, Multiprizh et Paillot\/Pistien.<\/p>\n<p>Week-end des 100\u00a0ans, 100\u2009% beurre sal\u00e9<\/p>\n<p class=\" wall-content\">Si la musique bretonne a d\u00e9barqu\u00e9 sur les ondes en 1972 gr\u00e2ce \u00e0 Alan Stivell qui a redonn\u00e9 aux Bretons leur fiert\u00e9, on ne compte plus aujourd\u2019hui les groupes qui pratiquent une musique bretonne revisit\u00e9e.<\/p>\n<p class=\" wall-content\">Pour vous mettre en app\u00e9tit, Bretons du Nord a invit\u00e9 le <b>spectacle 100\u2009% beurre sal\u00e9, le One Breizh Show <\/b>de l\u2019humoriste Simon Cojean qui vous proposera de choisir entre gavotte, biniou ou kouign ama\u00f1. Ceci tout en allant au-del\u00e0 des clich\u00e9s qui collent \u00e0 la peau des Bretons.<\/p>\n<p>Fest-noz des 100\u00a0ans<\/p>\n<p class=\" wall-content\">Aucune r\u00e9jouissance en Bretagne ne se con\u00e7oit depuis les ann\u00e9es 50 sans cette fameuse f\u00eate de nuit ou tout le monde se retrouve \u00e0 danser en rond \u2013 ou pas \u2013 mais surtout ensemble jusqu\u2019\u00e0 pas d\u2019heure dans une ambiance \u00e0 la fois familiale et survolt\u00e9e. Que l\u2019on soit jeune ou vieux, un fest-noz \u00e7a ne se regarde pas, \u00e7a se partage.<\/p>\n<p class=\" wall-content\">Et pour ceux qui souhaitent s\u2019initier avant de se lancer 1\u2009h avant le grand moment, c\u2019est pr\u00e9vu mais attention, avec Simon Cojean, \u00e7a risque d\u2019\u00eatre un peu d\u00e9cal\u00e9. Quoi qu\u2019il en soit, j<b>oie de vivre garantie tout le week-end !<\/b><\/p>\n<p>Votre r\u00e9gion, votre actu !<\/p>\n<p>Recevez chaque jour les infos qui comptent pour vous.<\/p>\n<p>\t<a href=\"https:\/\/actu.fr\/newsletter\" class=\"ac-btn ac-btn--corner ac-btn--medium ac-btn--blue800\" rel=\"nofollow noopener\" target=\"_blank\">S&rsquo;incrire<\/a><br \/>\nEspace Concorde. Vendredi 12\u00a0septembre\u2009: 15\u00a0\u20ac\u2009; samedi\u00a013\u2009: 8\u00a0\u20ac. Rendez-vous sur <a href=\"htpps:\/\/www.helloasso.com\/associations\/association-des-bretons-du-nord\" rel=\"nofollow noopener\" target=\"_blank\">helloasso <\/a>pour r\u00e9server, c\u2019est vivement conseill\u00e9\u2009!\u00a0Vendredi 12 septembre de 19 h 30 \u00e0 21 h : spectacle de Simon Cojean 100 % Beurre sal\u00e9. Samedi 13 septembre de 10 h \u00e0 13 h : stage de danse par Gilles Pistien. Samedi 13 de 19 h \u00e0 20 h : initiation \u00e0 la danse bretonne. Samedi\u00a013 de 20 h \u00e0 01 h : le Fest-noz des 100\u00a0ans avec Bob duo, le Bagad de Lille, Multiprizh et Paillot\/Pistien.<\/p>\n<p class=\" wall-content\">Personnalisez votre actualit\u00e9 en ajoutant vos villes et m\u00e9dias en favori avec <a href=\"https:\/\/moncompte.actu.fr\" title=\"D\u00e9couvez Mon Actu\" rel=\"nofollow noopener\" data-trk=\"{&quot;cta&quot;:{&quot;action&quot;:&quot;https:\\\/\\\/moncompte.actu.fr&quot;,&quot;category&quot;:&quot;mon compte&quot;,&quot;from&quot;:&quot;article footer&quot;,&quot;name&quot;:&quot;Mon actu&quot;,&quot;type&quot;:&quot;cta&quot;}}\" target=\"_blank\">Mon Actu<\/a>.<\/p>\n","protected":false},"excerpt":{"rendered":"Par Anne-Sophie Hourdeaux Publi\u00e9 le 10 sept. 2025 \u00e0 16h00 Les 12 et 13\u00a0septembre 2025, \u00e7a va swinger&hellip;\n","protected":false},"author":2,"featured_media":380409,"comment_status":"","ping_status":"","sticky":false,"template":"","format":"standard","meta":{"footnotes":""},"categories":[2815],"tags":[1111,11,1777,674,1011,27,811,1307,1652,12,25],"class_list":{"0":"post-380408","1":"post","2":"type-post","3":"status-publish","4":"format-standard","5":"has-post-thumbnail","7":"category-lille","8":"tag-actu","9":"tag-actualites","10":"tag-eu","11":"tag-europe","12":"tag-fr","13":"tag-france","14":"tag-hauts-de-france","15":"tag-lille","16":"tag-loisirs-culture","17":"tag-news","18":"tag-republique-francaise"},"share_on_mastodon":{"url":"https:\/\/pubeurope.com\/@fr\/115180386598940004","error":""},"_links":{"self":[{"href":"https:\/\/www.europesays.com\/fr\/wp-json\/wp\/v2\/posts\/380408","targetHints":{"allow":["GET"]}}],"collection":[{"href":"https:\/\/www.europesays.com\/fr\/wp-json\/wp\/v2\/posts"}],"about":[{"href":"https:\/\/www.europesays.com\/fr\/wp-json\/wp\/v2\/types\/post"}],"author":[{"embeddable":true,"href":"https:\/\/www.europesays.com\/fr\/wp-json\/wp\/v2\/users\/2"}],"replies":[{"embeddable":true,"href":"https:\/\/www.europesays.com\/fr\/wp-json\/wp\/v2\/comments?post=380408"}],"version-history":[{"count":0,"href":"https:\/\/www.europesays.com\/fr\/wp-json\/wp\/v2\/posts\/380408\/revisions"}],"wp:featuredmedia":[{"embeddable":true,"href":"https:\/\/www.europesays.com\/fr\/wp-json\/wp\/v2\/media\/380409"}],"wp:attachment":[{"href":"https:\/\/www.europesays.com\/fr\/wp-json\/wp\/v2\/media?parent=380408"}],"wp:term":[{"taxonomy":"category","embeddable":true,"href":"https:\/\/www.europesays.com\/fr\/wp-json\/wp\/v2\/categories?post=380408"},{"taxonomy":"post_tag","embeddable":true,"href":"https:\/\/www.europesays.com\/fr\/wp-json\/wp\/v2\/tags?post=380408"}],"curies":[{"name":"wp","href":"https:\/\/api.w.org\/{rel}","templated":true}]}}