{"id":38041,"date":"2025-04-20T04:55:15","date_gmt":"2025-04-20T04:55:15","guid":{"rendered":"https:\/\/www.europesays.com\/fr\/38041\/"},"modified":"2025-04-20T04:55:15","modified_gmt":"2025-04-20T04:55:15","slug":"foire-aux-maneges-de-printemps-les-animations-du-19-21-avril-2025","status":"publish","type":"post","link":"https:\/\/www.europesays.com\/fr\/38041\/","title":{"rendered":"Foire aux Man\u00e8ges de Printemps : les animations du 19 &#038; 21 avril 2025"},"content":{"rendered":"<p style=\"text-align: justify;\">La <strong>Foire aux Man\u00e8ges de Printemps <\/strong>est pr\u00e9sente sur le<strong> Champ de Mars<\/strong> <strong>jusqu\u2019au dimanche 11 mai 2025 <\/strong>avec ses <strong>attractions,<\/strong> ses <strong>boutiques, <\/strong>ses <strong>loteries, <\/strong>ses<strong> confiseries, <\/strong>ses <strong>buvettes<\/strong>.<\/p>\n<p><img loading=\"lazy\" decoding=\"async\" width=\"1024\" height=\"752\" class=\"wp-image-83711\" style=\"width: 494px; height: 406px;\" src=\"https:\/\/www.europesays.com\/fr\/wp-content\/uploads\/2025\/04\/foire_maneges_printemps_2025-1024x752.png\" alt=\"\"  \/><\/p>\n<p style=\"text-align: justify;\">Au programme<br \/><strong>Samedi 19 avril 2025<\/strong><br \/><img loading=\"lazy\" decoding=\"async\" class=\"tie-appear\" src=\"https:\/\/www.europesays.com\/fr\/wp-content\/uploads\/2025\/04\/1744100656_185_arrow.png\" alt=\"\" width=\"9\" height=\"9\"\/> A partir de 15h :\u00a0le <strong>groupe Danois<\/strong> <strong>\u00ab\u00a0Helsing\u00f8r Pigegarde\u00a0\u00bb<\/strong> <strong>d\u00e9filera en musique<\/strong> <strong>tout au long de la foire<\/strong>.<\/p>\n<p style=\"text-align: justify;\"><strong>Dimanche 21 avril 2025<\/strong><br \/><img loading=\"lazy\" decoding=\"async\" class=\"tie-appear\" src=\"https:\/\/www.europesays.com\/fr\/wp-content\/uploads\/2025\/04\/1744100656_185_arrow.png\" alt=\"\" width=\"9\" height=\"9\"\/> A partir de 15h : <strong>distribution d\u2019Oeufs de P\u00e2ques<\/strong><strong> aux enfants<\/strong> par les <strong>animaux mascottes, poules<\/strong> et <strong>lapins g\u00e9ants<\/strong><\/p>\n<p style=\"text-align: justify;\">Parkings<br \/><strong>2 parkings payants<\/strong> (817 places au total) se trouvent <strong>juste \u00e0 c\u00f4t\u00e9 de la Foire aux Man\u00e8ges :<\/strong><br \/><img decoding=\"async\" loading=\"lazy\" class=\"alignnone size-full wp-image-13185\" src=\"https:\/\/www.europesays.com\/fr\/wp-content\/uploads\/2025\/04\/1744100656_185_arrow.png\" alt=\"\" width=\"9\" height=\"9\"\/> <strong>Champ de Mars \u2013 Libert\u00e9<\/strong><br \/><img decoding=\"async\" loading=\"lazy\" class=\"alignnone size-full wp-image-13185\" src=\"https:\/\/www.europesays.com\/fr\/wp-content\/uploads\/2025\/04\/1744100656_185_arrow.png\" alt=\"\" width=\"9\" height=\"9\"\/> <strong>Champ de Mars \u2013 Petit Paradis<\/strong><\/p>\n<p><img loading=\"lazy\" decoding=\"async\" class=\"tie-appear\" src=\"https:\/\/www.europesays.com\/fr\/wp-content\/uploads\/2025\/04\/1744100656_185_arrow.png\" alt=\"\" width=\"9\" height=\"9\"\/> <a href=\"https:\/\/www.zoomsurlille.fr\/actualites\/la-foire-aux-maneges-de-printemps-aura-lieu-du-05-avril-au-11-mai-2025\" target=\"_blank\" rel=\"noopener nofollow\">Notre article complet sur la Foire aux Man\u00e8ges de Printemps<\/a><strong><br \/><\/strong><\/p>\n<p class=\"has-text-align-right\">Source : Facebook Foire aux Man\u00e8ges de Lille \u2013 Officiel \u2013 Photos et images : DR \/ \u00a9 Zoom Sur Lille<\/p>\n","protected":false},"excerpt":{"rendered":"La Foire aux Man\u00e8ges de Printemps est pr\u00e9sente sur le Champ de Mars jusqu\u2019au dimanche 11 mai 2025&hellip;\n","protected":false},"author":2,"featured_media":38042,"comment_status":"","ping_status":"","sticky":false,"template":"","format":"standard","meta":{"footnotes":""},"categories":[2815],"tags":[1111,11,5589,8258,1777,674,8259,8260,8261,1011,27,4926,7238,811,1307,8262,12,25],"class_list":{"0":"post-38041","1":"post","2":"type-post","3":"status-publish","4":"format-standard","5":"has-post-thumbnail","7":"category-lille","8":"tag-actu","9":"tag-actualites","10":"tag-attractions","11":"tag-champ-de-mars","12":"tag-eu","13":"tag-europe","14":"tag-fanfare","15":"tag-foire-aux-maneges","16":"tag-foire-de-printemps","17":"tag-fr","18":"tag-france","19":"tag-geants","20":"tag-gilles","21":"tag-hauts-de-france","22":"tag-lille","23":"tag-maneges","24":"tag-news","25":"tag-republique-francaise"},"share_on_mastodon":{"url":"https:\/\/pubeurope.com\/@fr\/114368513604347649","error":""},"_links":{"self":[{"href":"https:\/\/www.europesays.com\/fr\/wp-json\/wp\/v2\/posts\/38041","targetHints":{"allow":["GET"]}}],"collection":[{"href":"https:\/\/www.europesays.com\/fr\/wp-json\/wp\/v2\/posts"}],"about":[{"href":"https:\/\/www.europesays.com\/fr\/wp-json\/wp\/v2\/types\/post"}],"author":[{"embeddable":true,"href":"https:\/\/www.europesays.com\/fr\/wp-json\/wp\/v2\/users\/2"}],"replies":[{"embeddable":true,"href":"https:\/\/www.europesays.com\/fr\/wp-json\/wp\/v2\/comments?post=38041"}],"version-history":[{"count":0,"href":"https:\/\/www.europesays.com\/fr\/wp-json\/wp\/v2\/posts\/38041\/revisions"}],"wp:featuredmedia":[{"embeddable":true,"href":"https:\/\/www.europesays.com\/fr\/wp-json\/wp\/v2\/media\/38042"}],"wp:attachment":[{"href":"https:\/\/www.europesays.com\/fr\/wp-json\/wp\/v2\/media?parent=38041"}],"wp:term":[{"taxonomy":"category","embeddable":true,"href":"https:\/\/www.europesays.com\/fr\/wp-json\/wp\/v2\/categories?post=38041"},{"taxonomy":"post_tag","embeddable":true,"href":"https:\/\/www.europesays.com\/fr\/wp-json\/wp\/v2\/tags?post=38041"}],"curies":[{"name":"wp","href":"https:\/\/api.w.org\/{rel}","templated":true}]}}