{"id":380412,"date":"2025-09-10T14:07:10","date_gmt":"2025-09-10T14:07:10","guid":{"rendered":"https:\/\/www.europesays.com\/fr\/380412\/"},"modified":"2025-09-10T14:07:10","modified_gmt":"2025-09-10T14:07:10","slug":"les-supporters-du-psg-interdits-de-deplacement-a-marseille","status":"publish","type":"post","link":"https:\/\/www.europesays.com\/fr\/380412\/","title":{"rendered":"Les supporters du PSG interdits de d\u00e9placement \u00e0 Marseille"},"content":{"rendered":"<p>Le choc entre l\u2019OM et le <a href=\"https:\/\/www.footmercato.net\/club\/psg\/\" rel=\"nofollow noopener\" target=\"_blank\">PSG<\/a> approche \u00e0 grands pas. Il aura lieu le dimanche 21 septembre (20h45) \u00e0 l\u2019occasion de la 5e journ\u00e9e de <a href=\"https:\/\/www.footmercato.net\/france\/ligue-1\/\" rel=\"nofollow noopener\" target=\"_blank\">Ligue 1<\/a>. Et comme on pouvait s\u2019y attendre, les supporters parisiens ne pourront pas se d\u00e9placer dans le sud de la France. La pr\u00e9fecture de Police de Marseille a publi\u00e9 un arr\u00eat\u00e9 en ce sens, bient\u00f4t renforc\u00e9 par celui du minist\u00e8re de l\u2019Int\u00e9rieur. Cette rencontre est class\u00e9e \u00e0 risques. \u00abLes relations entre les supporters de l\u2019Olympique de Marseille et du Paris-Saint-Germain sont empreintes d\u2019animosit\u00e9 depuis de tr\u00e8s nombreuses ann\u00e9es ainsi qu\u2019en t\u00e9moigne le caract\u00e8re r\u00e9current des troubles graves \u00e0 l\u2019ordre public constat\u00e9s \u00e0 l\u2019occasion des matchs opposant ces deux \u00e9quipes\u00bb explique la pr\u00e9fecture de Police, qui nous apprend \u00e9galement qu\u2019un fan du PSG a r\u00e9ussi \u00e0 s\u2019introduire au V\u00e9lodrome lors de la venue du Paris FC en d\u00e9but de saison. <\/p>\n<p>            La suite apr\u00e8s cette publicit\u00e9<\/p>\n<p>\u00abPendant la rencontre opposant l\u2019Olympique de Marseille au Paris FC du 23 ao\u00fbt 2025 au stade Orange V\u00e9lodrome, un supporter du PSG qui s\u2019\u00e9tait introduit parmi les supporteurs du Paris FC \u00e0 l\u2019insu du club parisien, a appos\u00e9 des autocollants du club du PSG dans la tribune visiteurs et a diffus\u00e9 cet acte sur les r\u00e9seaux sociaux occasionnant un mouvement de col\u00e8re des ultras phoc\u00e9ens avec une tentative d\u2019intrusion de la tribune \u00e9vit\u00e9e gr\u00e2ce \u00e0 l\u2019intervention des forces de l\u2019ordre\u00bb, pr\u00e9cise l\u2019arr\u00eat\u00e9. Un concert de Jul est \u00e9galement utilis\u00e9 comme argument pour interdire les supporters parisiens de d\u00e9placement, apr\u00e8s que des d\u00e9bordements aient eu lieu \u00e0 l\u2019Accor Arena \u00e0 Paris en novembre 2020 caus\u00e9 par des fans du PSG venus troubler la repr\u00e9sentation du rappeur marseillais.<\/p>\n<p>\n    Pub. le 10\/09\/2025 15:11<br \/>\n            &#8211; MAJ le 10\/09\/2025 16:01\n    <\/p>\n","protected":false},"excerpt":{"rendered":"Le choc entre l\u2019OM et le PSG approche \u00e0 grands pas. Il aura lieu le dimanche 21 septembre&hellip;\n","protected":false},"author":2,"featured_media":335997,"comment_status":"","ping_status":"","sticky":false,"template":"","format":"standard","meta":{"footnotes":""},"categories":[2814],"tags":[1111,11,1777,674,1011,27,884,12,882,25],"class_list":{"0":"post-380412","1":"post","2":"type-post","3":"status-publish","4":"format-standard","5":"has-post-thumbnail","7":"category-marseille","8":"tag-actu","9":"tag-actualites","10":"tag-eu","11":"tag-europe","12":"tag-fr","13":"tag-france","14":"tag-marseille","15":"tag-news","16":"tag-provence-alpes-cote-dazur","17":"tag-republique-francaise"},"share_on_mastodon":{"url":"https:\/\/pubeurope.com\/@fr\/115180395196765423","error":""},"_links":{"self":[{"href":"https:\/\/www.europesays.com\/fr\/wp-json\/wp\/v2\/posts\/380412","targetHints":{"allow":["GET"]}}],"collection":[{"href":"https:\/\/www.europesays.com\/fr\/wp-json\/wp\/v2\/posts"}],"about":[{"href":"https:\/\/www.europesays.com\/fr\/wp-json\/wp\/v2\/types\/post"}],"author":[{"embeddable":true,"href":"https:\/\/www.europesays.com\/fr\/wp-json\/wp\/v2\/users\/2"}],"replies":[{"embeddable":true,"href":"https:\/\/www.europesays.com\/fr\/wp-json\/wp\/v2\/comments?post=380412"}],"version-history":[{"count":0,"href":"https:\/\/www.europesays.com\/fr\/wp-json\/wp\/v2\/posts\/380412\/revisions"}],"wp:featuredmedia":[{"embeddable":true,"href":"https:\/\/www.europesays.com\/fr\/wp-json\/wp\/v2\/media\/335997"}],"wp:attachment":[{"href":"https:\/\/www.europesays.com\/fr\/wp-json\/wp\/v2\/media?parent=380412"}],"wp:term":[{"taxonomy":"category","embeddable":true,"href":"https:\/\/www.europesays.com\/fr\/wp-json\/wp\/v2\/categories?post=380412"},{"taxonomy":"post_tag","embeddable":true,"href":"https:\/\/www.europesays.com\/fr\/wp-json\/wp\/v2\/tags?post=380412"}],"curies":[{"name":"wp","href":"https:\/\/api.w.org\/{rel}","templated":true}]}}