{"id":380413,"date":"2025-09-10T14:08:14","date_gmt":"2025-09-10T14:08:14","guid":{"rendered":"https:\/\/www.europesays.com\/fr\/380413\/"},"modified":"2025-09-10T14:08:14","modified_gmt":"2025-09-10T14:08:14","slug":"les-manifestants-empeches-de-rejoindre-la-place-bellecour","status":"publish","type":"post","link":"https:\/\/www.europesays.com\/fr\/380413\/","title":{"rendered":"les manifestants emp\u00each\u00e9s de rejoindre la place Bellecour"},"content":{"rendered":"<p><strong>Point \u00e0 16h05 : <\/strong>On passe \u00e0 13 interpellations. Il y a d\u00e9sormais des petits groupes dispers\u00e9s de manifestants \u00e0 la Part-Dieu, place Carnot et dans le Vieux-Lyon, suivis de pr\u00e8s par les forces de l&rsquo;ordre.<\/p>\n<p><strong>Point \u00e0 16h :\u00a0<\/strong>Des manifestants d\u00e9termin\u00e9s arriv\u00e9s sur les quais de Sa\u00f4ne traversent d\u00e9sormais la rivi\u00e8re via la passerelle Paul Couturier pour rejoindre Saint-Georges.<\/p>\n<p><strong>Point \u00e0 15h45 :\u00a0<\/strong>La rue Victor Hugo est inond\u00e9e de gaz lacrymog\u00e8ne pour repousser les manifestants et les emp\u00eacher de rejoindre Bellecour.<\/p>\n<blockquote class=\"twitter-tweet\"><p>&#13;<\/p>\n<p dir=\"ltr\" lang=\"fr\">Au coeur de la riposte polici\u00e8re rue Victor Hugo \u00e0 Lyon pour emp\u00eacher les manifestants de rejoindre la place Bellecour. Lacrymo 1, Journaliste LyonMag 0 <a href=\"https:\/\/twitter.com\/hashtag\/10septembre2025?src=hash&amp;ref_src=twsrc%5Etfw\" rel=\"nofollow noopener\" target=\"_blank\">#10septembre2025<\/a> <a href=\"https:\/\/t.co\/2hHT4LyNsQ\" rel=\"nofollow\">pic.twitter.com\/2hHT4LyNsQ<\/a><\/p>\n<p>&#13;<br \/>\n\u2014 Lyon Mag (@lyonmag) <a href=\"https:\/\/twitter.com\/lyonmag\/status\/1965773748373733415?ref_src=twsrc%5Etfw\" rel=\"nofollow noopener\" target=\"_blank\">September 10, 2025<\/a><\/p><\/blockquote>\n<p><strong>Point \u00e0 15h30 :\u00a0<\/strong>Le cort\u00e8ge est place Carnot \u00e0 Perrache. Il doit emprunter la rue Victor Hugo pour finir place Bellecour, le lieu initial de d\u00e9part du mouvement.<\/p>\n<blockquote class=\"twitter-tweet\"><p>&#13;<\/p>\n<p dir=\"ltr\" lang=\"fr\">De gros risques pris par des manifestants pour arracher des affiches du RN sous le pont Gallieni \u00e0 Lyon <a href=\"https:\/\/twitter.com\/hashtag\/10septembre2025?src=hash&amp;ref_src=twsrc%5Etfw\" rel=\"nofollow noopener\" target=\"_blank\">#10septembre2025<\/a> <a href=\"https:\/\/t.co\/lYBmia5Sda\" rel=\"nofollow\">pic.twitter.com\/lYBmia5Sda<\/a><\/p>\n<p>&#13;<br \/>\n\u2014 Lyon Mag (@lyonmag) <a href=\"https:\/\/twitter.com\/lyonmag\/status\/1965769377774809355?ref_src=twsrc%5Etfw\" rel=\"nofollow noopener\" target=\"_blank\">September 10, 2025<\/a><\/p><\/blockquote>\n<p><strong>Point \u00e0 15h20 :\u00a0<\/strong>Le cort\u00e8ge a remont\u00e9 l&rsquo;avenue Berthelot jusqu&rsquo;au pont Gallieni. Retour \u00e0 Perrache, l\u00e0 o\u00f9 tout a commenc\u00e9 \u00e0 6h30 du matin. Dans le m\u00eame temps, une partie des manifestants rest\u00e9s place Guichard ont fait face \u00e0 des tirs de gaz lacrymog\u00e8ne, ce qui a provoqu\u00e9 leur d\u00e9part pr\u00e9cipit\u00e9.<\/p>\n<p><strong>Point \u00e0 14h45 :\u00a0<\/strong>La pr\u00e9fecture annonce une dixi\u00e8me interpellation depuis ce matin.<\/p>\n<p><img loading=\"lazy\" decoding=\"async\" style=\"display: block; margin-left: auto; margin-right: auto;\" src=\"https:\/\/www.europesays.com\/fr\/wp-content\/uploads\/2025\/09\/whatsapp-image-2025-09-10-a-14-48-21-6446ba5a-75342.jpg\" alt=\"\" width=\"600\" height=\"338\"\/><\/p>\n<p><strong>Point \u00e0 14h40 :\u00a0<\/strong>Pour rattraper le gros du cort\u00e8ge qui descend la rue Garibaldi, la police se retrouve bloqu\u00e9e \u00e0 cause des importants travaux de la M\u00e9tropole. A noter que quelques casseurs se sont perdus dans les rues du 6e arrondissement.<\/p>\n<blockquote class=\"twitter-tweet\"><p>&#13;<\/p>\n<p dir=\"ltr\" lang=\"fr\">La police tente de se d\u00e9placer dans Lyon pour rattraper le cort\u00e8ge. Mais les travaux de la M\u00e9tropole rendent leur intervention compliqu\u00e9e <a href=\"https:\/\/twitter.com\/hashtag\/10septembre2025?src=hash&amp;ref_src=twsrc%5Etfw\" rel=\"nofollow noopener\" target=\"_blank\">#10septembre2025<\/a> <a href=\"https:\/\/t.co\/PWTEe2864G\" rel=\"nofollow\">pic.twitter.com\/PWTEe2864G<\/a><\/p>\n<p>&#13;<br \/>\n\u2014 Lyon Mag (@lyonmag) <a href=\"https:\/\/twitter.com\/lyonmag\/status\/1965757527544778812?ref_src=twsrc%5Etfw\" rel=\"nofollow noopener\" target=\"_blank\">September 10, 2025<\/a><\/p><\/blockquote>\n<p><strong>Point \u00e0 14h10 :\u00a0<\/strong>Un chantier permet aux black blocs de saisir des munitions et des barri\u00e8res pour barricades avenue de Saxe. Environ 8000 personnes sont recens\u00e9es par la pr\u00e9fecture entre le cort\u00e8ge principal et les antifas.<\/p>\n<blockquote class=\"twitter-tweet\"><p>&#13;<\/p>\n<p dir=\"ltr\" lang=\"zxx\"><a href=\"https:\/\/t.co\/5l4XAUy24p\" rel=\"nofollow\">pic.twitter.com\/5l4XAUy24p<\/a><\/p>\n<p>&#13;<br \/>\n\u2014 Lyon Mag (@lyonmag) <a href=\"https:\/\/twitter.com\/lyonmag\/status\/1965749990070112281?ref_src=twsrc%5Etfw\" rel=\"nofollow noopener\" target=\"_blank\">September 10, 2025<\/a><\/p><\/blockquote>\n<p><strong>Point \u00e0 13h45 :\u00a0<\/strong>Du grabuge avec des black blocs rue Dunoir et square Moncey. Les forces de l&rsquo;ordre r\u00e9pliquent par des charges et du gaz lacrymog\u00e8ne. Le gros des manifestants retourne donc place Guichard.<\/p>\n<blockquote class=\"twitter-tweet\"><p>&#13;<\/p>\n<p dir=\"ltr\" lang=\"fr\">Les black blocs affrontent les CRS en marge du cort\u00e8ge sauvage du <a href=\"https:\/\/twitter.com\/hashtag\/10septembre2025?src=hash&amp;ref_src=twsrc%5Etfw\" rel=\"nofollow noopener\" target=\"_blank\">#10septembre2025<\/a> square Moncey. Du d\u00e9g\u00e2t sur leur passage, la terrasse d&rsquo;un restaurant saccag\u00e9e <a href=\"https:\/\/t.co\/L8fydiN1E2\" rel=\"nofollow\">pic.twitter.com\/L8fydiN1E2<\/a><\/p>\n<p>&#13;<br \/>\n\u2014 Lyon Mag (@lyonmag) <a href=\"https:\/\/twitter.com\/lyonmag\/status\/1965743688946209092?ref_src=twsrc%5Etfw\" rel=\"nofollow noopener\" target=\"_blank\">September 10, 2025<\/a><\/p><\/blockquote>\n<p><strong>Point \u00e0 13h30 :\u00a0<\/strong>Un cort\u00e8ge s&rsquo;est dirig\u00e9 en direction de la Guilloti\u00e8re. L&rsquo;acc\u00e8s aux ponts et donc \u00e0 la Presqu&rsquo;\u00eele est interdit, les forces de l&rsquo;ordre font tout pour contenir les manifestants sur la rive gauche du Rh\u00f4ne.<\/p>\n<p><strong>Point \u00e0 13h20 :\u00a0<\/strong>Un cort\u00e8ge sauvage part de la place Guichard, rue de la Part-Dieu.<\/p>\n<blockquote class=\"twitter-tweet\"><p>&#13;<\/p>\n<p dir=\"ltr\" lang=\"fr\">Quelques milliers de personnes d\u00e9filent \u00e0 la mi-journ\u00e9e dans le quartier de la Part-Dieu \u00e0 Lyon, apr\u00e8s une matin\u00e9e de blocages et de heurts <a href=\"https:\/\/twitter.com\/hashtag\/10septembre2025?src=hash&amp;ref_src=twsrc%5Etfw\" rel=\"nofollow noopener\" target=\"_blank\">#10septembre2025<\/a> <a href=\"https:\/\/t.co\/sAxkCv7Qfc\" rel=\"nofollow\">pic.twitter.com\/sAxkCv7Qfc<\/a><\/p>\n<p>&#13;<br \/>\n\u2014 Lyon Mag (@lyonmag) <a href=\"https:\/\/twitter.com\/lyonmag\/status\/1965738968680714687?ref_src=twsrc%5Etfw\" rel=\"nofollow noopener\" target=\"_blank\">September 10, 2025<\/a><\/p><\/blockquote>\n<p><strong>Point \u00e0 12h30 :\u00a0<\/strong>La place Guichard est noire de monde. On ne sait pas encore si un cort\u00e8ge va se former et s&rsquo;il va d\u00e9ambuler dans Lyon. Plus de 2000 personnes sont r\u00e9unies.<\/p>\n<p><strong><img loading=\"lazy\" decoding=\"async\" style=\"display: block; margin-left: auto; margin-right: auto;\" src=\"https:\/\/www.europesays.com\/fr\/wp-content\/uploads\/2025\/09\/whatsapp-image-2025-09-10-a-12-35-44-0c7d3ca0-87606.jpg\" alt=\"\" width=\"600\" height=\"450\"\/><\/strong><\/p>\n<p><strong>Point \u00e0 12h10 :\u00a0<\/strong>On passe \u00e0 9 interpellations. Alors que la manifestation \u00e9tait pr\u00e9vue \u00e0 12h place Bellecour, des groupes de personnes se dirigent plut\u00f4t vers la place Guichard.<\/p>\n<p><strong>Point \u00e0 11h30 :\u00a0<\/strong>Une rixe aurait eu lieu devant le lyc\u00e9e Saint-Just dans le 5e arrondissement. Sur les r\u00e9seaux sociaux, la rumeur d&rsquo;une exp\u00e9dition punitive de l&rsquo;ultradroite enfle, mais l&rsquo;information n&rsquo;est pas v\u00e9rifi\u00e9e. Pour le moment, 7 interpellations ont \u00e9t\u00e9 r\u00e9alis\u00e9es dans l&rsquo;agglom\u00e9ration.<\/p>\n<blockquote class=\"twitter-tweet\"><p>&#13;<\/p>\n<p dir=\"ltr\" lang=\"fr\">\u26a0\ufe0f \u00c0 Lyon une vingtaine de fascistes auraient attaqu\u00e9 le blocage du lyc\u00e9e Saint-Just avant de saccager par pur racisme un \u00ab salon de th\u00e9 \u00bb\u2026<\/p>\n<p>\u00c0 l\u2019Assembl\u00e9e le RN fait tout pour sauver Macron, dans la rue les milices fascistes frappent.<\/p>\n<p>Vigilance pour le reste de la journ\u00e9e! <a href=\"https:\/\/t.co\/WOHtWzXSeT\" rel=\"nofollow\">pic.twitter.com\/WOHtWzXSeT<\/a><\/p>\n<p>&#13;<br \/>\n\u2014 Rapha\u00ebl Arnault (@ArnaultRaphael) <a href=\"https:\/\/twitter.com\/ArnaultRaphael\/status\/1965729479957057927?ref_src=twsrc%5Etfw\" rel=\"nofollow noopener\" target=\"_blank\">September 10, 2025<\/a><\/p><\/blockquote>\n<blockquote class=\"twitter-tweet\"><p>&#13;<\/p>\n<p dir=\"ltr\" lang=\"fr\"><a href=\"https:\/\/twitter.com\/hashtag\/10settembre2025?src=hash&amp;ref_src=twsrc%5Etfw\" rel=\"nofollow noopener\" target=\"_blank\">#10settembre2025<\/a> | Depuis ce matin, les policiers nationaux sont pleinement mobilis\u00e9s pour d\u00e9bloquer, disperser et interpeller les individus hostiles qui participent \u00e0 des manifestations sauvages. <\/p>\n<p>Leur engagement pour assurer la s\u00e9curit\u00e9 de nos citoyens est total. <\/p>\n<p>7 personnes\u2026 <a href=\"https:\/\/t.co\/wfXQusWkHs\" rel=\"nofollow\">pic.twitter.com\/wfXQusWkHs<\/a><\/p>\n<p>&#13;<br \/>\n\u2014 Pr\u00e9f\u00e8te de r\u00e9gion Auvergne-Rh\u00f4ne-Alpes et du Rh\u00f4ne (@prefetrhone) <a href=\"https:\/\/twitter.com\/prefetrhone\/status\/1965706389487030597?ref_src=twsrc%5Etfw\" rel=\"nofollow noopener\" target=\"_blank\">September 10, 2025<\/a><\/p><\/blockquote>\n<p><strong>Point \u00e0 10h40 :\u00a0<\/strong>Encore une soixantaine de manifestants sont pr\u00e9sents dans les environs du rond-point de la Feyssine.\u00a0<\/p>\n<p><strong>Point \u00e0 10h15 :<\/strong> Le ministre de l&rsquo;Int\u00e9rieur d\u00e9missionnaire Bruno Retailleau \u00e9voque des jets de pav\u00e9s contre la police vers 9h \u00e0 Lyon. A noter que 5 interpellations ont \u00e9t\u00e9 r\u00e9alis\u00e9es depuis ce matin.<\/p>\n<blockquote class=\"twitter-tweet\"><p>&#13;<\/p>\n<p dir=\"ltr\" lang=\"fr\">\u00c0 Lyon les policiers de la bac ont \u00e9t\u00e9 vis\u00e9s par des pav\u00e9s. Pour tuer.<\/p>\n<p>tout mon soutien \u00e0 cette France du courage qui fait face \u00e0 la haine anti-flic. <a href=\"https:\/\/t.co\/6kLMnFYx0Z\" rel=\"nofollow\">pic.twitter.com\/6kLMnFYx0Z<\/a><\/p>\n<p>&#13;<br \/>\n\u2014 Bruno Retailleau (@BrunoRetailleau) <a href=\"https:\/\/twitter.com\/BrunoRetailleau\/status\/1965688025075290521?ref_src=twsrc%5Etfw\" rel=\"nofollow noopener\" target=\"_blank\">September 10, 2025<\/a><\/p><\/blockquote>\n<p><strong>Point \u00e0 10h10 :\u00a0<\/strong>La tension est retomb\u00e9e en ville, les antifas se sont repli\u00e9s, probablement en attendant la manifestation de 12h place Bellecour.<\/p>\n<p><strong>Point \u00e0 9h35 :\u00a0<\/strong>Dispersion des manifestants place Guichard \u00e0 Lyon par des tirs de lacrymo.<\/p>\n<p><strong>Point \u00e0 9h30 :\u00a0<\/strong>Le rond-point de la zone industrielle sur la route de Vaulx-en-Velin fait l&rsquo;objet d&rsquo;un barrage filtrant. Cela a des impacts sur la circulation sur l&rsquo;A46. A la raffinerie de Feyzin, une cinquantaine de manifestants sont arriv\u00e9s sur place.<\/p>\n<p><strong>Point \u00e0 9h20 :\u00a0<\/strong>Les abords du centre commercial de la Part-Dieu sont noy\u00e9s dans le gaz lacrymog\u00e8ne. D&rsquo;importants moyens de forces de l&rsquo;ordre sont en route pour ramener le calme.<\/p>\n<p><strong>Point \u00e0 9h : <\/strong>Le groupe d&rsquo;antifas se dirige de plus en plus vers la Part-Dieu. Ils sont actuellement au niveau de la rue Paul Bert.<\/p>\n<p><strong>Point \u00e0 8h40 :\u00a0<\/strong>Les black blocs poursuivent leur d\u00e9ambulation destructrice dans la Guilloti\u00e8re. A noter des blocages du campus de la Doua ou encore de Sciences Po Lyon.<\/p>\n<blockquote class=\"twitter-tweet\"><p>&#13;<\/p>\n<p dir=\"ltr\" lang=\"fr\">Les black blocs arpentent la rive gauche du Rh\u00f4ne, des affrontements en cours avec la police \u00e0 Lyon <a href=\"https:\/\/t.co\/DoInHBZCAs\" rel=\"nofollow\">pic.twitter.com\/DoInHBZCAs<\/a><\/p>\n<p>&#13;<br \/>\n\u2014 Lyon Mag (@lyonmag) <a href=\"https:\/\/twitter.com\/lyonmag\/status\/1965666028815614146?ref_src=twsrc%5Etfw\" rel=\"nofollow noopener\" target=\"_blank\">September 10, 2025<\/a><\/p><\/blockquote>\n<blockquote class=\"twitter-tweet\"><p>&#13;<\/p>\n<p dir=\"ltr\" lang=\"fr\">Les black blocs poursuivent leur d\u00e9ambulation destructrice dans la Guilloti\u00e8re \u00e0 Lyon <a href=\"https:\/\/twitter.com\/hashtag\/10septembre2025?src=hash&amp;ref_src=twsrc%5Etfw\" rel=\"nofollow noopener\" target=\"_blank\">#10septembre2025<\/a> <a href=\"https:\/\/t.co\/anfpwWpxlh\" rel=\"nofollow\">pic.twitter.com\/anfpwWpxlh<\/a><\/p>\n<p>&#13;<br \/>\n\u2014 Lyon Mag (@lyonmag) <a href=\"https:\/\/twitter.com\/lyonmag\/status\/1965667212456505381?ref_src=twsrc%5Etfw\" rel=\"nofollow noopener\" target=\"_blank\">September 10, 2025<\/a><\/p><\/blockquote>\n<p><strong>Point \u00e0 8h35 :\u00a0<\/strong>Le rond-point de la Feyssine a \u00e9t\u00e9 repris aux manifestants par les forces de l&rsquo;ordre.<\/p>\n<p><strong>Point \u00e0 8h30 :\u00a0<\/strong>Outre le rond-point de la Feyssine et son barrage filtrant, un groupe de dizaines de jeunes membres de l&rsquo;ultragauche r\u00e9alisent quelques blocages \u00e0 Lyon, mais sont rapidement d\u00e9log\u00e9s. Apr\u00e8s le pont de l&rsquo;Universit\u00e9 puis le quai Claude-Bernard, ils avancent en direction de la Guilloti\u00e8re.<\/p>\n<p><strong>Point \u00e0 8h15 :\u00a0<\/strong>Un barrage a \u00e9t\u00e9 install\u00e9 quai Gailleton au niveau du pont de l&rsquo;Universit\u00e9. Des automobilistes prennent des risques pour le forcer. Des tirs de gaz lacrymog\u00e8ne ont \u00e9t\u00e9 r\u00e9alis\u00e9s pour d\u00e9bloquer le pont vers 8h15. Le groupe se dirige d\u00e9sormais vers le 7e arrondissement.<\/p>\n<blockquote class=\"twitter-tweet\"><p>&#13;<\/p>\n<p dir=\"ltr\" lang=\"fr\">A Lyon, le blocage du <a href=\"https:\/\/twitter.com\/hashtag\/10septembre2025?src=hash&amp;ref_src=twsrc%5Etfw\" rel=\"nofollow noopener\" target=\"_blank\">#10septembre2025<\/a> se poursuit quai Gailleton, au niveau du pont de l&rsquo;Universit\u00e9. Les automobilistes prennent des risques pour aller travailler <a href=\"https:\/\/t.co\/ilOAVFfv6E\" rel=\"nofollow\">pic.twitter.com\/ilOAVFfv6E<\/a><\/p>\n<p>&#13;<br \/>\n\u2014 Lyon Mag (@lyonmag) <a href=\"https:\/\/twitter.com\/lyonmag\/status\/1965659347826127309?ref_src=twsrc%5Etfw\" rel=\"nofollow noopener\" target=\"_blank\">September 10, 2025<\/a><\/p><\/blockquote>\n<blockquote class=\"twitter-tweet\"><p>&#13;<\/p>\n<p dir=\"ltr\" lang=\"fr\">Des tensions entre manifestants du <a href=\"https:\/\/twitter.com\/hashtag\/10septembre2025?src=hash&amp;ref_src=twsrc%5Etfw\" rel=\"nofollow noopener\" target=\"_blank\">#10septembre2025<\/a> et des automobilistes \u00e0 Lyon. Ces derniers tentent de d\u00e9bloquer le pont de l&rsquo;Universit\u00e9 pour passer le barrage filtrant <a href=\"https:\/\/t.co\/inluvMqlUZ\" rel=\"nofollow\">pic.twitter.com\/inluvMqlUZ<\/a><\/p>\n<p>&#13;<br \/>\n\u2014 Lyon Mag (@lyonmag) <a href=\"https:\/\/twitter.com\/lyonmag\/status\/1965660220761539010?ref_src=twsrc%5Etfw\" rel=\"nofollow noopener\" target=\"_blank\">September 10, 2025<\/a><\/p><\/blockquote>\n<p><strong>Point \u00e0 8h : <\/strong>Au rond-point de la Feyssine, un barrage filtrant est install\u00e9 avec une centaine de personnes. En Presqu&rsquo;\u00eele, les manifestants font face \u00e0 une trop forte riposte polici\u00e8re \u00e0 Perrache et se d\u00e9placent d\u00e9sormais vers Bellecour, apr\u00e8s avoir \u00e9t\u00e9 d\u00e9log\u00e9s du pont Gallieni.<\/p>\n<p><strong>Point \u00e0 7h30 :\u00a0<\/strong>L&rsquo;universit\u00e9 Lyon 1 a \u00e9t\u00e9 bloqu\u00e9e par des \u00e9tudiants ce matin. Plusieurs points s&rsquo;activent, avec quelques dizaines de personnes par exemple au rond-point de la Feyssine. Le gros du blocage se situe toujours \u00e0 Perrache, avec consignes donn\u00e9es en interne de bifurquer vers Villeurbanne d\u00e9sormais, afin d&rsquo;\u00e9chapper aux forces de l&rsquo;ordre qui quadrillent le quartier. Le pont Gallieni a fait l&rsquo;objet de tentatives de d\u00e9blocage \u00e0 coups de gaz lacrymog\u00e8ne, ce qui a pouss\u00e9 le groupe \u00e0 retourner sur la M7 pour stopper la circulation.<\/p>\n<p><strong>Point \u00e0 7h<\/strong> : Depuis 6h30, un groupe d&rsquo;environ 200 bloqueurs s&rsquo;est retrouv\u00e9 place des Archives \u00e0 Perrache, pour le premier \u00ab\u00a0blocage\u00a0\u00bb de la journ\u00e9e \u00e0 Lyon. Rapidement d\u00e9log\u00e9s par les forces de l&rsquo;ordre qui ont fait usage de gaz lacrymog\u00e8ne, certains manifestants ont tent\u00e9 ensuite de bloquer la M7 en marchant sur les voies apr\u00e8s avoir enjamb\u00e9 le parapet. Une tentative tr\u00e8s br\u00e8ve, qui a entra\u00een\u00e9 des bouchons quelques minutes jusqu&rsquo;au pont de la Mulati\u00e8re. Le groupe s&rsquo;est ensuite dirig\u00e9 sur le pont Gallieni pour bloquer la circulation automobile. La CRS83 est sur place pour disperser les manifestants tr\u00e8s mobiles dans le secteur de Perrache.<\/p>\n<blockquote class=\"twitter-tweet\"><p>&#13;<\/p>\n<p dir=\"ltr\" lang=\"fr\">\ud83d\udd34LYON : premier bloquage ce matin sur le pont de Perrache !<a href=\"https:\/\/twitter.com\/hashtag\/Lyon?src=hash&amp;ref_src=twsrc%5Etfw\" rel=\"nofollow noopener\" target=\"_blank\">#Lyon<\/a> <a href=\"https:\/\/twitter.com\/hashtag\/10septembre?src=hash&amp;ref_src=twsrc%5Etfw\" rel=\"nofollow noopener\" target=\"_blank\">#10septembre<\/a> <a href=\"https:\/\/twitter.com\/hashtag\/BloquonsTout?src=hash&amp;ref_src=twsrc%5Etfw\" rel=\"nofollow noopener\" target=\"_blank\">#BloquonsTout<\/a> <a href=\"https:\/\/twitter.com\/hashtag\/Manifestation?src=hash&amp;ref_src=twsrc%5Etfw\" rel=\"nofollow noopener\" target=\"_blank\">#Manifestation<\/a> <a href=\"https:\/\/twitter.com\/hashtag\/Macron?src=hash&amp;ref_src=twsrc%5Etfw\" rel=\"nofollow noopener\" target=\"_blank\">#Macron<\/a> <a href=\"https:\/\/twitter.com\/hashtag\/Bayrou?src=hash&amp;ref_src=twsrc%5Etfw\" rel=\"nofollow noopener\" target=\"_blank\">#Bayrou<\/a> <a href=\"https:\/\/twitter.com\/hashtag\/Lecornu?src=hash&amp;ref_src=twsrc%5Etfw\" rel=\"nofollow noopener\" target=\"_blank\">#Lecornu<\/a> <a href=\"https:\/\/twitter.com\/hashtag\/bloquage?src=hash&amp;ref_src=twsrc%5Etfw\" rel=\"nofollow noopener\" target=\"_blank\">#bloquage<\/a> <a href=\"https:\/\/twitter.com\/hashtag\/France?src=hash&amp;ref_src=twsrc%5Etfw\" rel=\"nofollow noopener\" target=\"_blank\">#France<\/a> <a href=\"https:\/\/twitter.com\/hashtag\/10septembre2025?src=hash&amp;ref_src=twsrc%5Etfw\" rel=\"nofollow noopener\" target=\"_blank\">#10septembre2025<\/a> <a href=\"https:\/\/t.co\/1uSvRbMvIg\" rel=\"nofollow\">pic.twitter.com\/1uSvRbMvIg<\/a><\/p>\n<p>&#13;<br \/>\n\u2014 Bismuth Back (@Bismuthback) <a href=\"https:\/\/twitter.com\/Bismuthback\/status\/1965641316865610205?ref_src=twsrc%5Etfw\" rel=\"nofollow noopener\" target=\"_blank\">September 10, 2025<\/a><\/p><\/blockquote>\n<p>Des poubelles incendi\u00e9es ont \u00e9t\u00e9 install\u00e9es sur les voies du tramway cours Charlemagne, ou encore aux abords du tunnel de la Croix-Rousse, ferm\u00e9 temporairement pour des raisons de s\u00e9curit\u00e9.<\/p>\n<p class=\"MsoNormal\">Pour rappel, les blocages et manifestations annonc\u00e9s officiellement pour la journ\u00e9e dans la M\u00e9tropole de Lyon :<\/p>\n<ul style=\"margin-top: 0cm;\" type=\"disc\">&#13;<\/p>\n<li class=\"MsoNormal\" style=\"mso-list: l0 level1 lfo1; tab-stops: list 36.0pt;\">6h30 : place des Archives (Lyon 2e)<\/li>\n<p>&#13;<\/p>\n<li class=\"MsoNormal\" style=\"mso-list: l0 level1 lfo1; tab-stops: list 36.0pt;\">7h00 : rond-point de la Feyssine (Villeurbanne)<\/li>\n<p>&#13;<\/p>\n<li class=\"MsoNormal\" style=\"mso-list: l0 level1 lfo1; tab-stops: list 36.0pt;\">8h00 : devant l\u2019h\u00f4pital \u00c9douard-Herriot (Lyon 3e)<\/li>\n<p>&#13;<\/p>\n<li class=\"MsoNormal\" style=\"mso-list: l0 level1 lfo1; tab-stops: list 36.0pt;\">9h00 : piquet de gr\u00e8ve \u00e0 la raffinerie de Feyzin<\/li>\n<p>&#13;<\/p>\n<li class=\"MsoNormal\" style=\"mso-list: l0 level1 lfo1; tab-stops: list 36.0pt;\">11h00 : kermesse militante (m\u00e9tro Charpennes) et rassemblement place Bellecour (Lyon 2e)<\/li>\n<p>&#13;<\/p>\n<li class=\"MsoNormal\" style=\"mso-list: l0 level1 lfo1; tab-stops: list 36.0pt;\">12h00 : manifestation place Guichard (Lyon 3e)<\/li>\n<p>&#13;<\/p>\n<li class=\"MsoNormal\" style=\"mso-list: l0 level1 lfo1; tab-stops: list 36.0pt;\">19h00 : rassemblement place du March\u00e9 des \u00c9tats-Unis (Lyon 8e)<\/li>\n<p>&#13;\n<\/ul>\n<p>Les forces de l\u2019ordre de leur c\u00f4t\u00e9 agiront selon les directives minist\u00e9rielles selon la pr\u00e9fecture du Rh\u00f4ne : \u00ab\u00a0D\u00e9bloquer, disperser, interpeller.\u00a0\u00bb<\/p>\n<p>  \t\t\t\t\t<script async src=\"https:\/\/platform.twitter.com\/widgets.js\" charset=\"utf-8\"><\/script><\/p>\n","protected":false},"excerpt":{"rendered":"Point \u00e0 16h05 : On passe \u00e0 13 interpellations. Il y a d\u00e9sormais des petits groupes dispers\u00e9s de&hellip;\n","protected":false},"author":2,"featured_media":380414,"comment_status":"","ping_status":"","sticky":false,"template":"","format":"standard","meta":{"footnotes":""},"categories":[1889],"tags":[1111,11,2813,2190,2430,1109,251,1112,2811,1777,674,118,1011,27,1922,1110,1114,2428,2810,12,241,316,25,2812,517,800],"class_list":{"0":"post-380413","1":"post","2":"type-post","3":"status-publish","4":"format-standard","5":"has-post-thumbnail","7":"category-lyon","8":"tag-actu","9":"tag-actualites","10":"tag-article","11":"tag-asvel","12":"tag-auvergne-rhone-alpes","13":"tag-breves","14":"tag-culture","15":"tag-depeches","16":"tag-economique","17":"tag-eu","18":"tag-europe","19":"tag-faits-divers","20":"tag-fr","21":"tag-france","22":"tag-info","23":"tag-informations","24":"tag-infos","25":"tag-lyon","26":"tag-lyonmag","27":"tag-news","28":"tag-ol","29":"tag-politique","30":"tag-republique-francaise","31":"tag-sociale","32":"tag-sport","33":"tag-transports"},"share_on_mastodon":{"url":"https:\/\/pubeurope.com\/@fr\/115180399052070518","error":""},"_links":{"self":[{"href":"https:\/\/www.europesays.com\/fr\/wp-json\/wp\/v2\/posts\/380413","targetHints":{"allow":["GET"]}}],"collection":[{"href":"https:\/\/www.europesays.com\/fr\/wp-json\/wp\/v2\/posts"}],"about":[{"href":"https:\/\/www.europesays.com\/fr\/wp-json\/wp\/v2\/types\/post"}],"author":[{"embeddable":true,"href":"https:\/\/www.europesays.com\/fr\/wp-json\/wp\/v2\/users\/2"}],"replies":[{"embeddable":true,"href":"https:\/\/www.europesays.com\/fr\/wp-json\/wp\/v2\/comments?post=380413"}],"version-history":[{"count":0,"href":"https:\/\/www.europesays.com\/fr\/wp-json\/wp\/v2\/posts\/380413\/revisions"}],"wp:featuredmedia":[{"embeddable":true,"href":"https:\/\/www.europesays.com\/fr\/wp-json\/wp\/v2\/media\/380414"}],"wp:attachment":[{"href":"https:\/\/www.europesays.com\/fr\/wp-json\/wp\/v2\/media?parent=380413"}],"wp:term":[{"taxonomy":"category","embeddable":true,"href":"https:\/\/www.europesays.com\/fr\/wp-json\/wp\/v2\/categories?post=380413"},{"taxonomy":"post_tag","embeddable":true,"href":"https:\/\/www.europesays.com\/fr\/wp-json\/wp\/v2\/tags?post=380413"}],"curies":[{"name":"wp","href":"https:\/\/api.w.org\/{rel}","templated":true}]}}