{"id":380415,"date":"2025-09-10T14:09:30","date_gmt":"2025-09-10T14:09:30","guid":{"rendered":"https:\/\/www.europesays.com\/fr\/380415\/"},"modified":"2025-09-10T14:09:30","modified_gmt":"2025-09-10T14:09:30","slug":"la-manifestation-vire-en-violences-la-presquile-ciblee","status":"publish","type":"post","link":"https:\/\/www.europesays.com\/fr\/380415\/","title":{"rendered":"la manifestation vire en violences, la Presqu&rsquo;\u00eele cibl\u00e9e"},"content":{"rendered":"<p>            Par<br \/>\n        <strong><br \/>\n            <a href=\"https:\/\/actu.fr\/auteur\/nicolas-zaugra\" title=\"Consulter tous les articles de Nicolas Zaugra\" target=\"_blank\" rel=\"noopener\">Nicolas Zaugra<\/a><br \/>\n        <\/strong><\/p>\n<p>        Publi\u00e9 le<\/p>\n<p>            10 sept. 2025 \u00e0 15h50        <\/p>\n<p>La <a href=\"https:\/\/actu.fr\/auvergne-rhone-alpes\/lyon_69123\/direct-bloquons-tout-le-10-septembre-blocages-manifestations-suivez-la-journee-a-lyon_63136003.html\" target=\"_blank\" rel=\"noopener\">manifestation a d\u00e9marr\u00e9 dans le calme sur la place Guichard<\/a> dans le 3e arrondissement de <a href=\"https:\/\/actu.fr\/auvergne-rhone-alpes\/lyon_69123\" target=\"_blank\" rel=\"noopener\">Lyon<\/a> d\u00e8s 12h \u00e0 l\u2019appel de la CGT qui avait d\u00e9clar\u00e9 le rassemblement ce 10 septembre, premier jour du mouvement \u00ab\u00a0Bloquons tout\u00a0\u00bb. Dans une ambiance apais\u00e9e, des milliers de manifestants, au moins 10 000 personnes, se sont mass\u00e9s sur cette place pr\u00e8s de la Part-Dieu.\u00a0<\/p>\n<p class=\" wall-content\">Apr\u00e8s des chants et des slogans lanc\u00e9s contre Emmanuel Macron, la police ou encore en faveur de Gaza, et alors que les rues adjacentes \u00e9taient pleines \u00e0 craquer,<strong> la manifestation s\u2019est transform\u00e9e en cort\u00e8ge sauvage<\/strong> dans le 3e arrondissement et dans le 7e. Plusieurs milliers de personnes, dont des casseurs encagoul\u00e9s, ont fait basculer le mouvement dans la violence.\u00a0<\/p>\n<p>Des violences dans le 3e et le 7e arrondissement<\/p>\n<p class=\" wall-content\">Les participants, suivis de pr\u00e8s par des centaines de policiers, ont pris pour cible du mobilier urbain (arr\u00eats de bus, poubelles, panneaux publicitaires). Le secteur de Bahadourian a \u00e9t\u00e9 pris pour cible ainsi que les quais du Rh\u00f4ne c\u00f4t\u00e9 Guilloti\u00e8re. Les forces de l\u2019ordre ont \u00e9t\u00e9 largement prises pour cible avec des jets de projectiles avant de r\u00e9pliquer avec du gaz lacrymog\u00e8ne.\u00a0<\/p>\n<p class=\" wall-content\">Une banque Caisse d\u2019Epargne a aussi \u00e9t\u00e9 prise pour cible et attaqu\u00e9e. Un casseur a bris\u00e9 des vitrines et le distributeur automatique.<\/p>\n<p class=\" wall-content\">\n<p class=\" wall-content\">Le cort\u00e8ge sauvage a aussi travers\u00e9 le 7e \u00e0 Saxe-Gambetta puis vers Jean-Mac\u00e9 avant de se retrouver \u00e0 Perrache o\u00f9 la circulation dans le secteur a de nouveau \u00e9t\u00e9 perturb\u00e9e comme t\u00f4t ce matin sur la M7.<\/p>\n<p class=\" wall-content\">\n    <img   decoding=\"async\" loading=\"lazy\" src=\"https:\/\/www.europesays.com\/fr\/wp-content\/uploads\/2025\/09\/police-lyon-manifestation-en-cours-960x640.jpg\" alt=\"La manifestation sauvage est toujours en cours dans le 3e arrondissement de Lyon.\" width=\"960\" height=\"640\"\/><br \/>\n    La manifestation sauvage est toujours en cours dans le 3e arrondissement de Lyon. (\u00a9Th\u00e9o Zuili \/ actu Lyon)<br \/>\n    <img   decoding=\"async\" loading=\"lazy\" src=\"https:\/\/www.europesays.com\/fr\/wp-content\/uploads\/2025\/09\/manif-lyon-barricades-960x640.jpg\" alt=\"Les Lyonnais doivent slalomer entre les barricades \u00e0 v\u00e9lo.\" width=\"960\" height=\"640\"\/><br \/>\n    Les Lyonnais doivent slalomer entre les barricades \u00e0 v\u00e9lo. (\u00a9Th\u00e9o Zuili \/ actu Lyon)<br \/>\n    <img   decoding=\"async\" loading=\"lazy\" src=\"https:\/\/www.europesays.com\/fr\/wp-content\/uploads\/2025\/09\/manif-lyon-barricades-demi-tour-velo-960x640.jpg\" alt=\"Des barricades ont \u00e9t\u00e9 mont\u00e9es par les manifestants \u00e0 Lyon.\" width=\"960\" height=\"640\"\/><br \/>\n    Des barricades ont \u00e9t\u00e9 mont\u00e9es par les manifestants \u00e0 Lyon. (\u00a9Th\u00e9o Zuili \/ actu Lyon)<br \/>\n    <img   decoding=\"async\" loading=\"lazy\" src=\"https:\/\/www.europesays.com\/fr\/wp-content\/uploads\/2025\/09\/manif-lyon-barricades-police-960x640.jpg\" alt=\"Les policiers font l'usage de moyens pour disperser la foule \u00e0 Lyon.\" width=\"960\" height=\"640\"\/><br \/>\n    Les policiers font l\u2019usage de moyens pour disperser la foule \u00e0 Lyon.<br \/>\n    <img   decoding=\"async\" loading=\"lazy\" src=\"https:\/\/www.europesays.com\/fr\/wp-content\/uploads\/2025\/09\/manif-lyon-degradation-960x640.jpg\" alt=\"Des d\u00e9gradations de panneaux \u00e0 Lyon.\" width=\"960\" height=\"640\"\/><br \/>\n    Des d\u00e9gradations de panneaux \u00e0 Lyon. (\u00a9Th\u00e9o Zuili \/ actu Lyon)<br \/>\n    <img   decoding=\"async\" loading=\"lazy\" src=\"https:\/\/www.europesays.com\/fr\/wp-content\/uploads\/2025\/09\/manif-lyon-gaz-960x640.jpg\" alt=\"Les manifestants gaz\u00e9s par les policiers \u00e0 Lyon, mercredi 10 septembre.\" width=\"960\" height=\"640\"\/><br \/>\n    Les manifestants gaz\u00e9s par les policiers \u00e0 Lyon, mercredi 10 septembre. (\u00a9Th\u00e9o Zuili \/ actu Lyon)<br \/>\n    <img   decoding=\"async\" loading=\"lazy\" src=\"https:\/\/www.europesays.com\/fr\/wp-content\/uploads\/2025\/09\/manif-lyon-police-lyon-gaz-960x640.jpg\" alt=\"Les manifestants gaz\u00e9s par les policiers \u00e0 Lyon, mercredi 10 septembre.\" width=\"960\" height=\"640\"\/><br \/>\n    Les manifestants gaz\u00e9s par les policiers \u00e0 Lyon, mercredi 10 septembre. (\u00a9Th\u00e9o Zuili \/ actu Lyon)<br \/>\n    <img   decoding=\"async\" loading=\"lazy\" src=\"https:\/\/www.europesays.com\/fr\/wp-content\/uploads\/2025\/09\/manifestation-lyon-gaz-960x640.jpg\" alt=\"Les policiers font massivement usage de gaz lacrymog\u00e8ne pour disperser la manifestation sauvage \u00e0 Lyon.\" width=\"960\" height=\"640\"\/><br \/>\n    Les policiers font massivement usage de gaz lacrymog\u00e8ne pour disperser la manifestation sauvage \u00e0 Lyon. (\u00a9Julien Damboise \/ actu Lyon)<br \/>\n    <img   decoding=\"async\" loading=\"lazy\" src=\"https:\/\/www.europesays.com\/fr\/wp-content\/uploads\/2025\/09\/gaz-quai-du-rhone-lyon-960x640.jpg\" alt=\"Du gaz lacrymog\u00e8ne a \u00e9t\u00e9 lanc\u00e9 sur les quais du Rh\u00f4ne \u00e0 Lyon, apr\u00e8s des affrontements entre manifestants et policiers.\" width=\"960\" height=\"640\"\/><br \/>\n    Du gaz lacrymog\u00e8ne a \u00e9t\u00e9 lanc\u00e9 sur les quais du Rh\u00f4ne \u00e0 Lyon, apr\u00e8s des affrontements entre manifestants et policiers. (\u00a9Th\u00e9o Zuili \/ actu Lyon)<br \/>\n    <img   decoding=\"async\" loading=\"lazy\" src=\"https:\/\/www.europesays.com\/fr\/wp-content\/uploads\/2025\/09\/manifestation-lyon-place-guichard-960x640.jpg\" alt=\"Les manifestants r\u00e9unis place Guichard \u00e0 Lyon pour le 10 septembre.\" width=\"960\" height=\"640\"\/><br \/>\n    Les manifestants r\u00e9unis place Guichard \u00e0 Lyon pour le 10 septembre. (\u00a9Th\u00e9o Zuili \/ actu Lyon)<br \/>\n    <img   decoding=\"async\" loading=\"lazy\" src=\"https:\/\/www.europesays.com\/fr\/wp-content\/uploads\/2025\/09\/manif-lyon-10-septembre-violences-police-960x640.jpeg\" alt=\"La manifestation du 10 septembre a d\u00e9riv\u00e9 en cort\u00e8ge sauvage et provoque des violences dans les 3 et 7e arrondissement de Lyon.\" width=\"960\" height=\"640\"\/><br \/>\n    La manifestation du 10 septembre a d\u00e9riv\u00e9 en cort\u00e8ge sauvage et provoque des violences dans les 3 et 7e arrondissement de Lyon. (\u00a9Th\u00e9o Zuili \/ actu Lyon)<\/p>\n<p>Un groupe important en Presqu\u2019\u00eele, des tensions<\/p>\n<p class=\" wall-content\">Un groupe \u00ab\u00a0important\u00a0\u00bb, selon la pr\u00e9fecture et que montrent nos images, a r\u00e9ussi \u00e0 rejoindre la Presqu\u2019\u00eele (2e arrondissement) dans la rue Victor Hugo particuli\u00e8rement commer\u00e7ante. Les forces de l\u2019ordre utilisent aussi du gaz lacrymog\u00e8ne. Des manifestants tirent des <strong>mortiers d\u2019artifice en pleine rue<\/strong>.<\/p>\n<p class=\" wall-content\">\n<p class=\" wall-content\">Les \u00e9v\u00e9nements en cours dans la ville provoquent par ailleurs d\u2019importantes perturbations de trafic ainsi que des <a href=\"https:\/\/actu.fr\/auvergne-rhone-alpes\/lyon_69123\/direct-bloquons-tout-le-10-septembre-a-lyon-tcl-perturbes-manifestation-suivez-la-situation_63140997.html\" target=\"_blank\" rel=\"noopener\">suspensions de lignes de bus TCL<\/a>.<\/p>\n<p class=\" wall-content\">Personnalisez votre actualit\u00e9 en ajoutant vos villes et m\u00e9dias en favori avec <a href=\"https:\/\/moncompte.actu.fr\" title=\"D\u00e9couvez Mon Actu\" rel=\"nofollow noopener\" data-trk=\"{&quot;cta&quot;:{&quot;action&quot;:&quot;https:\\\/\\\/moncompte.actu.fr&quot;,&quot;category&quot;:&quot;mon compte&quot;,&quot;from&quot;:&quot;article footer&quot;,&quot;name&quot;:&quot;Mon actu&quot;,&quot;type&quot;:&quot;cta&quot;}}\" target=\"_blank\">Mon Actu<\/a>.<\/p>\n","protected":false},"excerpt":{"rendered":"Par Nicolas Zaugra Publi\u00e9 le 10 sept. 2025 \u00e0 15h50 La manifestation a d\u00e9marr\u00e9 dans le calme sur&hellip;\n","protected":false},"author":2,"featured_media":380416,"comment_status":"","ping_status":"","sticky":false,"template":"","format":"standard","meta":{"footnotes":""},"categories":[1889],"tags":[1111,11,2430,47212,1777,674,1011,27,2428,1272,50957,12,25,104],"class_list":{"0":"post-380415","1":"post","2":"type-post","3":"status-publish","4":"format-standard","5":"has-post-thumbnail","7":"category-lyon","8":"tag-actu","9":"tag-actualites","10":"tag-auvergne-rhone-alpes","11":"tag-bloquons-tout","12":"tag-eu","13":"tag-europe","14":"tag-fr","15":"tag-france","16":"tag-lyon","17":"tag-manifestations","18":"tag-mouvement-du-10-septembre","19":"tag-news","20":"tag-republique-francaise","21":"tag-societe"},"share_on_mastodon":{"url":"https:\/\/pubeurope.com\/@fr\/115180402756491170","error":""},"_links":{"self":[{"href":"https:\/\/www.europesays.com\/fr\/wp-json\/wp\/v2\/posts\/380415","targetHints":{"allow":["GET"]}}],"collection":[{"href":"https:\/\/www.europesays.com\/fr\/wp-json\/wp\/v2\/posts"}],"about":[{"href":"https:\/\/www.europesays.com\/fr\/wp-json\/wp\/v2\/types\/post"}],"author":[{"embeddable":true,"href":"https:\/\/www.europesays.com\/fr\/wp-json\/wp\/v2\/users\/2"}],"replies":[{"embeddable":true,"href":"https:\/\/www.europesays.com\/fr\/wp-json\/wp\/v2\/comments?post=380415"}],"version-history":[{"count":0,"href":"https:\/\/www.europesays.com\/fr\/wp-json\/wp\/v2\/posts\/380415\/revisions"}],"wp:featuredmedia":[{"embeddable":true,"href":"https:\/\/www.europesays.com\/fr\/wp-json\/wp\/v2\/media\/380416"}],"wp:attachment":[{"href":"https:\/\/www.europesays.com\/fr\/wp-json\/wp\/v2\/media?parent=380415"}],"wp:term":[{"taxonomy":"category","embeddable":true,"href":"https:\/\/www.europesays.com\/fr\/wp-json\/wp\/v2\/categories?post=380415"},{"taxonomy":"post_tag","embeddable":true,"href":"https:\/\/www.europesays.com\/fr\/wp-json\/wp\/v2\/tags?post=380415"}],"curies":[{"name":"wp","href":"https:\/\/api.w.org\/{rel}","templated":true}]}}