{"id":380417,"date":"2025-09-10T14:11:21","date_gmt":"2025-09-10T14:11:21","guid":{"rendered":"https:\/\/www.europesays.com\/fr\/380417\/"},"modified":"2025-09-10T14:11:21","modified_gmt":"2025-09-10T14:11:21","slug":"athletisme-7-representants-valdoisiens-en-lice-aux-championnats-du-monde","status":"publish","type":"post","link":"https:\/\/www.europesays.com\/fr\/380417\/","title":{"rendered":"Athl\u00e9tisme : 7 repr\u00e9sentants valdoisiens en lice aux Championnats du monde"},"content":{"rendered":"<p><img loading=\"lazy\" decoding=\"async\" alt=\"\u00a9 Facebook FFA - Ana\u00efs Bourgoin, qui a r\u00e9cemment r\u00e9alis\u00e9 la deuxi\u00e8me meilleure performance fran\u00e7aise de l\u2019histoire sur 800 m\u00e8tres, sera une chance de m\u00e9daille pour la France aux Mondiaux d\u2019athl\u00e9tisme.\" data-zoom-src=\"https:\/\/www.europesays.com\/fr\/wp-content\/uploads\/2025\/09\/initial-anais-bourgoin-ok.jpg\" data-zoomable=\"\" height=\"702\" src=\"https:\/\/www.europesays.com\/fr\/wp-content\/uploads\/2025\/09\/initial-anais-bourgoin-ok.jpg\" width=\"1248\"\/>  <\/p>\n<p class=\"article-desc\">\u00a9 Facebook FFA &#8211; Ana\u00efs Bourgoin, qui a r\u00e9cemment r\u00e9alis\u00e9 la deuxi\u00e8me meilleure performance fran\u00e7aise de l\u2019histoire sur 800 m\u00e8tres, sera une chance de m\u00e9daille pour la France aux Mondiaux d\u2019athl\u00e9tisme. <\/p>\n<p>Le Val d\u2019Oise sera bien repr\u00e9sent\u00e9 lors des <strong>Championnats du monde d\u2019athl\u00e9tisme<\/strong> \u00e9lite, qui se d\u00e9roulent du 13 au 21 septembre prochains \u00e0 Tokyo, au Japon. Avec <strong>sept athl\u00e8tes valdoisiens<\/strong> s\u00e9lectionn\u00e9s en \u00e9quipe de France, \u00e7a sera la plus grosse d\u00e9l\u00e9gation en nombre de la r\u00e9gion \u00cele-de-France. <\/p>\n<p>Ainsi, <a href=\"https:\/\/mesinfos.fr\/ile-de-france\/athletisme-la-valdoisienne-anais-bourgoin-en-patronne-aux-france-227813.html\" rel=\"noopener nofollow\" target=\"_blank\">Ana\u00efs\u00a0Bourgoin<\/a>, <strong>No\u00e9mie Denon, Sarah\u00a0Richard-Mingas, Paul Anselmini, Aur\u00e9lien Quinion et Lenny Chanteur<\/strong>, tous licenci\u00e9s \u00e0 l\u2019<strong>Entente Franconville Cesame Val d&rsquo;Oise<\/strong>, <a href=\"https:\/\/mesinfos.fr\/95130-franconville\/l-entente-franconville-cesame-val-d-oise-meilleur-club-d-athle-de-france-222811.html\" rel=\"noopener nofollow\" target=\"_blank\">meilleur club de France<\/a> en titre, prendront part \u00e0 la comp\u00e9tition. \u00c0\u00a0eux, s\u2019ajoute Marina Lasserre, soci\u00e9taire de l\u2019Association Amicale Sportive <strong>Sarcelles<\/strong> Athl\u00e9tisme. <\/p>\n<p> Deux athl\u00e8tes des Yvelines et un Essonnien aussi en lice <\/p>\n<p>\u201cNos athl\u00e8tes portent haut les couleurs du Val d\u2019Oise et incarnent les valeurs d\u2019<strong>engagement<\/strong>, de <strong>pers\u00e9v\u00e9rance<\/strong> et d\u2019<strong>excellence<\/strong>. Leur parcours est une fiert\u00e9 pour notre territoire et une source d\u2019inspiration pour la jeunesse valdoisienne. Derri\u00e8re chaque performance se trouvent des ann\u00e9es de travail acharn\u00e9, de sacrifices et de d\u00e9termination. [\u2026] Ces Championnats du Monde \u00e0 Tokyo seront pour eux une \u00e9tape majeure et, j\u2019en suis convaincue, une occasion de briller. En soutenant nos talents, nous construisons aussi l\u2019avenir sportif du Val d\u2019Oise et de la France\u201c, se r\u00e9jouit <a href=\"https:\/\/mesinfos.fr\/ile-de-france\/marie-christine-cavecchi-reconduite-a-la-tete-du-val-d-oise-39545.html\" rel=\"noopener nofollow\" target=\"_blank\">Marie-Christine Cavecchi<\/a>, pr\u00e9sidente du D\u00e9partement.<\/p>\n<p>En 2025, l\u2019administration du nord francilien a consacr\u00e9 un budget de<strong> 4,6\u00a0millions d\u2019euros<\/strong> pour d\u00e9velopper la pratique sportive sur son territoire et pour accompagner les <strong>athl\u00e8tes de haut niveau<\/strong> du d\u00e9partement. <\/p>\n<p>D\u2019ailleurs, parmi les engag\u00e9s au Japon, Ana\u00efs Bourgoin, qui a r\u00e9cemment r\u00e9alis\u00e9 la deuxi\u00e8me meilleure performance fran\u00e7aise de l\u2019histoire sur 800 m\u00e8tres, sera \u00e0 suivre particuli\u00e8rement. \u00c0 noter qu\u2019outre les valdoisiens, deux athl\u00e8tes des Yvelines seront en lice aux Mondiaux : Ilionis Guillaume et <a href=\"https:\/\/mesinfos.fr\/ile-de-france\/athletisme-niveau-mondial-pour-melvin-raffin-aux-championnats-de-france-227780.html\" rel=\"noopener nofollow\" target=\"_blank\">Melvin Raffin<\/a>, licenci\u00e9s \u00e0 Grand Paris Seine &amp; Oise Athl\u00e9tisme. Et un Essonnien en la personne de <strong>Yanis Meziane<\/strong> (Athl\u00e9 91).<\/p>\n","protected":false},"excerpt":{"rendered":"\u00a9 Facebook FFA &#8211; Ana\u00efs Bourgoin, qui a r\u00e9cemment r\u00e9alis\u00e9 la deuxi\u00e8me meilleure performance fran\u00e7aise de l\u2019histoire sur&hellip;\n","protected":false},"author":2,"featured_media":380418,"comment_status":"","ping_status":"","sticky":false,"template":"","format":"standard","meta":{"footnotes":""},"categories":[1592],"tags":[1111,11,34885,1777,674,1011,27,662,12,626,25],"class_list":{"0":"post-380417","1":"post","2":"type-post","3":"status-publish","4":"format-standard","5":"has-post-thumbnail","7":"category-ile-de-france","8":"tag-actu","9":"tag-actualites","10":"tag-athlu00e9tisme","11":"tag-eu","12":"tag-europe","13":"tag-fr","14":"tag-france","15":"tag-ile-de-france","16":"tag-news","17":"tag-paris","18":"tag-republique-francaise"},"share_on_mastodon":{"url":"https:\/\/pubeurope.com\/@fr\/115180410395450064","error":""},"_links":{"self":[{"href":"https:\/\/www.europesays.com\/fr\/wp-json\/wp\/v2\/posts\/380417","targetHints":{"allow":["GET"]}}],"collection":[{"href":"https:\/\/www.europesays.com\/fr\/wp-json\/wp\/v2\/posts"}],"about":[{"href":"https:\/\/www.europesays.com\/fr\/wp-json\/wp\/v2\/types\/post"}],"author":[{"embeddable":true,"href":"https:\/\/www.europesays.com\/fr\/wp-json\/wp\/v2\/users\/2"}],"replies":[{"embeddable":true,"href":"https:\/\/www.europesays.com\/fr\/wp-json\/wp\/v2\/comments?post=380417"}],"version-history":[{"count":0,"href":"https:\/\/www.europesays.com\/fr\/wp-json\/wp\/v2\/posts\/380417\/revisions"}],"wp:featuredmedia":[{"embeddable":true,"href":"https:\/\/www.europesays.com\/fr\/wp-json\/wp\/v2\/media\/380418"}],"wp:attachment":[{"href":"https:\/\/www.europesays.com\/fr\/wp-json\/wp\/v2\/media?parent=380417"}],"wp:term":[{"taxonomy":"category","embeddable":true,"href":"https:\/\/www.europesays.com\/fr\/wp-json\/wp\/v2\/categories?post=380417"},{"taxonomy":"post_tag","embeddable":true,"href":"https:\/\/www.europesays.com\/fr\/wp-json\/wp\/v2\/tags?post=380417"}],"curies":[{"name":"wp","href":"https:\/\/api.w.org\/{rel}","templated":true}]}}