{"id":380419,"date":"2025-09-10T14:12:16","date_gmt":"2025-09-10T14:12:16","guid":{"rendered":"https:\/\/www.europesays.com\/fr\/380419\/"},"modified":"2025-09-10T14:12:16","modified_gmt":"2025-09-10T14:12:16","slug":"menace-russe-sanctions-contre-israel-attaques-contre-lextreme-droite-ce-quil-faut-retenir-du-discours-dursula-von-der-leyen-sur-letat-de-lunion","status":"publish","type":"post","link":"https:\/\/www.europesays.com\/fr\/380419\/","title":{"rendered":"Menace russe, sanctions contre Isra\u00ebl, attaques contre l&rsquo;extr\u00eame droite&#8230; Ce qu&rsquo;il faut retenir du discours d&rsquo;Ursula von der Leyen sur l&rsquo;\u00e9tat de l&rsquo;Union"},"content":{"rendered":"\n<p class=\"c-chapo \">\n  La pr\u00e9sidente de la Commission europ\u00e9enne s&rsquo;est exprim\u00e9e mercredi devant le Parlement europ\u00e9en \u00e0 Strasbourg, dans une ambiance parfois houleuse.\n<\/p>\n<p>            lire plus tard<\/p>\n<p id=\"dialog__title\" class=\"dialog__title\">Pour sauvegarder cet article, connectez-vous ou cr\u00e9ez un compte franceinfo<\/p>\n<p class=\"dialog__description\">Sans paiement. Sans abonnement.<\/p>\n<p>        Fermer la fen\u00eatre d\u2019activation des notifications France Info<\/p>\n<p>            cr\u00e9er votre compte<\/p>\n<p>            se connecter<\/p>\n<p>        Fermer la fen\u00eatre de pr\u00e9sentation<\/p>\n<p>    <img loading=\"lazy\" decoding=\"async\" class=\"signature__image lazyload\" width=\"100\" height=\"100\" data- alt=\"\" src=\"https:\/\/www.europesays.com\/fr\/wp-content\/uploads\/2025\/07\/638994d9d5adf_61168cfc8256bf7ea5ef3720-1.png\"\/><\/p>\n<p>    Publi\u00e9 le 10\/09\/2025 15:20<\/p>\n<p>        Temps de lecture : 7min<\/p>\n<p>    <img decoding=\"async\"  alt=\"La pr\u00e9sidente de la Commission europ\u00e9enne, Ursula von der Leyen, lors d'un discours sur l'\u00e9tat de l'Union au Parlement europ\u00e9en, \u00e0 Strasbourg (Bas-Rhin), le 10 septembre 2025. (SEBASTIEN BOZON \/ AFP)\" width=\"432\" height=\"243\" src=\"https:\/\/www.europesays.com\/fr\/wp-content\/uploads\/2025\/09\/000-73z29ke-68c13b7ec4a87919896945.jpg\" fetchpriority=\"high\"\/><\/p>\n<p>      La pr\u00e9sidente de la Commission europ\u00e9enne, Ursula von der Leyen, lors d&rsquo;un discours sur l&rsquo;\u00e9tat de l&rsquo;Union au Parlement europ\u00e9en, \u00e0 Strasbourg (Bas-Rhin), le 10 septembre 2025. (SEBASTIEN BOZON \/ AFP)<\/p>\n<p>\u00ab\u00a0Longue vie \u00e0 l&rsquo;Europe\u00a0!\u00a0\u00bb La pr\u00e9sidente de la Commission europ\u00e9enne, Ursula von der Leyen, s&rsquo;est montr\u00e9e combative, mercredi 10 septembre, <a href=\"https:\/\/www.franceinfo.fr\/monde\/europe\/union-europeenne\/direct-suivez-le-discours-d-ursula-von-der-leyen-sur-l-etat-de-l-union-europeenne_7480354.html\" rel=\"nofollow noopener\" target=\"_blank\">lors de son discours annuel sur l&rsquo;\u00e9tat de l&rsquo;Union europ\u00e9enne<\/a> (UE) devant le Parlement europ\u00e9en \u00e0 Strasbourg. L&rsquo;Europe doit \u00ab\u00a0prendre son ind\u00e9pendance\u00a0\u00bb au milieu d&rsquo;un monde \u00ab\u00a0hostile\u00a0\u00bb et d&rsquo;une \u00ab\u00a0temp\u00eate\u00a0\u00bb g\u00e9opolitique qui va durer, a lanc\u00e9 la dirigeante devant les d\u00e9put\u00e9s europ\u00e9ens. <\/p>\n<p>Russie, Ukraine, Isra\u00ebl, commerce et d\u00e9mocratie&#8230; La cheffe de l&rsquo;ex\u00e9cutif europ\u00e9en a d\u00e9taill\u00e9 ses priorit\u00e9s lors de son discours de politique g\u00e9n\u00e9rale, dans une ambiance souvent houleuse. Elle a tent\u00e9 de convaincre les \u00e9lus europ\u00e9ens, apr\u00e8s <a href=\"https:\/\/www.franceinfo.fr\/monde\/europe\/union-europeenne\/ursula-von-der-leyen-echappe-largement-a-la-censure-mais-pas-aux-critiques_7369180.html\" rel=\"nofollow noopener\" target=\"_blank\">avoir \u00e9chapp\u00e9 \u00e0 une motion de censure<\/a> en juillet. Ursula von der Leyen pourrait d&rsquo;ailleurs bient\u00f4t devoir affronter \u00e0 nouveau deux nouvelles motions de d\u00e9fiance, d\u00e9pos\u00e9es par la gauche radicale et l&rsquo;extr\u00eame droite, rapporte <a href=\"https:\/\/fr.euronews.com\/my-europe\/2025\/09\/06\/ue-ursula-von-der-leyen-pourrait-bientot-etre-confrontee-a-deux-votes-de-defiance\" target=\"_blank\" rel=\"noopener nofollow\">Euronews<\/a>. On vous r\u00e9sume ce qu&rsquo;il faut retenir de ce discours d&rsquo;un peu plus d&rsquo;une heure et demie.<\/p>\n<p>La d\u00e9fense du front est de l&rsquo;Ukraine face \u00e0 la Russie<\/p>\n<p>Ursula von der Leyen a tr\u00e8s rapidement fustig\u00e9 une \u00ab\u00a0violation dangereuse\u00a0\u00bb et \u00ab\u00a0sans pr\u00e9c\u00e9dent\u00a0\u00bb de l&rsquo;espace a\u00e9rien polonais par la Russie, <a href=\"https:\/\/www.franceinfo.fr\/monde\/europe\/manifestations-en-ukraine\/drones-russes-accusations-de-ciblage-volontaire-intervention-de-l-otan-ce-que-l-on-sait-de-l-attaque-qui-a-touche-la-pologne-pays-frontalier-de-l-ukraine_7483951.html\" rel=\"nofollow noopener\" target=\"_blank\">apr\u00e8s des op\u00e9rations de la Pologne d&rsquo;interception de drones \u00ab\u00a0hostiles\u00a0\u00bb<\/a>\u00a0dans la nuit de mardi \u00e0 mercredi, lors d&rsquo;une attaque russe contre l&rsquo;Ukraine voisine. \u00ab\u00a0L&rsquo;Europe d\u00e9fendra chaque centim\u00e8tre carr\u00e9 de son territoire\u00a0\u00bb, a-t-elle pr\u00e9venu dans un discours offensif.\u00a0<\/p>\n<p>\u00ab\u00a0Il faut mettre plus de pression sur la Russie\u00a0\u00bb, a d\u00e9roul\u00e9 la cheffe de l&rsquo;ex\u00e9cutif europ\u00e9en, rappelant qu&rsquo;un <a href=\"https:\/\/www.franceinfo.fr\/monde\/europe\/manifestations-en-ukraine\/guerre-en-ukraine-la-france-va-preparer-un-nouveau-paquet-de-sanctions-europeennes-visant-la-russie-declare-jean-noel-barrot_7391941.html\" rel=\"nofollow noopener\" target=\"_blank\">19e\u00a0paquet de sanctions<\/a> contre Moscou \u00e9tait en pr\u00e9paration. R\u00e9pondant aux demandes de plusieurs pays de l&rsquo;est de l&rsquo;UE, elle a propos\u00e9 de financer les efforts de d\u00e9fense et de surveillance de la Russie sur le flanc est ukrainien. Elle a ainsi d\u00e9fendu la cr\u00e9ation d'\u00a0\u00bbune capacit\u00e9 europ\u00e9enne d\u00e9velopp\u00e9e ensemble, d\u00e9ploy\u00e9e ensemble et maintenue ensemble, capable de r\u00e9agir en temps r\u00e9el\u00a0\u00bb.\u00a0<\/p>\n<p>L&rsquo;utilisation des avoirs russes gel\u00e9s pour l&rsquo;Ukraine<\/p>\n<p>Dans un discours \u00e0 la tonalit\u00e9 martiale, Ursula von der Leyen a appel\u00e9 le Vieux Continent \u00e0 muscler encore son effort de d\u00e9fense, afin de se doter \u00ab\u00a0de moyens strat\u00e9giques ind\u00e9pendants\u00a0\u00bb. Sur le soutien \u00e0 l&rsquo;Ukraine, elle a annonc\u00e9 que l&rsquo;Union europ\u00e9enne allait utiliser les int\u00e9r\u00eats des avoirs russes gel\u00e9s pour accorder un nouveau \u00ab\u00a0pr\u00eat de r\u00e9paration\u00a0\u00bb \u00e0 Kiev, mais sans toucher directement \u00e0 ces actifs eux-m\u00eames. Les d\u00e9tails de cette proposition seront scrut\u00e9s par les Etats membres. Plusieurs d&rsquo;entre eux se sont d\u00e9j\u00e0 prononc\u00e9s contre l&rsquo;utilisation de ces avoirs russes <a href=\"https:\/\/www.franceinfo.fr\/monde\/europe\/manifestations-en-ukraine\/guerre-en-ukraine-on-vous-explique-le-debat-sur-l-utilisation-des-avoirs-russes-geles-dans-l-union-europeenne-pour-aider-kiev_7109505.html\" rel=\"nofollow noopener\" target=\"_blank\">gel\u00e9s depuis le d\u00e9but de la guerre<\/a> \u2013 une demande r\u00e9currente de l&rsquo;Ukraine.<\/p>\n<p>Elle a \u00e9galement annonc\u00e9 l&rsquo;organisation prochaine d&rsquo;un sommet \u00ab\u00a0pour le retour des enfants ukrainiens\u00a0\u00bb enlev\u00e9s par la Russie. \u00ab\u00a0Nous avons accompli des progr\u00e8s historiques ces derni\u00e8res ann\u00e9es pour b\u00e2tir notre Europe de la d\u00e9fense. (&#8230;) Dix-neuf Etats membres ont d\u00e9j\u00e0 souscrit [<a href=\"https:\/\/www.franceinfo.fr\/replay-radio\/le-brief-eco\/europe-de-la-defense-ou-trouver-les-milliards-d-euros-pour-se-rearmer_7244010.html\" rel=\"nofollow noopener\" target=\"_blank\">au programme SAFE<\/a>] c&rsquo;est une tr\u00e8s bonne nouvelle\u00a0\u00bb, s&rsquo;est-elle f\u00e9licit\u00e9e.<\/p>\n<p>La mise en place de sanctions contre Isra\u00ebl<\/p>\n<p>La pr\u00e9sidente de la Commission a d\u00e9nonc\u00e9 les agissements d&rsquo;Isra\u00ebl dans la bande de Gaza, devant un h\u00e9micycle teint\u00e9 de rouge. Cette couleur a \u00e9t\u00e9 arbor\u00e9e par les d\u00e9put\u00e9s \u00e9cologistes et de gauche, en soutien \u00e0 la Palestine. \u00ab\u00a0Une <a href=\"http:\/\/www.franceinfo.fr\/monde\/proche-orient\/israel-palestine\/famine-a-gaza-comment-on-travaille-les-auteurs-du-rapport-sur-lequel-s-appuie-l-onu_7450336.html#:~:text=500%20000%20personnes%20en%20souffrent,aux%20deux%20tiers%20du%20territoire.\" rel=\"nofollow noopener\" target=\"_blank\">famine<\/a><a href=\"http:\/\/www.franceinfo.fr\/monde\/proche-orient\/israel-palestine\/famine-a-gaza-comment-on-travaille-les-auteurs-du-rapport-sur-lequel-s-appuie-l-onu_7450336.html#:~:text=500%20000%20personnes%20en%20souffrent,aux%20deux%20tiers%20du%20territoire.\" rel=\"nofollow noopener\" target=\"_blank\"> [\u00e0 Gaza]<\/a> cr\u00e9\u00e9e par l&rsquo;homme ne peut jamais \u00eatre une arme de guerre. Pour les enfants et les familles, cela doit s&rsquo;arr\u00eater\u00a0\u00bb, a-t-elle lanc\u00e9, alors que l&rsquo;UE est r\u00e9guli\u00e8rement accus\u00e9e de ne pas en faire assez pour mettre fin au conflit entre Gaza et Isra\u00ebl. \u00ab\u00a0Je sais que pour de nombreux citoyens, l&rsquo;incapacit\u00e9 de l&rsquo;Europe \u00e0 s&rsquo;accorder sur la r\u00e9ponse \u00e0 donner\u00a0\u00bb est un probl\u00e8me, a-t-elle r\u00e9pondu aux critiques, regrettant le besoin d&rsquo;unanimit\u00e9 des Vingt-Sept sur cette question.<\/p>\n<p>Ursula von der Leyen a ainsi propos\u00e9 des sanctions contre les \u00ab\u00a0ministres extr\u00e9mistes\u00a0\u00bb isra\u00e9liens ainsi que \u00ab\u00a0les colons violents\u00a0\u00bb, et \u00ab\u00a0une suspension partielle de l&rsquo;accord d&rsquo;association (UE-Isra\u00ebl) sur les questions li\u00e9es au commerce\u00a0\u00bb. Autant de mesures difficiles \u00e0 faire adopter par des Etats membres divis\u00e9s.<\/p>\n<p>La d\u00e9fense de l&rsquo;accord sur les droits de douane avec les Etats-Unis<\/p>\n<p>Confront\u00e9e \u00e0 la col\u00e8re des eurod\u00e9put\u00e9s, la pr\u00e9sidente de la Commission europ\u00e9enne a d\u00e9fendu bec et ongles <a href=\"https:\/\/www.franceinfo.fr\/monde\/usa\/droits-de-douane\/droits-de-douane-on-vous-explique-pourquoi-les-discussions-entre-les-etats-unis-et-l-ue-vont-se-poursuivre-malgre-l-accord_7419193.html\" rel=\"nofollow noopener\" target=\"_blank\">l&rsquo;accord commercial scell\u00e9 avec les Etats-Unis de Donald Trump en ao\u00fbt<\/a>, qui fixe \u00e0 15% les droits de douane sur une majorit\u00e9 de produits europ\u00e9ens import\u00e9s.\u00a0\u00ab\u00a0Je comprends les premi\u00e8res r\u00e9actions\u00a0\u00bb, mais \u00ab\u00a0pensez aux r\u00e9percussions d&rsquo;une guerre commerciale totale avec les Etats-Unis. Imaginez le chaos\u00a0\u00bb, en cette \u00ab\u00a0p\u00e9riode de grave ins\u00e9curit\u00e9 mondiale\u00a0\u00bb, a-t-elle lanc\u00e9 aux eurod\u00e9put\u00e9s.<\/p>\n<p>Elle a aussi assur\u00e9 que l&rsquo;Europe resterait intransigeante sur sa l\u00e9gislation environnementale et num\u00e9rique, que Donald Trump a encore fustig\u00e9e vendredi <a href=\"https:\/\/www.franceinfo.fr\/internet\/google\/quatre-questions-sur-l-amende-de-3-milliards-d-euros-infligee-par-l-ue-a-google-qui-provoque-la-colere-de-donald-trump_7476688.html\" rel=\"nofollow noopener\" target=\"_blank\">apr\u00e8s que la Commission a inflig\u00e9 une lourde amende \u00e0 Google<\/a>. \u00ab\u00a0L&rsquo;Europe d\u00e9cidera toujours pour elle-m\u00eame\u00a0\u00bb, a-t-elle r\u00e9pondu au pr\u00e9sident am\u00e9ricain. Cela sera-t-il suffisant pour rassurer les eurod\u00e9put\u00e9s\u00a0? Ces derniers devront se prononcer dans les semaines qui viennent sur l&rsquo;un des volets de l&rsquo;accord, la baisse des taxes europ\u00e9ennes. Mais la partie semble loin d&rsquo;\u00eatre gagn\u00e9e.<\/p>\n<p>Un soutien \u00e0 la d\u00e9mocratie et \u00e0 la lutte pour l&rsquo;Etat de droit<\/p>\n<p>Sous les quolibets de l&rsquo;extr\u00eame droite, Ursula von der Leyen a tenu \u00e0 aborder les questions li\u00e9es \u00e0 l&rsquo;Etat de droit. \u00ab\u00a0Cette aile de la chambre devrait particuli\u00e8rement s&rsquo;int\u00e9resser aux libert\u00e9s\u00a0\u00bb, leur a-t-elle dit. \u00ab\u00a0Le respect de l&rsquo;Etat de droit est une condition essentielle pour les fonds europ\u00e9ens. Aujourd&rsquo;hui comme demain\u00a0\u00bb, a-t-elle rappel\u00e9. L&rsquo;UE est r\u00e9guli\u00e8rement critiqu\u00e9e pour sa relative inaction face aux reculs d\u00e9mocratiques de certains de ses Etats membres, <a href=\"https:\/\/www.franceinfo.fr\/monde\/europe\/union-europeenne\/la-hongrie-n-a-fait-aucun-progres-en-matiere-d-etat-de-droit-denonce-la-commission-europeenne-dans-son-rapport-annuel_7366923.html\" rel=\"nofollow noopener\" target=\"_blank\">comme la Hongrie<\/a> ou la Slovaquie.<\/p>\n<p>La pr\u00e9sidente de la Commission a ainsi annonc\u00e9 la cr\u00e9ation d&rsquo;un \u00ab\u00a0centre europ\u00e9en pour la r\u00e9silience d\u00e9mocratique\u00a0\u00bb et la mise en place d&rsquo;un \u00ab\u00a0bouclier europ\u00e9en pour la d\u00e9mocratie\u00a0\u00bb, sans donner davantage de d\u00e9tails. \u00ab\u00a0Vous \u00eates visiblement effray\u00e9s\u00a0\u00bb, a-t-elle encore lanc\u00e9, souriante, apr\u00e8s ces annonces, aux d\u00e9put\u00e9s d&rsquo;extr\u00eame droite qui continuaient leur brouhaha. Ursula von der Leyen n&rsquo;a cependant pas mentionn\u00e9 les accords de plus en plus fr\u00e9quents, au Parlement europ\u00e9en, entre le Parti populaire europ\u00e9en, sa famille politique, et les d\u00e9put\u00e9s d&rsquo;extr\u00eame droite.<\/p>\n","protected":false},"excerpt":{"rendered":"La pr\u00e9sidente de la Commission europ\u00e9enne s&rsquo;est exprim\u00e9e mercredi devant le Parlement europ\u00e9en \u00e0 Strasbourg, dans une ambiance&hellip;\n","protected":false},"author":2,"featured_media":380420,"comment_status":"","ping_status":"","sticky":false,"template":"","format":"standard","meta":{"footnotes":""},"categories":[1888],"tags":[1111,1928,11,1927,1777,674,1011,27,12,1926,626,1925,25],"class_list":{"0":"post-380419","1":"post","2":"type-post","3":"status-publish","4":"format-standard","5":"has-post-thumbnail","7":"category-paris","8":"tag-actu","9":"tag-actu-paris","10":"tag-actualites","11":"tag-actualites-paris","12":"tag-eu","13":"tag-europe","14":"tag-fr","15":"tag-france","16":"tag-news","17":"tag-news-paris","18":"tag-paris","19":"tag-paris-news","20":"tag-republique-francaise"},"share_on_mastodon":{"url":"https:\/\/pubeurope.com\/@fr\/115180414163724199","error":""},"_links":{"self":[{"href":"https:\/\/www.europesays.com\/fr\/wp-json\/wp\/v2\/posts\/380419","targetHints":{"allow":["GET"]}}],"collection":[{"href":"https:\/\/www.europesays.com\/fr\/wp-json\/wp\/v2\/posts"}],"about":[{"href":"https:\/\/www.europesays.com\/fr\/wp-json\/wp\/v2\/types\/post"}],"author":[{"embeddable":true,"href":"https:\/\/www.europesays.com\/fr\/wp-json\/wp\/v2\/users\/2"}],"replies":[{"embeddable":true,"href":"https:\/\/www.europesays.com\/fr\/wp-json\/wp\/v2\/comments?post=380419"}],"version-history":[{"count":0,"href":"https:\/\/www.europesays.com\/fr\/wp-json\/wp\/v2\/posts\/380419\/revisions"}],"wp:featuredmedia":[{"embeddable":true,"href":"https:\/\/www.europesays.com\/fr\/wp-json\/wp\/v2\/media\/380420"}],"wp:attachment":[{"href":"https:\/\/www.europesays.com\/fr\/wp-json\/wp\/v2\/media?parent=380419"}],"wp:term":[{"taxonomy":"category","embeddable":true,"href":"https:\/\/www.europesays.com\/fr\/wp-json\/wp\/v2\/categories?post=380419"},{"taxonomy":"post_tag","embeddable":true,"href":"https:\/\/www.europesays.com\/fr\/wp-json\/wp\/v2\/tags?post=380419"}],"curies":[{"name":"wp","href":"https:\/\/api.w.org\/{rel}","templated":true}]}}