{"id":380423,"date":"2025-09-10T14:14:10","date_gmt":"2025-09-10T14:14:10","guid":{"rendered":"https:\/\/www.europesays.com\/fr\/380423\/"},"modified":"2025-09-10T14:14:10","modified_gmt":"2025-09-10T14:14:10","slug":"de-la-colere-et-de-lindignation-dans-les-corteges","status":"publish","type":"post","link":"https:\/\/www.europesays.com\/fr\/380423\/","title":{"rendered":"de la col\u00e8re et de l\u2019indignation dans les cort\u00e8ges"},"content":{"rendered":"<p>   Au\u00a0Muy, dans le Var, le rond-point de l\u2019autoroute A8 n\u2019a jamais \u00e9t\u00e9 enti\u00e8rement d\u00e9sert\u00e9 par les \u00ab\u00a0gilets jaunes\u00a0\u00bb             <\/p>\n<p class=\"post__live-container--answer-text post__space-node\">Il y a des bastions de \u00ab\u00a0gilets jaunes\u00a0\u00bb qui ont tenu, malgr\u00e9 tout. Fig\u00e9s dans l\u2019attente d\u2019un regain soudain du mouvement. Au\u00a0Muy, dans le Var, le rond-point de l\u2019autoroute A8 n\u2019a jamais \u00e9t\u00e9 enti\u00e8rement d\u00e9sert\u00e9\u00a0: une poign\u00e9e de femmes sont venues quelques heures tous les samedis apr\u00e8s-midi, \u00e9t\u00e9 comme hiver, depuis novembre\u00a02018.<\/p>\n<p class=\"post__live-container--answer-text post__space-node\">Aujourd\u2019hui, ils sont une quarantaine \u00e0 filtrer le trafic. Ce n\u2019est pas une \u00ab\u00a0reprise\u00a0\u00bb du mouvement, estiment-elles, puisque, elles, elles ne sont jamais parties. \u00ab\u00a0Mais on est quand m\u00eame contentes de voir du monde\u00a0\u00bb, sourit Christelle, qui n\u2019a pas voulu donner son vrai nom \u2013 elle n\u2019aime pas ce que les journalistes \u00ab\u00a0ont fait du mouvement\u00a0\u00bb.<\/p>\n<p class=\"post__live-container--answer-text post__space-node\">Ici, les gendarmes \u00ab\u00a0les connaissent\u00a0\u00bb, au point de partir en pause d\u00e9jeuner avec un petit signe de la main. \u00ab\u00a0C\u2019est comme des enfants\u00a0: on est sages, alors ils nous laissent jouer tranquilles\u00a0\u00bb, dit Martine, dont le nom a \u00e9galement \u00e9t\u00e9 modifi\u00e9.<\/p>\n<p class=\"post__live-container--answer-text post__space-node\">Depuis le d\u00e9but du mouvement des \u00ab\u00a0gilets jaunes\u00a0\u00bb, en novembre\u00a02018, le rond-point a connu plusieurs couples et un mariage. Quelques morts, aussi. En ce 10\u00a0septembre, il compte de nouvelles t\u00eates qui n\u2019ont rien suivi \u00e0 l\u2019historique. D\u2019autres sont revenus manifester sur le rond-point malgr\u00e9 la d\u00e9ception de la derni\u00e8re mobilisation et \u00ab\u00a0la crainte de se retrouver avec des militants LFI\u00a0\u00bb, explique Martine. \u00ab\u00a0Ma m\u00e8re n\u2019a pas voulu venir \u00e0 cause de \u00e7a\u00a0\u00bb, dit-elle. \u00ab\u00a0Mais tout compte fait, moi, je me dis que les ennemis de mes ennemis sont mes amis.\u00a0\u00bb<\/p>\n<p class=\"post__live-container--answer-text post__space-node\">Parmi ces nouveaux, il y a George et Muriel Vittoz, 70\u00a0ans. Lui \u00e9tait gardien de HLM, elle \u00e9tait femme de m\u00e9nage. Le couple a travaill\u00e9 parfois sept jours sur sept pour \u00ab\u00a0offrir des \u00e9tudes\u00a0\u00bb \u00e0 leurs deux fils. Aujourd\u2019hui, ces derniers sont tous les deux ing\u00e9nieurs, mais leurs parents sont tout de m\u00eame d\u00e9\u00e7us. \u00ab\u00a0On a tout fait pour qu\u2019ils aient une belle vie, et quoi\u00a0? Ils commencent leur carri\u00e8re avec des salaires vraiment pas dingues, une inflation terrible, des in\u00e9galit\u00e9s qui explosent\u2026 On s\u2019est sacrifi\u00e9s pour eux, et finalement, ils triment quand m\u00eame.\u00a0\u00bb<\/p>\n<p>         Sofia Fischer (Nice, correspondance)  <\/p>\n","protected":false},"excerpt":{"rendered":"Au\u00a0Muy, dans le Var, le rond-point de l\u2019autoroute A8 n\u2019a jamais \u00e9t\u00e9 enti\u00e8rement d\u00e9sert\u00e9 par les \u00ab\u00a0gilets jaunes\u00a0\u00bb&hellip;\n","protected":false},"author":2,"featured_media":380424,"comment_status":"","ping_status":"","sticky":false,"template":"","format":"standard","meta":{"footnotes":""},"categories":[1888],"tags":[11,1777,674,1011,27,12,626,25],"class_list":{"0":"post-380423","1":"post","2":"type-post","3":"status-publish","4":"format-standard","5":"has-post-thumbnail","7":"category-paris","8":"tag-actualites","9":"tag-eu","10":"tag-europe","11":"tag-fr","12":"tag-france","13":"tag-news","14":"tag-paris","15":"tag-republique-francaise"},"share_on_mastodon":{"url":"https:\/\/pubeurope.com\/@fr\/115180421975456693","error":""},"_links":{"self":[{"href":"https:\/\/www.europesays.com\/fr\/wp-json\/wp\/v2\/posts\/380423","targetHints":{"allow":["GET"]}}],"collection":[{"href":"https:\/\/www.europesays.com\/fr\/wp-json\/wp\/v2\/posts"}],"about":[{"href":"https:\/\/www.europesays.com\/fr\/wp-json\/wp\/v2\/types\/post"}],"author":[{"embeddable":true,"href":"https:\/\/www.europesays.com\/fr\/wp-json\/wp\/v2\/users\/2"}],"replies":[{"embeddable":true,"href":"https:\/\/www.europesays.com\/fr\/wp-json\/wp\/v2\/comments?post=380423"}],"version-history":[{"count":0,"href":"https:\/\/www.europesays.com\/fr\/wp-json\/wp\/v2\/posts\/380423\/revisions"}],"wp:featuredmedia":[{"embeddable":true,"href":"https:\/\/www.europesays.com\/fr\/wp-json\/wp\/v2\/media\/380424"}],"wp:attachment":[{"href":"https:\/\/www.europesays.com\/fr\/wp-json\/wp\/v2\/media?parent=380423"}],"wp:term":[{"taxonomy":"category","embeddable":true,"href":"https:\/\/www.europesays.com\/fr\/wp-json\/wp\/v2\/categories?post=380423"},{"taxonomy":"post_tag","embeddable":true,"href":"https:\/\/www.europesays.com\/fr\/wp-json\/wp\/v2\/tags?post=380423"}],"curies":[{"name":"wp","href":"https:\/\/api.w.org\/{rel}","templated":true}]}}