{"id":380427,"date":"2025-09-10T14:16:13","date_gmt":"2025-09-10T14:16:13","guid":{"rendered":"https:\/\/www.europesays.com\/fr\/380427\/"},"modified":"2025-09-10T14:16:13","modified_gmt":"2025-09-10T14:16:13","slug":"la-strategie-de-grignotage-de-la-russie-lexpress","status":"publish","type":"post","link":"https:\/\/www.europesays.com\/fr\/380427\/","title":{"rendered":"la strat\u00e9gie de grignotage de la Russie \u2013 L&rsquo;Express"},"content":{"rendered":"<p class=\"paragraph article-body-paragraph article__item   article-body-paragraph--first \">A plusieurs reprises ces derniers mois, des drones russes ont viol\u00e9 l\u2019espace a\u00e9rien des pays de la fronti\u00e8re orientale <a href=\"https:\/\/www.lexpress.fr\/monde\/europe\/face-a-vladimir-poutine-comment-lotan-est-redevenue-une-machine-de-guerre-A43W5PC6RVE4LP3RD7BNC6GXYY\/\" target=\"_self\" rel=\"nofollow noopener\" title=\"https:\/\/www.lexpress.fr\/monde\/europe\/face-a-vladimir-poutine-comment-lotan-est-redevenue-une-machine-de-guerre-A43W5PC6RVE4LP3RD7BNC6GXYY\/\">de l\u2019Otan<\/a>, de la Roumanie aux pays Baltes. En ao\u00fbt, deux d\u2019entre eux se sont \u00e9cras\u00e9s en Pologne et Lituanie, au cours de nouvelles nuits de frappes a\u00e9riennes massives contre les villes ukrainiennes. Dans les deux cas, il s\u2019agissait de Gerbera. Ce mod\u00e8le sans charge explosive sert de leurre au profit d\u2019un drone poss\u00e9dant un design et une signature radar proche, le Shahed. Difficile de savoir s\u2019il s\u2019agissait de ciblages d\u00e9lib\u00e9r\u00e9s ou de drones d\u00e9sorient\u00e9s, ayant d\u00e9vi\u00e9 de leur trajectoire.<\/p>\n<p><strong class=\"article-body-link-list__item text-gray-800 article-body-link-list__item--one-item\">LIRE AUSSI : <a class=\"article-body-link-list__item-link\" href=\"https:\/\/www.lexpress.fr\/monde\/comment-vladimir-poutine-manipule-les-occidentaux-menaces-coups-de-bluff-et-methode-kgb-UXXCBPS54RHHNDPWQEE3KFUHCY\/\" rel=\"nofollow noopener\" target=\"_blank\">\u00ab\u00a0Les Europ\u00e9ens n\u2019entreront jamais en guerre\u00a0\u00bb : Vladimir Poutine, le grand manipulateur qui balade les Occidentaux<\/a><\/strong><\/p>\n<p class=\"paragraph article-body-paragraph article__item   \">Les violations de la nuit du 9 au 10 septembre sont d\u2019une tout autre ampleur. Pour la premi\u00e8re fois, au moins 19 drones russes, selon les autorit\u00e9s polonaises, ont p\u00e9n\u00e9tr\u00e9 en Pologne. Certains depuis l\u2019Ukraine \u2013 Kiev a fait \u00e9tat d\u2019une attaque de 415 drones et 43 missiles \u2013 et d\u2019autres depuis la Bi\u00e9lorussie, <a href=\"https:\/\/www.lexpress.fr\/monde\/drones-abattus-reactions-internationales-ce-que-lon-sait-de-lacte-dagression-russe-en-pologne-IKKMIA3D4NCBBGPXUT4XTGUVNM\/\" target=\"_self\" rel=\"nofollow noopener\" title=\"https:\/\/www.lexpress.fr\/monde\/drones-abattus-reactions-internationales-ce-que-lon-sait-de-lacte-dagression-russe-en-pologne-IKKMIA3D4NCBBGPXUT4XTGUVNM\/\">a pr\u00e9cis\u00e9 le Premier ministre Donald Tusk<\/a> au Parlement. Ils ont \u00e9t\u00e9 en partie <a href=\"https:\/\/www.lexpress.fr\/monde\/europe\/la-pologne-abat-des-objets-hostiles-apres-des-violations-de-son-espace-aerien-par-la-russie-FTXTJUGQYJFTJLBZ2SFHBBSZZA\/\" target=\"_self\" rel=\"nofollow noopener\" title=\"https:\/\/www.lexpress.fr\/monde\/europe\/la-pologne-abat-des-objets-hostiles-apres-des-violations-de-son-espace-aerien-par-la-russie-FTXTJUGQYJFTJLBZ2SFHBBSZZA\/\">neutralis\u00e9s par des avions de combat polonais<\/a> et n\u00e9erlandais. Les restes de l\u2019un de ces engins sont tomb\u00e9s sur une maison d\u2019un bourg de la r\u00e9gion de Lublin, sans faire de victimes.<\/p>\n<p class=\"paragraph article-body-paragraph article__item   \">\u00ab\u00a0Nous ne sommes pas en guerre, mais nous ne sommes plus en paix\u00a0\u00bb, a r\u00e9p\u00e9t\u00e9 \u00e0 plusieurs reprises cette ann\u00e9e le ministre de la D\u00e9fense fran\u00e7ais <a href=\"https:\/\/www.lexpress.fr\/politique\/sebastien-lecornu-a-matignon-nos-revelations-sur-les-manoeuvres-des-derniers-jours-D3FSIHZDCVDSLAEJAWDAZUNQYM\/\" target=\"_self\" rel=\"nofollow noopener\" title=\"https:\/\/www.lexpress.fr\/politique\/sebastien-lecornu-a-matignon-nos-revelations-sur-les-manoeuvres-des-derniers-jours-D3FSIHZDCVDSLAEJAWDAZUNQYM\/\">S\u00e9bastien Lecornu, tout juste nomm\u00e9 Premier ministre.<\/a> Cette incursion russe in\u00e9dite confirme la strat\u00e9gie de grignotage adopt\u00e9e par la Russie dans son conflit latent avec l\u2019Occident, \u00e0 commencer par les pays europ\u00e9ens soutenant les Ukrainiens, au premier chef la Pologne.<\/p>\n<p>L\u2019hostilit\u00e9 russe va crescendo<\/p>\n<p class=\"paragraph article-body-paragraph article__item   \">Cette violation d\u2019un espace a\u00e9rien d\u00e9passe le simple incident \u00e0 la marge de la plus grande guerre sur le continent europ\u00e9en depuis 1945. Mais elle n\u2019est pas au point d\u2019engager des repr\u00e9sailles directes et imm\u00e9diates de la part de la Pologne ou de l\u2019Otan. <a href=\"https:\/\/www.lexpress.fr\/monde\/europe\/sur-les-mers-vladimir-poutine-a-beaucoup-perdu-navires-coules-bases-abandonnees-YV32IOEXSRC4PIRRJCVZOGJZVI\/\" target=\"_self\" rel=\"nofollow noopener\" title=\"https:\/\/www.lexpress.fr\/monde\/europe\/sur-les-mers-vladimir-poutine-a-beaucoup-perdu-navires-coules-bases-abandonnees-YV32IOEXSRC4PIRRJCVZOGJZVI\/\">L\u2019hostilit\u00e9 russe<\/a> va crescendo, dans la droite ligne de la recrudescence de sabotages en tout genre, depuis l\u2019invasion de f\u00e9vrier 2022 en Ukraine.<\/p>\n<p class=\"paragraph article-body-paragraph article__item   \">La rupture d\u00e9lib\u00e9r\u00e9e de c\u00e2bles sous-marins a \u00e9t\u00e9 le plus souvent l\u2019\u0153uvre de navires civils avec des \u00e9quipages russes, dans des zones de navigation libres. Ici, il est question d\u2019un territoire pleinement souverain et d\u2019armement de nature militaire. La fronti\u00e8re entre la guerre hybride, men\u00e9e en dessous du seuil d\u2019un affrontement sur le champ de bataille, et la guerre \u00ab\u00a0tout court\u00a0\u00bb, s\u2019estompe.<\/p>\n<p class=\"paragraph article-body-paragraph article__item   \">Cela ne peut que susciter l\u2019inqui\u00e9tude : une telle op\u00e9ration permet \u00e0 la Russie de tester aussi bien la r\u00e9action politique des Occidentaux que leurs d\u00e9fenses a\u00e9riennes. Elle intervient \u00e9galement apr\u00e8s les attaques contre une usine am\u00e9ricaine en Ukraine, ainsi que les bureaux, \u00e0 Kiev, de l\u2019Union europ\u00e9enne et du British Council. A cet \u00e9gard, la r\u00e9action polonaise de la nuit derni\u00e8re \u00e9tait n\u00e9cessaire, estime <a href=\"https:\/\/bsky.app\/profile\/olyaoliker.bsky.social\/post\/3lyhxtegtw223\" target=\"_self\" rel=\"nofollow noopener\" title=\"https:\/\/bsky.app\/profile\/olyaoliker.bsky.social\/post\/3lyhxtegtw223\">dans un tweet Olga Oliker<\/a>, directrice Europe de l\u2019International Crisis Group : \u00ab\u00a0Que ces dommages soient intentionnels ou non, le fait de ne pas y r\u00e9pondre sugg\u00e9rerait, au mieux, que Moscou n\u2019a pas besoin de faire preuve de prudence et, au pire, qu\u2019il a carte blanche\u00a0\u00bb.<\/p>\n<p><strong class=\"article-body-link-list__item text-gray-800 article-body-link-list__item--one-item\">LIRE AUSSI : <a class=\"article-body-link-list__item-link\" href=\"https:\/\/www.lexpress.fr\/monde\/europe\/sur-les-mers-vladimir-poutine-a-beaucoup-perdu-navires-coules-bases-abandonnees-YV32IOEXSRC4PIRRJCVZOGJZVI\/\" rel=\"nofollow noopener\" target=\"_blank\">Navires coul\u00e9s, bases abandonn\u00e9es : sur les mers, Vladimir Poutine a beaucoup perdu<\/a><\/strong><\/p>\n<p class=\"paragraph article-body-paragraph article__item    article__text__endpicto\">Pour l\u2019Estonienne Kaja Kallas, cheffe de la diplomatie europ\u00e9enne, cette violation laisse penser \u00ab\u00a0qu\u2019il s\u2019agissait d\u2019un acte intentionnel, non accidentel\u00a0\u00bb. Le pr\u00e9sident Ukrainien Volodymyr Zelensky a, lui, d\u00e9nonc\u00e9 un \u00ab\u00a0ciblage d\u00e9lib\u00e9r\u00e9\u00a0\u00bb et appel\u00e9 \u00e0 un syst\u00e8me de d\u00e9fense a\u00e9rienne commune. De son c\u00f4t\u00e9, Varsovie a annonc\u00e9 l\u2019activation de l\u2019article 4 de l\u2019Otan, pr\u00e9voyant une consultation entre membres lorsque l\u2019int\u00e9grit\u00e9 territoriale de l\u2019un d\u2019entre eux est menac\u00e9e, pour approfondir la coop\u00e9ration sur la s\u00e9curit\u00e9 de l\u2019espace a\u00e9rien et des fronti\u00e8res otaniennes. Une r\u00e9ponse trop timide risquerait d\u2019ouvrir la voie \u00e0 de nouvelles op\u00e9rations russes de ce genre.<\/p>\n","protected":false},"excerpt":{"rendered":"A plusieurs reprises ces derniers mois, des drones russes ont viol\u00e9 l\u2019espace a\u00e9rien des pays de la fronti\u00e8re&hellip;\n","protected":false},"author":2,"featured_media":380428,"comment_status":"","ping_status":"","sticky":false,"template":"","format":"standard","meta":{"footnotes":""},"categories":[1591],"tags":[11,674,1887,74,12,1885,1886,132],"class_list":{"0":"post-380427","1":"post","2":"type-post","3":"status-publish","4":"format-standard","5":"has-post-thumbnail","7":"category-russie","8":"tag-actualites","9":"tag-europe","10":"tag-federation-de-russie","11":"tag-monde","12":"tag-news","13":"tag-russia","14":"tag-russian-federation","15":"tag-russie"},"share_on_mastodon":{"url":"https:\/\/pubeurope.com\/@fr\/115180429925171780","error":""},"_links":{"self":[{"href":"https:\/\/www.europesays.com\/fr\/wp-json\/wp\/v2\/posts\/380427","targetHints":{"allow":["GET"]}}],"collection":[{"href":"https:\/\/www.europesays.com\/fr\/wp-json\/wp\/v2\/posts"}],"about":[{"href":"https:\/\/www.europesays.com\/fr\/wp-json\/wp\/v2\/types\/post"}],"author":[{"embeddable":true,"href":"https:\/\/www.europesays.com\/fr\/wp-json\/wp\/v2\/users\/2"}],"replies":[{"embeddable":true,"href":"https:\/\/www.europesays.com\/fr\/wp-json\/wp\/v2\/comments?post=380427"}],"version-history":[{"count":0,"href":"https:\/\/www.europesays.com\/fr\/wp-json\/wp\/v2\/posts\/380427\/revisions"}],"wp:featuredmedia":[{"embeddable":true,"href":"https:\/\/www.europesays.com\/fr\/wp-json\/wp\/v2\/media\/380428"}],"wp:attachment":[{"href":"https:\/\/www.europesays.com\/fr\/wp-json\/wp\/v2\/media?parent=380427"}],"wp:term":[{"taxonomy":"category","embeddable":true,"href":"https:\/\/www.europesays.com\/fr\/wp-json\/wp\/v2\/categories?post=380427"},{"taxonomy":"post_tag","embeddable":true,"href":"https:\/\/www.europesays.com\/fr\/wp-json\/wp\/v2\/tags?post=380427"}],"curies":[{"name":"wp","href":"https:\/\/api.w.org\/{rel}","templated":true}]}}