{"id":380429,"date":"2025-09-10T14:17:23","date_gmt":"2025-09-10T14:17:23","guid":{"rendered":"https:\/\/www.europesays.com\/fr\/380429\/"},"modified":"2025-09-10T14:17:23","modified_gmt":"2025-09-10T14:17:23","slug":"la-lecon-dalaska-ou-le-festin-des-fauves","status":"publish","type":"post","link":"https:\/\/www.europesays.com\/fr\/380429\/","title":{"rendered":"La le\u00e7on d&rsquo;Alaska ou le festin des fauves"},"content":{"rendered":"<p>Pour ceux qui n\u2019auraient pas encore compris, la guerre entre la <a href=\"https:\/\/www.lejdd.fr\/russie\" target=\"_blank\" rel=\"nofollow noopener\">Russie<\/a> et l\u2019<a href=\"https:\/\/www.lejdd.fr\/Tags\/Ukraine\" target=\"_blank\" rel=\"nofollow noopener\">Ukraine<\/a> est une guerre entre la Russie et les <a href=\"https:\/\/www.lejdd.fr\/Tags\/Etats-Unis\" target=\"_blank\" rel=\"nofollow noopener\">\u00c9tats-Unis<\/a>, c\u2019est la le\u00e7on venue d\u2019Alaska, le quarante-neuvi\u00e8me \u00c9tat am\u00e9ricain qui, quand le d\u00e9troit de B\u00e9ring est gel\u00e9, dispose d\u2019une fronti\u00e8re en dur avec la Russie. On ne peut trouver endroit plus symbolique pour une r\u00e9union qui d\u00e9cidera de&#8230; l\u2019avenir de l\u2019Ukraine.<\/p>\n<p>Les images t\u00e9moignent\u00a0: <a href=\"https:\/\/www.lejdd.fr\/Donald-Trump\" target=\"_blank\" rel=\"nofollow noopener\">Trump<\/a> a d\u00e9roul\u00e9 le tapis rouge \u00e0 son homologue russe re\u00e7u comme une puissance \u00e9gale au g\u00e9ant am\u00e9ricain, ce que les ogives nucl\u00e9aires de part et d\u2019autre du passage du Nord-Ouest rendent possible. La poign\u00e9e de main entre ces deux fous dont d\u00e9pend l\u2019avenir du monde, avec en sus la main tapot\u00e9e de <a href=\"https:\/\/www.lejdd.fr\/Tags\/Vladimir-Poutine\" target=\"_blank\" rel=\"nofollow noopener\">Poutine<\/a> par la grosse main grasse de Trump dont l\u2019autre serrait d\u00e9j\u00e0 la paluche russe, \u00e9tait un signe \u00e9thologique\u00a0: deux grands fauves se r\u00e9unissaient, deux grands reptiles, deux grands malades \u00e9galement, et l\u2019avenir de l\u2019humanit\u00e9 d\u00e9pendait des humeurs de ces deux-l\u00e0 plus complices qu\u2019ennemis.<\/p>\n<p>Pendant ce temps, <a href=\"https:\/\/www.lejdd.fr\/volodymyr-zelensky\" target=\"_blank\" rel=\"nofollow noopener\">Zelensky<\/a> jouait aux dominos, <a href=\"https:\/\/www.lejdd.fr\/Emmanuel-Macron\" target=\"_blank\" rel=\"nofollow noopener\">Macron<\/a> faisait du jet-ski \u00e0 Br\u00e9gan\u00e7on, Ursula von der\u00a0Leyen bronzait toute habill\u00e9e sur les plages de <a href=\"https:\/\/www.lejdd.fr\/Tags\/Union-europeenne\" target=\"_blank\" rel=\"nofollow noopener\">Bruxelles<\/a> et les autres dirigeants europ\u00e9istes faisaient des mots m\u00eal\u00e9s au bord de la piscine.<\/p>\n<p>Marchands de tapis<\/p>\n<p>En m\u00eame temps, comme dirait l\u2019Autre, Donald Trump et Vladimir Poutine se penchaient sur la carte du monde et, comme \u00e0 <a href=\"https:\/\/www.lejdd.fr\/International\/quest-ce-que-la-conference-de-yalta-154564\" target=\"_blank\" rel=\"nofollow noopener\">Yalta<\/a>, n\u00e9gociaient comme des marchands de tapis des bouts d\u2019Ukraine \u00e0 se partager, probablement avec une carte g\u00e9ologique signalant les int\u00e9r\u00eats du sous-sol ukrainien.\u00a0<\/p>\n<blockquote class=\"exergue\"><p>Trump et Poutine, comme \u00e0 Yalta, n\u00e9gociaient comme des marchands de tapis des bouts d&rsquo;Ukraine<\/p><\/blockquote>\n<p>Poutine pense qu\u2019en bombardant l\u2019Ukraine, il va rendre le pays russophile\u00a0! C\u2019est\u00a0 un d\u00e9lire de malade mental de vouloir conqu\u00e9rir les c\u0153urs en d\u00e9truisant les corps. Les bombardements russes ciblent des lieux culturels en Ukraine qui constituent autant de lieux identitaires\u00a0: des mus\u00e9es, des th\u00e9\u00e2tres, des \u00e9coles, des universit\u00e9s, des biblioth\u00e8ques, des b\u00e2timents patrimoniaux. Si tout cela \u00e9tait russe, \u00e0 quoi bon les d\u00e9truire, sinon parce que l\u2019identit\u00e9 ukrainienne existe et que Poutine souhaite l\u2019\u00e9radiquer afin de supprimer les preuves que l\u2019Ukraine n\u2019est pas russe.<\/p>\n<p>    La suite apr\u00e8s cette publicit\u00e9<\/p>\n<p>Sur les cha\u00eenes d\u2019info continues, les commentateurs dans l\u2019attente de plus qu\u2019un avion en approche, qu\u2019un avion atterrissant, qu\u2019un avion atterri, qu\u2019un avion en roulage, qu\u2019un avion arr\u00eat\u00e9, expliquaient que cette rencontre \u00e9tait d\u00e9j\u00e0 un succ\u00e8s\u00a0: la preuve, les deux fous se rencontraient et on ne se rencontre pas pour acter qu\u2019on ne s\u2019entend pas.<\/p>\n<p>Ce fut pourtant le cas\u00a0: Poutine qui recevait l\u2019onction am\u00e9ricaine, alors qu\u2019il est <a href=\"https:\/\/www.lejdd.fr\/international\/tribune-le-mandat-darret-international-contre-vladimir-poutine-est-un-symbole-immense-134011\" target=\"_blank\" rel=\"nofollow noopener\">sous le coup d\u2019un mandat d\u2019arr\u00eat international<\/a>, est venu dire \u00e0 Trump que le ma\u00eetre du jeu c\u2019\u00e9tait lui et personne d\u2019autre. Le Donald a pu dire lors de sa campagne qu\u2019une fois \u00e9lu, il r\u00e9glerait le probl\u00e8me en vingt-quatre heures et qu\u2019il irait ensuite chercher son prix Nobel de la paix, Poutine lui a dit avec son sourire de serpent\u00a0: \u00ab\u00a0Pas tant que je ne l\u2019aurai pas d\u00e9cid\u00e9 et dans les formes que j\u2019aurai choisies.\u00a0\u00bb<\/p>\n<p>Le lendemain, descendu de son jet-ski, Macron faisait des pieds et des mains pour venir \u00e0 Washington avec ses amis joueurs de dominos, bronz\u00e9s de Bruxelles et amateurs de mots m\u00eal\u00e9s. Pour quoi faire\u00a0? Se faire humilier, probablement le passe-temps pr\u00e9f\u00e9rer d\u2019Emmanuel Macron\u00a0; ce qui ne serait pas bien grave si ce n\u2019\u00e9tait en m\u00eame temps humilier la France.<\/p>\n","protected":false},"excerpt":{"rendered":"Pour ceux qui n\u2019auraient pas encore compris, la guerre entre la Russie et l\u2019Ukraine est une guerre entre&hellip;\n","protected":false},"author":2,"featured_media":380430,"comment_status":"","ping_status":"","sticky":false,"template":"","format":"standard","meta":{"footnotes":""},"categories":[1590],"tags":[11,1777,674,12,220],"class_list":{"0":"post-380429","1":"post","2":"type-post","3":"status-publish","4":"format-standard","5":"has-post-thumbnail","7":"category-ukraine","8":"tag-actualites","9":"tag-eu","10":"tag-europe","11":"tag-news","12":"tag-ukraine"},"share_on_mastodon":{"url":"https:\/\/pubeurope.com\/@fr\/115180433777830865","error":""},"_links":{"self":[{"href":"https:\/\/www.europesays.com\/fr\/wp-json\/wp\/v2\/posts\/380429","targetHints":{"allow":["GET"]}}],"collection":[{"href":"https:\/\/www.europesays.com\/fr\/wp-json\/wp\/v2\/posts"}],"about":[{"href":"https:\/\/www.europesays.com\/fr\/wp-json\/wp\/v2\/types\/post"}],"author":[{"embeddable":true,"href":"https:\/\/www.europesays.com\/fr\/wp-json\/wp\/v2\/users\/2"}],"replies":[{"embeddable":true,"href":"https:\/\/www.europesays.com\/fr\/wp-json\/wp\/v2\/comments?post=380429"}],"version-history":[{"count":0,"href":"https:\/\/www.europesays.com\/fr\/wp-json\/wp\/v2\/posts\/380429\/revisions"}],"wp:featuredmedia":[{"embeddable":true,"href":"https:\/\/www.europesays.com\/fr\/wp-json\/wp\/v2\/media\/380430"}],"wp:attachment":[{"href":"https:\/\/www.europesays.com\/fr\/wp-json\/wp\/v2\/media?parent=380429"}],"wp:term":[{"taxonomy":"category","embeddable":true,"href":"https:\/\/www.europesays.com\/fr\/wp-json\/wp\/v2\/categories?post=380429"},{"taxonomy":"post_tag","embeddable":true,"href":"https:\/\/www.europesays.com\/fr\/wp-json\/wp\/v2\/tags?post=380429"}],"curies":[{"name":"wp","href":"https:\/\/api.w.org\/{rel}","templated":true}]}}