{"id":38043,"date":"2025-04-20T04:56:28","date_gmt":"2025-04-20T04:56:28","guid":{"rendered":"https:\/\/www.europesays.com\/fr\/38043\/"},"modified":"2025-04-20T04:56:28","modified_gmt":"2025-04-20T04:56:28","slug":"lille-le-passager-du-bus-avait-avale-123-ovules-dheroine-et-de-cocaine","status":"publish","type":"post","link":"https:\/\/www.europesays.com\/fr\/38043\/","title":{"rendered":"Lille. Le passager du bus avait aval\u00e9 123\u00a0ovules d\u2019h\u00e9ro\u00efne et de coca\u00efne"},"content":{"rendered":"<p>Un homme de 43\u00a0ans a \u00e9t\u00e9 condamn\u00e9 \u00e0 deux ans de prison dont un an ferme, lundi 14\u00a0avril 2025, par le tribunal judiciaire de <a href=\"https:\/\/lille.maville.com\/\/\" target=\"_self\" rel=\"noopener\">Lille<\/a> (Nord). Au d\u00e9but du mois, il avait \u00e9t\u00e9 contr\u00f4l\u00e9 dans un\u00a0Flixbus en provenance d\u2019Amsterdam et \u00e0 destination de Paris. Ce Nig\u00e9rian, qui habite l\u2019Italie, transportait en r\u00e9alit\u00e9 une grande quantit\u00e9 de drogue, rapporte <a href=\"https:\/\/www.lavoixdunord.fr\/1576846\/article\/2025-04-17\/controle-lille-bord-d-un-flixbus-avec-123-ovules-d-heroine-et-cocaine-dans-l\" target=\"_blank\" rel=\"noopener\"> La Voix du Nord <\/a>. Il avait ainsi aval\u00e9 82\u00a0ovules d\u2019h\u00e9ro\u00efne et 41\u00a0de coca\u00efne.\u00a0<\/p>\n<p>\u00c0 la barre, le pr\u00e9venu a assur\u00e9 qu\u2019il pensait avoir dans son estomac <strong>\u00ab\u00a0de la bita-cola\u00a0\u00bb<\/strong>, une esp\u00e8ce de plante dont les graines sont utilis\u00e9es en m\u00e9decine traditionnelle. Il les avait aval\u00e9es car il pensait que le produit, en grande quantit\u00e9, \u00e9tait interdit.<\/p>\n<p>Une amende de pr\u00e8s de 55\u00a0000\u00a0\u20ac<\/p>\n<p>Pas de quoi convaincre le tribunal qui a consid\u00e9r\u00e9 le p\u00e8re de famille comme <strong>\u00ab\u00a0une mule\u00a0\u00bb<\/strong> au service de trafiquants. Outre sa peine de prison, l\u2019homme s\u2019est vu infliger\u00a0une amende du service des douanes de pr\u00e8s de 55\u00a0000\u00a0\u20ac, soit la valeur de la drogue qu\u2019il convoyait. Il est \u00e9galement interdit de territoire pendant cinq ans.<\/p>\n<p>Pour en savoir plus\u00a0: lire l\u2019article de <a href=\"https:\/\/www.lavoixdunord.fr\/1576846\/article\/2025-04-17\/controle-lille-bord-d-un-flixbus-avec-123-ovules-d-heroine-et-cocaine-dans-l\" target=\"_blank\" rel=\"noopener\"> La Voix du Nord <\/a>.<\/p>\n<p>\u00a0<\/p>\n","protected":false},"excerpt":{"rendered":"Un homme de 43\u00a0ans a \u00e9t\u00e9 condamn\u00e9 \u00e0 deux ans de prison dont un an ferme, lundi 14\u00a0avril&hellip;\n","protected":false},"author":2,"featured_media":38044,"comment_status":"","ping_status":"","sticky":false,"template":"","format":"standard","meta":{"footnotes":""},"categories":[2815],"tags":[12032,1111,11,12031,7048,3993,1777,674,1011,27,811,12034,1307,12,12033,12030,25],"class_list":{"0":"post-38043","1":"post","2":"type-post","3":"status-publish","4":"format-standard","5":"has-post-thumbnail","7":"category-lille","8":"tag-12032","9":"tag-actu","10":"tag-actualites","11":"tag-avale","12":"tag-bus","13":"tag-cocaine","14":"tag-eu","15":"tag-europe","16":"tag-fr","17":"tag-france","18":"tag-hauts-de-france","19":"tag-heroine","20":"tag-lille","21":"tag-news","22":"tag-ovules","23":"tag-passager","24":"tag-republique-francaise"},"share_on_mastodon":{"url":"https:\/\/pubeurope.com\/@fr\/114368517556408386","error":""},"_links":{"self":[{"href":"https:\/\/www.europesays.com\/fr\/wp-json\/wp\/v2\/posts\/38043","targetHints":{"allow":["GET"]}}],"collection":[{"href":"https:\/\/www.europesays.com\/fr\/wp-json\/wp\/v2\/posts"}],"about":[{"href":"https:\/\/www.europesays.com\/fr\/wp-json\/wp\/v2\/types\/post"}],"author":[{"embeddable":true,"href":"https:\/\/www.europesays.com\/fr\/wp-json\/wp\/v2\/users\/2"}],"replies":[{"embeddable":true,"href":"https:\/\/www.europesays.com\/fr\/wp-json\/wp\/v2\/comments?post=38043"}],"version-history":[{"count":0,"href":"https:\/\/www.europesays.com\/fr\/wp-json\/wp\/v2\/posts\/38043\/revisions"}],"wp:featuredmedia":[{"embeddable":true,"href":"https:\/\/www.europesays.com\/fr\/wp-json\/wp\/v2\/media\/38044"}],"wp:attachment":[{"href":"https:\/\/www.europesays.com\/fr\/wp-json\/wp\/v2\/media?parent=38043"}],"wp:term":[{"taxonomy":"category","embeddable":true,"href":"https:\/\/www.europesays.com\/fr\/wp-json\/wp\/v2\/categories?post=38043"},{"taxonomy":"post_tag","embeddable":true,"href":"https:\/\/www.europesays.com\/fr\/wp-json\/wp\/v2\/tags?post=38043"}],"curies":[{"name":"wp","href":"https:\/\/api.w.org\/{rel}","templated":true}]}}