{"id":380431,"date":"2025-09-10T14:18:27","date_gmt":"2025-09-10T14:18:27","guid":{"rendered":"https:\/\/www.europesays.com\/fr\/380431\/"},"modified":"2025-09-10T14:18:27","modified_gmt":"2025-09-10T14:18:27","slug":"usa-today-oracle-senvole-son-carnet-de-commandes-booste-par-lia-par-john-plassard","status":"publish","type":"post","link":"https:\/\/www.europesays.com\/fr\/380431\/","title":{"rendered":"USA Today : \u00ab\u00a0Oracle s&rsquo;envole, son carnet de commandes boost\u00e9 par l&rsquo;IA\u00a0\u00bb, par John Plassard"},"content":{"rendered":"<p><img loading=\"lazy\" decoding=\"async\" src=\"https:\/\/www.europesays.com\/fr\/wp-content\/uploads\/2025\/09\/USA-Today-Oracle-s-envole-son-carnet-de-commandes-booste-par-l-IA-par-John-Plassard-10-09-2135543.we.webp\" width=\"1200\" height=\"675\" alt=\"placeholder video\"\/><\/p>\n<p>Ce mercredi 10 septembre, dans sa chronique USA Today, John Plassard, associ\u00e9 et responsable de la strat\u00e9gie d\u2019investissement de Cit\u00e9 Gestion, s&rsquo;est pench\u00e9 sur le titre Oracle, sa mont\u00e9e boursi\u00e8re record, l&rsquo;envol\u00e9e de la fortune de son patron, et sa situation par rapport au cloud, puis les causes de la baisse des prix \u00e0 la production aux \u00c9tats-Unis, ainsi que la r\u00e9vision historique de l&#8217;emploi US. Cette chronique est \u00e0 voir ou \u00e9couter du lundi au vendredi dans l&rsquo;\u00e9mission BFM Bourse pr\u00e9sent\u00e9e par Guillaume Sommerer sur BFM Business.<\/p>\n<p>Aujourd&rsquo;hui \u00e0 15h51 | Dur\u00e9e : 10:36<\/p>\n","protected":false},"excerpt":{"rendered":"Ce mercredi 10 septembre, dans sa chronique USA Today, John Plassard, associ\u00e9 et responsable de la strat\u00e9gie d\u2019investissement&hellip;\n","protected":false},"author":2,"featured_media":380432,"comment_status":"","ping_status":"","sticky":false,"template":"","format":"standard","meta":{"footnotes":""},"categories":[1589],"tags":[11,73,1866,12,1864,1865,1863,308],"class_list":{"0":"post-380431","1":"post","2":"type-post","3":"status-publish","4":"format-standard","5":"has-post-thumbnail","7":"category-etats-unis","8":"tag-actualites","9":"tag-etats-unis","10":"tag-etats-unis-damerique","11":"tag-news","12":"tag-united-states","13":"tag-united-states-of-america","14":"tag-us","15":"tag-usa"},"share_on_mastodon":{"url":"https:\/\/pubeurope.com\/@fr\/115180438399745370","error":""},"_links":{"self":[{"href":"https:\/\/www.europesays.com\/fr\/wp-json\/wp\/v2\/posts\/380431","targetHints":{"allow":["GET"]}}],"collection":[{"href":"https:\/\/www.europesays.com\/fr\/wp-json\/wp\/v2\/posts"}],"about":[{"href":"https:\/\/www.europesays.com\/fr\/wp-json\/wp\/v2\/types\/post"}],"author":[{"embeddable":true,"href":"https:\/\/www.europesays.com\/fr\/wp-json\/wp\/v2\/users\/2"}],"replies":[{"embeddable":true,"href":"https:\/\/www.europesays.com\/fr\/wp-json\/wp\/v2\/comments?post=380431"}],"version-history":[{"count":0,"href":"https:\/\/www.europesays.com\/fr\/wp-json\/wp\/v2\/posts\/380431\/revisions"}],"wp:featuredmedia":[{"embeddable":true,"href":"https:\/\/www.europesays.com\/fr\/wp-json\/wp\/v2\/media\/380432"}],"wp:attachment":[{"href":"https:\/\/www.europesays.com\/fr\/wp-json\/wp\/v2\/media?parent=380431"}],"wp:term":[{"taxonomy":"category","embeddable":true,"href":"https:\/\/www.europesays.com\/fr\/wp-json\/wp\/v2\/categories?post=380431"},{"taxonomy":"post_tag","embeddable":true,"href":"https:\/\/www.europesays.com\/fr\/wp-json\/wp\/v2\/tags?post=380431"}],"curies":[{"name":"wp","href":"https:\/\/api.w.org\/{rel}","templated":true}]}}