{"id":380433,"date":"2025-09-10T14:19:12","date_gmt":"2025-09-10T14:19:12","guid":{"rendered":"https:\/\/www.europesays.com\/fr\/380433\/"},"modified":"2025-09-10T14:19:12","modified_gmt":"2025-09-10T14:19:12","slug":"il-seffondre-lors-des-funerailles-un-pere-meurt-dun-coeur-brise-en-voyant-le-cercueil-de-son-fils-transporte-a-linterieur-de-la-chapelle","status":"publish","type":"post","link":"https:\/\/www.europesays.com\/fr\/380433\/","title":{"rendered":"Il s\u2019effondre lors des fun\u00e9railles\u00a0: un p\u00e8re meurt d\u2019un \u00ab\u00a0c\u0153ur bris\u00e9\u00a0\u00bb en voyant le cercueil de son fils transport\u00e9 \u00e0 l\u2019int\u00e9rieur de la chapelle"},"content":{"rendered":"<p>\n                                                                    l&rsquo;essentiel<br \/>\n                                                                \u00c0 Middlesbrough au Royaume-Uni, un homme est d\u00e9c\u00e9d\u00e9 le 21\u00a0ao\u00fbt dernier lors des fun\u00e9railles de son fils. Une trag\u00e9die inimaginable pour la famille des d\u00e9funts, d\u00e9j\u00e0 \u00e9prouv\u00e9e par des deuils successifs.\n                            <\/p>\n<p>C\u2019est une double trag\u00e9die qui a frapp\u00e9 la ville de Middlesbrough dans le Yorkshire au Royaume-Uni le 21\u00a0ao\u00fbt dernier. Alors qu\u2019il regardait le cercueil de son fils \u00eatre transport\u00e9 dans une chapelle fun\u00e9raire, un homme s\u2019est effondr\u00e9. Le p\u00e8re endeuill\u00e9 est lui aussi d\u00e9c\u00e9d\u00e9, rapporte le Daily Mail.<\/p>\n<p>Norman White, 61 ans, a perdu connaissance en plein service comm\u00e9moratif en honneur de David Beilicki, 41 ans. Son fils \u00e9tait alors transport\u00e9 \u00e0 l\u2019int\u00e9rieur de la chapelle d\u2019un cr\u00e9matorium de Middlesbrough.\u00a0Le d\u00e9funt \u00e9tait\u00a0lui-m\u00eame d\u00e9c\u00e9d\u00e9 le jour du 10e anniversaire des fun\u00e9railles de ses fils jumeaux, mort-n\u00e9s.<\/p>\n<p>\u00ab\u00a0Choc total\u00a0\u00bb<\/p>\n<p>Une trag\u00e9die \u00e0 peine croyable, qui a laiss\u00e9 la famille dans un \u00e9tat de \u00ab\u00a0choc total\u00a0\u00bb, a confi\u00e9 la fille de Normal White et s\u0153ur de David Beilicki. \u00ab\u00a0Cela a \u00e9t\u00e9 tellement traumatisant, on n\u2019aurait jamais imagin\u00e9 qu\u2019une telle chose puisse arriver\u00a0\u00bb, a r\u00e9agi\u00a0Chantelle Beilicki. \u00ab\u00a0Lorsque nous sommes entr\u00e9s dans la chapelle et nous sommes assis, j\u2019ai regard\u00e9 autour de moi et j\u2019ai demand\u00e9\u00a0: &lsquo;O\u00f9 est mon p\u00e8re\u00a0?'\u00a0\u00bb, raconte-t-elle. Inform\u00e9 du malaise de son p\u00e8re, Chantelle Beilicki l\u2019a accompagn\u00e9 dans l\u2019ambulance. Mais malheureusement, il ne s\u2019est jamais r\u00e9veill\u00e9.<\/p>\n<p>\u00ab\u00a0Mes enfants sont d\u00e9vast\u00e9s. Sans lui, tout a chang\u00e9 ici. C\u2019\u00e9tait mon p\u00e8re et je l\u2019idol\u00e2trais\u00a0\u00bb, a partag\u00e9 sa fille.\u00a0\u00ab\u00a0Je pense qu\u2019il est mort d\u2019un c\u0153ur bris\u00e9. Je pense que voir toute la famille r\u00e9unie comme \u00e7a a d\u00fb \u00eatre trop pour lui\u00a0\u00bb, estime Chantelle Beilicki, qui a pr\u00e9cis\u00e9 que son p\u00e8re ne souffrait d\u2019aucun probl\u00e8me cardiaque.<\/p>\n<p>David Beilicki, qui luttait depuis longtemps contre une addiction \u00e0 la drogue, a \u00e9t\u00e9 retrouv\u00e9 mort le 31\u00a0juillet dernier, sur le canap\u00e9 d\u2019un membre de sa famille. Un d\u00e9c\u00e8s survenu dix ans jour pour jour apr\u00e8s les fun\u00e9railles de ses fils jumeaux, Karson et Deacon. La s\u0153ur du d\u00e9funt, p\u00e8re de deux enfants, a affirm\u00e9 qu\u2019il \u00e9tait en train de gagner son combat contre l\u2019addiction et qu\u2019une enqu\u00eate \u00e9tait en cours pour d\u00e9terminer les causes de la mort.<\/p>\n","protected":false},"excerpt":{"rendered":"l&rsquo;essentiel \u00c0 Middlesbrough au Royaume-Uni, un homme est d\u00e9c\u00e9d\u00e9 le 21\u00a0ao\u00fbt dernier lors des fun\u00e9railles de son fils.&hellip;\n","protected":false},"author":2,"featured_media":380434,"comment_status":"","ping_status":"","sticky":false,"template":"","format":"standard","meta":{"footnotes":""},"categories":[1588],"tags":[11,1777,674,12,473,1853,1851,1850,1852],"class_list":{"0":"post-380433","1":"post","2":"type-post","3":"status-publish","4":"format-standard","5":"has-post-thumbnail","7":"category-royaume-uni","8":"tag-actualites","9":"tag-eu","10":"tag-europe","11":"tag-news","12":"tag-royaume-uni","13":"tag-royaume-uni-de-grande-bretagne-et-dirlande-du-nord","14":"tag-uk","15":"tag-united-kingdom","16":"tag-united-kingdom-of-great-britain-and-northern-ireland"},"share_on_mastodon":{"url":"https:\/\/pubeurope.com\/@fr\/115180441697373293","error":""},"_links":{"self":[{"href":"https:\/\/www.europesays.com\/fr\/wp-json\/wp\/v2\/posts\/380433","targetHints":{"allow":["GET"]}}],"collection":[{"href":"https:\/\/www.europesays.com\/fr\/wp-json\/wp\/v2\/posts"}],"about":[{"href":"https:\/\/www.europesays.com\/fr\/wp-json\/wp\/v2\/types\/post"}],"author":[{"embeddable":true,"href":"https:\/\/www.europesays.com\/fr\/wp-json\/wp\/v2\/users\/2"}],"replies":[{"embeddable":true,"href":"https:\/\/www.europesays.com\/fr\/wp-json\/wp\/v2\/comments?post=380433"}],"version-history":[{"count":0,"href":"https:\/\/www.europesays.com\/fr\/wp-json\/wp\/v2\/posts\/380433\/revisions"}],"wp:featuredmedia":[{"embeddable":true,"href":"https:\/\/www.europesays.com\/fr\/wp-json\/wp\/v2\/media\/380434"}],"wp:attachment":[{"href":"https:\/\/www.europesays.com\/fr\/wp-json\/wp\/v2\/media?parent=380433"}],"wp:term":[{"taxonomy":"category","embeddable":true,"href":"https:\/\/www.europesays.com\/fr\/wp-json\/wp\/v2\/categories?post=380433"},{"taxonomy":"post_tag","embeddable":true,"href":"https:\/\/www.europesays.com\/fr\/wp-json\/wp\/v2\/tags?post=380433"}],"curies":[{"name":"wp","href":"https:\/\/api.w.org\/{rel}","templated":true}]}}