{"id":380435,"date":"2025-09-10T14:20:13","date_gmt":"2025-09-10T14:20:13","guid":{"rendered":"https:\/\/www.europesays.com\/fr\/380435\/"},"modified":"2025-09-10T14:20:13","modified_gmt":"2025-09-10T14:20:13","slug":"allemagne-constructeurs-et-conservateurs-bataillent-contre-linterdiction-du-moteur-thermique","status":"publish","type":"post","link":"https:\/\/www.europesays.com\/fr\/380435\/","title":{"rendered":"Allemagne : constructeurs et conservateurs bataillent contre l&rsquo;interdiction du moteur thermique"},"content":{"rendered":"<p>        <a class=\"Link \" href=\"https:\/\/www.lopinion.fr\/economie\/automobile-lallemagne-demande-plus-de-flexibilite-sur-linterdiction-europeenne-des-ventes-de-voitures-thermiques-en-2035\" data-cms-ai=\"0\" rel=\"nofollow noopener\" target=\"_blank\">Automobile : l&rsquo;Allemagne demande plus de \u00ab\u00a0flexibilit\u00e9\u00a0\u00bb sur l&rsquo;interdiction europ\u00e9enne des ventes de voitures thermiques en 2035<\/a><\/p>\n<p>l&rsquo;Opinion (avec AFP)<\/p>\n<p>Munich &#8211; Le chancelier allemand Friedrich Merz a r\u00e9clam\u00e9 mardi plus de \u00abflexibilit\u00e9\u00bb dans la r\u00e9glementation europ\u00e9enne qui pr\u00e9voit une interdiction des ventes de voitures thermiques apr\u00e8s 2035, un calendrier d\u00e9cri\u00e9 par l\u2019industrie automobile, secteur-cl\u00e9 plong\u00e9 dans la crise. \u00abNous tenons bien s\u00fbr fondamentalement \u00e0 la transition vers la mobilit\u00e9 \u00e9lectrique\u00bb, mais \u00abil nous faut une r\u00e9glementation europ\u00e9enne intelligente, fiable et souple\u00bb, a d\u00e9clar\u00e9 le chancelier, en inaugurant le salon international de l\u2019automobile \u00e0 Munich. Lors de son tour du salon le faisant passer par le stand de l&rsquo;\u00e9quipementier allemand Mahle, il a insist\u00e9 : \u00abce que nous devons fixer comme objectif, c\u2019est la neutralit\u00e9 climatique. Mais c\u2019est \u00e0 vos ing\u00e9nieurs et ing\u00e9nieures de trouver le moyen d\u2019y parvenir\u00bb. Le message r\u00e9sonne aupr\u00e8s des g\u00e9ants allemands BMW, Mercedes et Volkswagen, qui remettent ouvertement en cause l\u2019objectif de 2035 fix\u00e9 par Bruxelles. Devant le chancelier, Arnd Franz, PDG de Mahle, a exhort\u00e9 Bruxelles \u00e0 \u00ablaisser de la libert\u00e9 aux id\u00e9es et \u00e0 la concurrence des technologies\u00bb. M. Merz a confirm\u00e9 ses r\u00e9serves sur le choix d\u2019une seule technologie pour mener \u00e0 bien la transition climatique. Celle-ci doit se produire, selon lui, de la mani\u00e8re la plus rentable possible en restant flexible sur les technologies. Le secteur de l\u2019auto mise sur l&rsquo;\u00e9lectrique, mais estime que le virage, en termes de ventes de mod\u00e8les neufs en Europe, est trop lent pour atteindre pleinement le cap fix\u00e9 d\u2019ici 10 ans. Concurrence chinoise Plus de 150 entreprises &#8211; constructeurs de v\u00e9hicules \u00e9lectriques, fabricants de batteries ou op\u00e9rateurs de recharge &#8211; voient les choses diff\u00e9remment, exhortant lundi la pr\u00e9sidente de la Commission europ\u00e9enne \u00e0 \u00abne pas reculer\u00bb. Au sein de la coalition au pouvoir \u00e0 Berlin, le parti social-d\u00e9mocrate (SPD) a mis en garde mardi contre un recul sur les objectifs climatiques. \u00abRemettre en question la sortie des moteurs thermiques met en danger la comp\u00e9titivit\u00e9 \u00e0 long terme et d\u00e9stabilise notre \u00e9conomie\u00bb, a d\u00e9clar\u00e9 Armand Zorn, vice-pr\u00e9sident du groupe SPD au Bundestag. Les constructeurs europ\u00e9ens rencontreront vendredi Ursula von der Leyen \u00e0 Bruxelles pour discuter de l\u2019avenir du secteur face aux d\u00e9fis de l&rsquo;\u00e9lectrification, de la concurrence et des tensions commerciales. Jan Vlasak, 35 ans, qui travaille chez un constructeur allemand dont il ne veut pas dire le nom, dit esp\u00e9rer que l\u2019UE c\u00e8dera. \u00abJe pense que (la date de 2035) devrait \u00eatre revue, repouss\u00e9e de cinq ou dix ans, ce serait bien\u00bb, confie-t-il \u00e0 l\u2019AFP, dans les couloirs du salon. L&rsquo;\u00e9conomie europ\u00e9enne est \u00abdans une impasse\u00bb, contrairement \u00e0 la Chine, ma\u00eetresse dans l\u2019art du v\u00e9hicule \u00e9lectrique \u00e0 co\u00fbt raisonnable, abonde Markus Sigmund, employ\u00e9 chez un grand fournisseur. Le salon de Munich accueille une centaine d\u2019exposants chinois sur environ 700, soit 40% de plus qu\u2019en 2023. Mais M. Merz n\u2019en a visit\u00e9 aucun pendant son passage. \u00abMis\u00e9rable\u00bb Allemagne Alors que le g\u00e9ant chinois BYD a pr\u00e9sent\u00e9 sa compacte Dolphin Surf \u00e0 20.000 euros, produite d\u00e8s 2025 en Hongrie pour contourner les droits de douane, Volkswagen a r\u00e9pliqu\u00e9 avec trois marques (VW, Cupra, \u0160koda) et des mod\u00e8les d\u2019entr\u00e9e de gamme \u00e0 25.000 euros, qui seront lanc\u00e9s en 2026. L\u2019objectif\u202f? Capter environ 20% du segment des petites voitures \u00e9lectriques en Europe, soit plusieurs centaines de milliers de v\u00e9hicules par an. Un absent de marque \u00e0 Munich: l\u2019Am\u00e9ricain Tesla, pr\u00e9sent il y a deux ans, et dont les ventes europ\u00e9ennes, grev\u00e9es par le soutien d\u2019Elon Musk \u00e0 l\u2019extr\u00eame droite du Vieux Continent, ont chut\u00e9 de 43% au premier semestre. M. Merz a rappel\u00e9 la tenue d\u2019une prochaine \u00abconcertation\u00bb sur l\u2019avenir de l\u2019industrie automobile allemande, impliquant r\u00e9gions et syndicats, alors que le secteur a perdu plus de 50.000 emplois en un an sur un total d\u2019environ 800.000, selon EY. Volkswagen va se s\u00e9parer de 35.000 employ\u00e9s d\u2019ici 2030 et arr\u00eater la production dans deux usines allemandes, quand Porsche, Audi et des centaines de sous-traitants d\u00e9graissent \u00e9galement leurs effectifs. \u00abLa situation est mis\u00e9rable pour l&rsquo;\u00e9conomie allemande\u00bb, r\u00e9sume Ferdinand Dudenh\u00f6ffer, expert du secteur. Louis VAN BOXEL-WOOLF \u00a9 Agence France-Presse<\/p>\n","protected":false},"excerpt":{"rendered":"Automobile : l&rsquo;Allemagne demande plus de \u00ab\u00a0flexibilit\u00e9\u00a0\u00bb sur l&rsquo;interdiction europ\u00e9enne des ventes de voitures thermiques en 2035 l&rsquo;Opinion&hellip;\n","protected":false},"author":2,"featured_media":380436,"comment_status":"","ping_status":"","sticky":false,"template":"","format":"standard","meta":{"footnotes":""},"categories":[1587],"tags":[11,672,1804,1805,1803,1777,674,1801,12,1802],"class_list":{"0":"post-380435","1":"post","2":"type-post","3":"status-publish","4":"format-standard","5":"has-post-thumbnail","7":"category-allemagne","8":"tag-actualites","9":"tag-allemagne","10":"tag-bundesrepublik-deutschland","11":"tag-de","12":"tag-deutschland","13":"tag-eu","14":"tag-europe","15":"tag-germany","16":"tag-news","17":"tag-republique-federale-dallemagne"},"share_on_mastodon":{"url":"https:\/\/pubeurope.com\/@fr\/115180445647415260","error":""},"_links":{"self":[{"href":"https:\/\/www.europesays.com\/fr\/wp-json\/wp\/v2\/posts\/380435","targetHints":{"allow":["GET"]}}],"collection":[{"href":"https:\/\/www.europesays.com\/fr\/wp-json\/wp\/v2\/posts"}],"about":[{"href":"https:\/\/www.europesays.com\/fr\/wp-json\/wp\/v2\/types\/post"}],"author":[{"embeddable":true,"href":"https:\/\/www.europesays.com\/fr\/wp-json\/wp\/v2\/users\/2"}],"replies":[{"embeddable":true,"href":"https:\/\/www.europesays.com\/fr\/wp-json\/wp\/v2\/comments?post=380435"}],"version-history":[{"count":0,"href":"https:\/\/www.europesays.com\/fr\/wp-json\/wp\/v2\/posts\/380435\/revisions"}],"wp:featuredmedia":[{"embeddable":true,"href":"https:\/\/www.europesays.com\/fr\/wp-json\/wp\/v2\/media\/380436"}],"wp:attachment":[{"href":"https:\/\/www.europesays.com\/fr\/wp-json\/wp\/v2\/media?parent=380435"}],"wp:term":[{"taxonomy":"category","embeddable":true,"href":"https:\/\/www.europesays.com\/fr\/wp-json\/wp\/v2\/categories?post=380435"},{"taxonomy":"post_tag","embeddable":true,"href":"https:\/\/www.europesays.com\/fr\/wp-json\/wp\/v2\/tags?post=380435"}],"curies":[{"name":"wp","href":"https:\/\/api.w.org\/{rel}","templated":true}]}}