{"id":380439,"date":"2025-09-10T14:22:11","date_gmt":"2025-09-10T14:22:11","guid":{"rendered":"https:\/\/www.europesays.com\/fr\/380439\/"},"modified":"2025-09-10T14:22:11","modified_gmt":"2025-09-10T14:22:11","slug":"reactive-lue-propose-enfin-une-suspension-partielle-de-laccord-dassociation-avec-israel-la-france-doit-etre-au-rendez-vous","status":"publish","type":"post","link":"https:\/\/www.europesays.com\/fr\/380439\/","title":{"rendered":"R\u00e9active : L\u2019UE propose enfin une suspension partielle de l\u2019accord d\u2019association avec Isra\u00ebl\u202f: la France doit \u00eatre au rendez-vous\u00a0"},"content":{"rendered":"<p><strong>Ce matin, la pr\u00e9sidente de la Commission europ\u00e9enne Ursula Van Der Leyen a propos\u00e9 lors du discours sur l\u2019\u00e9tat de l\u2019Union, une suspension du volet commercial de l\u2019accord d\u2019association UE-Isra\u00ebl. Une demande port\u00e9e depuis plus d\u2019un an par le CCFD-Terre Solidaire et plus de 200 ONG europ\u00e9ennes<\/strong><strong>.\u00a0<\/strong>\u00a0<\/p>\n<p>\u00ab\u202fNous saluons cette proposition. L\u2019Union europ\u00e9enne est le premier partenaire commercial d\u2019Isra\u00ebl. Or cet accord est clair\u202f: les deux parties ont obligation de respecter les droits humains. Alors que les Gazaouis sont victimes d\u2019un g\u00e9nocide, d\u2019une famine organis\u00e9e et que l\u2019annexion de facto de la Cisjordanie se poursuit dans la violence et rend illusoire toute solution \u00e0 \u201cdeux Etats\u201d, le \u00ab\u202fbusiness as usual\u202f\u00bb de l\u2019UE avec le gouvernement isra\u00e9lien ne peut pas continuer. Au risque sinon de nous rendre les complices indirectes de crimes contre l\u2019humanit\u00e9\u202f\u00bb souligne <strong>Sarah Lecoq, charg\u00e9e de plaidoyer au CCFD-Terre Solidaire<\/strong>.\u00a0\u00a0<\/p>\n<p>Il revient d\u00e9sormais aux Etats membres, dont la France, d\u2019acter cette suspension. Nous appelons la France \u00e0 jouer un r\u00f4le moteur pour que l\u2019Europe mette en \u0153uvre au plus vite cette suspension.\u00a0\u00a0<\/p>\n<p>\u00ab\u202fEmmanuel Macron a montr\u00e9, avec la question de la reconnaissance de la Palestine, que la France pouvait faire preuve d\u2019un v\u00e9ritable leadership et entra\u00eener plusieurs pays dans son sillage. Cette dynamique doit se poursuivre pour obtenir des sanctions fortes contre le gouvernement isra\u00e9lien et mettre fin \u00e0 la campagne g\u00e9nocidaire en cours \u00bb, poursuit <strong>Sarah Lecoq<\/strong>.\u00a0\u00a0<\/p>\n<p>Mais pour le CCFD-Terre Solidaire, \u00ab\u202fla France ne doit pas se retrancher derri\u00e8re Bruxelles et l\u2019impossible unanimit\u00e9 des 27. Nous l\u2019encourageons \u00e0 faire preuve de courage en imposant elle-m\u00eame des sanctions \u00e0 Isra\u00ebl, comme vient de le faire l\u2019Espagne en interdisant l\u2019importation des produits des colonies ou en actant par une loi l\u2019embargo sur les livraisons d\u2019armes \u00e0 Isra\u00ebl\u202f\u00bb.\u00a0\u00a0<\/p>\n<p>Prendre des mesures fortes comporte des risques, comme le montre la violence des r\u00e9actions du gouvernement isra\u00e9lien contre les voix europ\u00e9ennes dissidentes. Mais elles sont un imp\u00e9ratif juridique, politique et moral.\u00a0\u00a0\u00a0<\/p>\n","protected":false},"excerpt":{"rendered":"Ce matin, la pr\u00e9sidente de la Commission europ\u00e9enne Ursula Van Der Leyen a propos\u00e9 lors du discours sur&hellip;\n","protected":false},"author":2,"featured_media":380440,"comment_status":"","ping_status":"","sticky":false,"template":"","format":"standard","meta":{"footnotes":""},"categories":[1586],"tags":[11,4625,1777,674,1779,1011,27,12,51384,51385,25,1778,364],"class_list":{"0":"post-380439","1":"post","2":"type-post","3":"status-publish","4":"format-standard","5":"has-post-thumbnail","7":"category-europe","8":"tag-actualites","9":"tag-droits-humains","10":"tag-eu","11":"tag-europe","12":"tag-european-union","13":"tag-fr","14":"tag-france","15":"tag-news","16":"tag-paix-et-vivre-ensemble","17":"tag-palestine-israel","18":"tag-republique-francaise","19":"tag-ue","20":"tag-union-europeenne"},"share_on_mastodon":{"url":"https:\/\/pubeurope.com\/@fr\/115180453491125235","error":""},"_links":{"self":[{"href":"https:\/\/www.europesays.com\/fr\/wp-json\/wp\/v2\/posts\/380439","targetHints":{"allow":["GET"]}}],"collection":[{"href":"https:\/\/www.europesays.com\/fr\/wp-json\/wp\/v2\/posts"}],"about":[{"href":"https:\/\/www.europesays.com\/fr\/wp-json\/wp\/v2\/types\/post"}],"author":[{"embeddable":true,"href":"https:\/\/www.europesays.com\/fr\/wp-json\/wp\/v2\/users\/2"}],"replies":[{"embeddable":true,"href":"https:\/\/www.europesays.com\/fr\/wp-json\/wp\/v2\/comments?post=380439"}],"version-history":[{"count":0,"href":"https:\/\/www.europesays.com\/fr\/wp-json\/wp\/v2\/posts\/380439\/revisions"}],"wp:featuredmedia":[{"embeddable":true,"href":"https:\/\/www.europesays.com\/fr\/wp-json\/wp\/v2\/media\/380440"}],"wp:attachment":[{"href":"https:\/\/www.europesays.com\/fr\/wp-json\/wp\/v2\/media?parent=380439"}],"wp:term":[{"taxonomy":"category","embeddable":true,"href":"https:\/\/www.europesays.com\/fr\/wp-json\/wp\/v2\/categories?post=380439"},{"taxonomy":"post_tag","embeddable":true,"href":"https:\/\/www.europesays.com\/fr\/wp-json\/wp\/v2\/tags?post=380439"}],"curies":[{"name":"wp","href":"https:\/\/api.w.org\/{rel}","templated":true}]}}