{"id":380441,"date":"2025-09-10T14:23:11","date_gmt":"2025-09-10T14:23:11","guid":{"rendered":"https:\/\/www.europesays.com\/fr\/380441\/"},"modified":"2025-09-10T14:23:11","modified_gmt":"2025-09-10T14:23:11","slug":"une-attaque-au-couteau-dans-un-lycee-horticole-a-antibes-au-moins-deux-personnes-blessees","status":"publish","type":"post","link":"https:\/\/www.europesays.com\/fr\/380441\/","title":{"rendered":"Une attaque au couteau dans un lyc\u00e9e horticole \u00e0 Antibes, au moins deux personnes bless\u00e9es"},"content":{"rendered":"<p>Un homme a bless\u00e9 un \u00e9l\u00e8ve de 16 ans et une professeure de 52 ans au lyc\u00e9e horticole d&rsquo;Antibes, ce mercredi 10 septembre. La deuxi\u00e8me victime a \u00e9t\u00e9 gravement touch\u00e9e, mais son pronostic vital n&rsquo;est pas engag\u00e9.<\/p>\n<p>Une attaque au couteau s&rsquo;est produite au lyc\u00e9e horticole d&rsquo;Antibes, ce mercredi 10 septembre. Un homme s&rsquo;est introduit dans l&rsquo;\u00e9tablissement arm\u00e9 d&rsquo;un couteau et a bless\u00e9 deux personnes, a appris BFM Nice C\u00f4te d&rsquo;Azur de source polici\u00e8re.<\/p>\n<p>La premi\u00e8re victime est une professeure de 52 ans, qui a \u00e9t\u00e9 gravement touch\u00e9e mais dont le pronostic vital n&rsquo;est pas engag\u00e9. Un \u00e9l\u00e8ve de 16 ans a \u00e9t\u00e9 l\u00e9g\u00e8rement bless\u00e9.<\/p>\n<p>Le suspect est un ancien \u00e9l\u00e8ve de l&rsquo;\u00e9tablissement. L&rsquo;auteur des faits a 18 ans et portait un pantalon treillis avec un t-shirt noir. Le mis en cause a \u00e9t\u00e9 ma\u00eetris\u00e9 puis interpell\u00e9 par la BAC.<\/p>\n<p>Le parquet national antiterroriste (PNAT) est \u00ab\u00a0en observation\u00a0\u00bb de la proc\u00e9dure judiciaire suivie par le parquet de Grasse.<\/p>\n<p>La ministre de l&rsquo;agriculture se rend sur place<\/p>\n<p>Le d\u00e9put\u00e9 des Alpes-Maritimes, <a href=\"https:\/\/x.com\/EricPAUGET1\/status\/1965761506345205947\" target=\"_blank\" class=\"external_link\" rel=\"nofollow\">Eric Pauget,<\/a> a apport\u00e9 son \u00ab\u00a0soutien aux victimes et \u00e0 l\u2019ensemble de la communaut\u00e9 enseignante et l\u2019\u00e9quipe de direction\u00a0\u00bb.<\/p>\n<p>La ministre d\u00e9missionnaire de l&rsquo;agriculture Annie Genevard a annonc\u00e9 se rendre sur place. \u00ab\u00a0L\u2019\u00e9cole doit rester un sanctuaire r\u00e9publicain: la violence n\u2019y a aucune place et ne sera jamais tol\u00e9r\u00e9e\u00a0\u00bb, a-t-elle ajout\u00e9.<\/p>\n<p>Manon Aversa et C\u00e9line Moncel avec Mathias Fleury<\/p>\n","protected":false},"excerpt":{"rendered":"Un homme a bless\u00e9 un \u00e9l\u00e8ve de 16 ans et une professeure de 52 ans au lyc\u00e9e horticole&hellip;\n","protected":false},"author":2,"featured_media":380442,"comment_status":"","ping_status":"","sticky":false,"template":"","format":"standard","meta":{"footnotes":""},"categories":[2],"tags":[11,1011,27,12,25],"class_list":{"0":"post-380441","1":"post","2":"type-post","3":"status-publish","4":"format-standard","5":"has-post-thumbnail","7":"category-actualites","8":"tag-actualites","9":"tag-fr","10":"tag-france","11":"tag-news","12":"tag-republique-francaise"},"share_on_mastodon":{"url":"https:\/\/pubeurope.com\/@fr\/115180457449384765","error":""},"_links":{"self":[{"href":"https:\/\/www.europesays.com\/fr\/wp-json\/wp\/v2\/posts\/380441","targetHints":{"allow":["GET"]}}],"collection":[{"href":"https:\/\/www.europesays.com\/fr\/wp-json\/wp\/v2\/posts"}],"about":[{"href":"https:\/\/www.europesays.com\/fr\/wp-json\/wp\/v2\/types\/post"}],"author":[{"embeddable":true,"href":"https:\/\/www.europesays.com\/fr\/wp-json\/wp\/v2\/users\/2"}],"replies":[{"embeddable":true,"href":"https:\/\/www.europesays.com\/fr\/wp-json\/wp\/v2\/comments?post=380441"}],"version-history":[{"count":0,"href":"https:\/\/www.europesays.com\/fr\/wp-json\/wp\/v2\/posts\/380441\/revisions"}],"wp:featuredmedia":[{"embeddable":true,"href":"https:\/\/www.europesays.com\/fr\/wp-json\/wp\/v2\/media\/380442"}],"wp:attachment":[{"href":"https:\/\/www.europesays.com\/fr\/wp-json\/wp\/v2\/media?parent=380441"}],"wp:term":[{"taxonomy":"category","embeddable":true,"href":"https:\/\/www.europesays.com\/fr\/wp-json\/wp\/v2\/categories?post=380441"},{"taxonomy":"post_tag","embeddable":true,"href":"https:\/\/www.europesays.com\/fr\/wp-json\/wp\/v2\/tags?post=380441"}],"curies":[{"name":"wp","href":"https:\/\/api.w.org\/{rel}","templated":true}]}}