{"id":380445,"date":"2025-09-10T14:25:17","date_gmt":"2025-09-10T14:25:17","guid":{"rendered":"https:\/\/www.europesays.com\/fr\/380445\/"},"modified":"2025-09-10T14:25:17","modified_gmt":"2025-09-10T14:25:17","slug":"bloquons-tout-la-france-secouee-par-une-journee-de-manifestations-et-de-blocages","status":"publish","type":"post","link":"https:\/\/www.europesays.com\/fr\/380445\/","title":{"rendered":"\u00ab\u00a0Bloquons tout\u00a0\u00bb : la France secou\u00e9e par une journ\u00e9e de manifestations et de blocages"},"content":{"rendered":"<p>          <img decoding=\"async\" class=\"c-ad__placeholder__logo\" src=\"https:\/\/static.euronews.com\/website\/images\/logos\/logo-euronews-stacked-outlined-72x72-grey-9.svg\" width=\"72\" height=\"72\" alt=\"\" loading=\"lazy\"\/><br \/>\n          PUBLICIT\u00c9<\/p>\n<p>La France conna\u00eet ce mercredi une journ\u00e9e de fortes tensions \u00e0 l\u2019appel du mouvement \u00ab\u00a0Bloquons tout\u00a0\u00bb. <\/p>\n<p>Prot\u00e9iforme et d\u00e9pourvu de leaders identifi\u00e9s, ce mouvement antigouvernemental est n\u00e9 sur les r\u00e9seaux sociaux durant l&rsquo;\u00e9t\u00e9, nourri par l&rsquo;indignation face \u00e0 l\u2019inflation, l\u2019aust\u00e9rit\u00e9 et une classe politique jug\u00e9e d\u00e9connect\u00e9e. B\u00e9n\u00e9ficiant d\u2019un large \u00e9cho en ligne, il a \u00e9galement re\u00e7u le soutien de certaines formations de gauche. <\/p>\n<p>La mobilisation de mercredi devrait servir de barom\u00e8tre \u00e0 la col\u00e8re sociale, alors que le pays traverse une profonde crise politique et voit entrer en fonction <a href=\"https:\/\/fr.euronews.com\/2025\/09\/09\/france-sebastien-lecornu-nouveau-premier-ministre\" target=\"_blank\" rel=\"noopener\"><strong>son nouveau Premier ministre, S\u00e9bastien Lecornu.<\/strong><\/a><\/p>\n<p><strong>430 actions recens\u00e9es et 29 000 manifestants en d\u00e9but d&rsquo;apr\u00e8s-midi<\/strong><\/p>\n<p>En d\u00e9but d&rsquo;apr\u00e8s-midi, le minist\u00e8re de l&rsquo;Int\u00e9rieur recensait 430 actions, 273 rassemblements et 157 blocages r\u00e9unissant 29 000 manifestants sur l&rsquo;ensemble du territoire. 105 incendies sur la voie publique ont \u00e9galement \u00e9t\u00e9 enregistr\u00e9s. <\/p>\n<p>Selon le minist\u00e8re de l\u2019Int\u00e9rieur, \u00e0 13\u00a0heures, les forces de l\u2019ordre avaient proc\u00e9d\u00e9 \u00e0 295 interpellations sur l\u2019ensemble du territoire, dont 171 en r\u00e9gion parisienne.<\/p>\n<p>80 000 policiers et gendarmes d\u00e9ploy\u00e9s \u00e0 travers la France<\/p>\n<p>Pr\u00e8s de 80 000 policiers et gendarmes ont \u00e9t\u00e9 d\u00e9ploy\u00e9s sur l\u2019ensemble du territoire. \u00ab\u00a0Aucun blocage ne sera tol\u00e9r\u00e9\u00a0\u00bb, a pr\u00e9venu le ministre de l\u2019Int\u00e9rieur d\u00e9missionnaire, Bruno Retailleau.<\/p>\n<p>Le pr\u00e9fet de police de Paris, Laurent Nu\u00f1ez, a indiqu\u00e9 s&rsquo;attendre \u00e0 des actions \u00ab\u00a0coups de poing\u00a0\u00bb, le mouvement ayant \u00e9t\u00e9 \u00ab\u00a0repris par l&rsquo;ultragauche\u00a0\u00bb, tout en estimant qu\u2019il ne mobiliserait pas \u00ab\u00a0la soci\u00e9t\u00e9 civile\u00a0\u00bb.<\/p>\n<p>Une cellule interminist\u00e9rielle de crise a \u00e9t\u00e9 activ\u00e9e au minist\u00e8re de l\u2019Int\u00e9rieur. <\/p>\n<p>Plusieurs tentatives de blocage \u00e0 Paris<\/p>\n<p>Les premi\u00e8res actions ont d\u00e9but\u00e9 d\u00e8s 5h ce mercredi partout en France. <\/p>\n<p>Dans la capitale, des manifestants ont mis le feu \u00e0 des poubelles dans la matin\u00e9e, mont\u00e9 des barricades et tent\u00e9 d\u2019envahir le p\u00e9riph\u00e9rique, rapidement dispers\u00e9s par les forces de l\u2019ordre.<\/p>\n<p>\u00c0 la porte d\u2019Orl\u00e9ans, une cinquantaine de manifestants ont tent\u00e9 de bloquer la circulation en direction de l\u2019a\u00e9roport d\u2019Orly d\u00e8s 6h, sans succ\u00e8s. Les tensions se sont \u00e9galement accentu\u00e9es autour de la gare du Nord, o\u00f9 la police a fait usage de gaz lacrymog\u00e8nes pour disperser plusieurs centaines de personnes scandant \u00ab\u00a0Macron, d\u00e9mission\u00a0\u00bb.<\/p>\n<p>\u00ab\u00a0Je manifeste aujourd\u2019hui parce qu\u2019on en a marre de tout\u00a0\u00bb, a t\u00e9moign\u00e9 Marie, \u00e9tudiante et com\u00e9dienne. \u00ab\u00a0On veut montrer \u00e0 Macron qu\u2019on ne supporte plus cette situation. Il ne peut pas continuer \u00e0 nous ignorer\u00a0\u00bb, a ajout\u00e9 la jeune femme, venue d\u00e9noncer les coupes budg\u00e9taires qui toucheront le secteur culturel.<\/p>\n<p>D\u2019autres riverains se sont montrent plus nuanc\u00e9s. \u00ab\u00a0Je comprends la col\u00e8re, mais casser n\u2019apporte rien. Au final, ce sont les contribuables qui paient\u00a0\u00bb, a estim\u00e9 Nesrine, cheffe de projet \u00e0 Montreuil.<\/p>\n<p>Un conducteur anonyme, prenant l&rsquo;initiative de d\u00e9gager les v\u00e9los et les poubelles qui barricadaient la route a d\u00e9clar\u00e9 qu&rsquo;il soutenait les manifestations. \u00ab\u00a0je comprends leur col\u00e8re. Il faut faire quelque chose\u00a0\u00bb, a-t-il d\u00e9clar\u00e9.<\/p>\n<p>En d\u00e9but d&rsquo;apr\u00e8s-midi, de nombre de protestataires ont converg\u00e9 vers la place centrale du Ch\u00e2telet o\u00f9 plusieurs syndicats ont appel\u00e9 \u00e0 se rassembler.<\/p>\n<p>Mobilisation dans tout le pays<\/p>\n<p>Dans de nombreuses villes de France, des tentatives de blocages ont eu lieu sur des ronds-points habituellement tr\u00e8s fr\u00e9quent\u00e9s et des manifestations sont pr\u00e9vues dans l&rsquo;apr\u00e8s-midi. <\/p>\n<p>\u00c0 Caen, un viaduc a \u00e9t\u00e9 bloqu\u00e9 par des manifestants. \u00c0 Rennes, plusieurs ronds points \u00e9taient bloqu\u00e9 t\u00f4t dans la matin\u00e9e. \u00c0 Bordeaux, les forces de l\u2019ordre ont rapidement d\u00e9bloqu\u00e9 un d\u00e9p\u00f4t du r\u00e9seau de tramways de la ville dans la matin\u00e9e. <\/p>\n<p>\u00c0 Toulouse, environ 200 manifestants ont bloqu\u00e9 pendant moins d\u2019une heure un rond-point dans le quartier de Jolimont, avec des barri\u00e8res, des pneus et tout ce qu\u2019ils pouvaient trouver aux alentours. <\/p>\n<p>Dans l&rsquo;est du pays, aux portes de Strasbourg, la circulation a \u00e9t\u00e9 coup\u00e9e dans les deux sens sur l&rsquo;autoroute M35.<\/p>\n<p>\u00c0 Marseille, un cort\u00e8ge de pr\u00e8s de 400 personnes s\u2019est rassembl\u00e9 d\u00e8s 7h au pied de la tour CMA CGM. Apr\u00e8s avoir \u00e9t\u00e9 repouss\u00e9 vers le port industriel, les manifestants ont bloqu\u00e9 bri\u00e8vement la circulation, sans s\u2019approcher du si\u00e8ge de l\u2019entreprise, prot\u00e9g\u00e9 par un important dispositif de s\u00e9curit\u00e9.<\/p>\n<p>La circulation ferroviaire impact\u00e9e<\/p>\n<p>Dans le Sud-Ouest, des d\u00e9gradations de c\u00e2bles ont \u00e9t\u00e9 signal\u00e9es par la SNCF entre Marmande et Agen, entra\u00eenant une perturbation des circulations ferroviaires entre Bordeaux et Toulouse, ainsi qu&rsquo;une autre \u00e0 Colomiers, ville de la p\u00e9riph\u00e9rie toulousaine. <\/p>\n<p>La SNCF a \u00e9galement annonc\u00e9 que la circulation restait \u00abinterrompue entre Toulouse et Auch en raison d\u2019un acte de malveillance ayant d\u00e9grad\u00e9 des c\u00e2bles cette nuit. Elle le restera toute la journ\u00e9e\u00bb. <\/p>\n<p>La soci\u00e9t\u00e9 ferroviaire a \u00e9galement indiqu\u00e9 que plusieurs \u00ab\u00a0tentatives d\u2019envahissement\u00a0\u00bb de gares ont \u00e9t\u00e9 d\u00e9jou\u00e9es, notamment \u00e0 la Gare du Nord \u00e0 Paris, \u00e0 Marseille et \u00e0  Montpellier.<\/p>\n<p>La circulation est \u00e9galement coup\u00e9e par des occupations de voies \u00e0 Cherbourg et Valence, selon la SNCF. <\/p>\n<p>Les lyc\u00e9ens mobilis\u00e9s<\/p>\n<p>Une centaine de lyc\u00e9es ont \u00e9t\u00e9 perturb\u00e9s, dont 27 compl\u00e8tement bloqu\u00e9s, notamment \u00e0 Paris, Montpellier, Rennes et Lille.<\/p>\n<p>Selon l\u2019Union syndicale lyc\u00e9enne, des actions ont \u00e9t\u00e9 men\u00e9es dans 150 lyc\u00e9es sur 3 700 \u00e9tablissements en France.<\/p>\n<p>Des mobilisations \u00e9tudiantes ont \u00e9galement \u00e9t\u00e9 recens\u00e9es \u00e0 Paris, Rennes, Grenoble, Montpellier, Toulouse, Lyon, Mulhouse et Nice, selon l&rsquo;Union \u00e9tudiante et l&rsquo;Unef.<\/p>\n<p>Du c\u00f4t\u00e9 du personnel en gr\u00e8ve, la Rue de Grenelle \u00e9tablit un mouvement suivi dans les coll\u00e8ges et lyc\u00e9es autour de 6\u00a0%.<\/p>\n<p><strong>715 actions de gr\u00e8ve recens\u00e9es<\/strong><\/p>\n<p>Selon un sondage Ipsos, 46 % des Fran\u00e7ais d\u00e9clarent soutenir le mouvement, une proportion qui grimpe \u00e0 plus de la moiti\u00e9 chez les \u00e9lecteurs du Rassemblement national. Deux syndicats, la CGT et SUD, se sont joints \u00e0 la journ\u00e9e d\u2019action, alors qu\u2019une nouvelle gr\u00e8ve d\u2019ampleur est pr\u00e9vue le 18 septembre.<\/p>\n<p>Le syndicat CGT a recens\u00e9 \u00ab\u00a0715 actions de gr\u00e8ve dans des entreprises ou des administrations\u00a0\u00bb dans tout le pays, a indiqu\u00e9 la secr\u00e9taire g\u00e9n\u00e9rale du syndicat Sophie Binet. <\/p>\n<p>\u00c9ric Challal, repr\u00e9sentant du syndicat SUD Rail \u00e0 Paris, affirme quant \u00e0 lui que \u00ab\u00a0la col\u00e8re couvait depuis des mois, depuis l\u2019annonce du plan Bayrou.\u00a0\u00bb. \u00ab\u00a0On nous demande toujours de travailler plus, alors qu\u2019on a d\u00e9j\u00e0 du mal \u00e0 garder la t\u00eate hors de l\u2019eau. Faire porter aux salari\u00e9s la responsabilit\u00e9 du d\u00e9ficit est insupportable\u00a0\u00bb, poursuit-il. <\/p>\n<p>D\u2019autres secteurs s\u2019appr\u00eatent \u00e0 rejoindre le mouvement. Les pharmaciens, menac\u00e9s par des coupes dans les remboursements de soins, annoncent qu\u2019ils manifesteront la semaine prochaine. Leurs syndicats alertent sur le risque de fermeture de 6 000 officines sur les 20 000 que compte la France. <\/p>\n","protected":false},"excerpt":{"rendered":"PUBLICIT\u00c9 La France conna\u00eet ce mercredi une journ\u00e9e de fortes tensions \u00e0 l\u2019appel du mouvement \u00ab\u00a0Bloquons tout\u00a0\u00bb. Prot\u00e9iforme&hellip;\n","protected":false},"author":2,"featured_media":380446,"comment_status":"","ping_status":"","sticky":false,"template":"","format":"standard","meta":{"footnotes":""},"categories":[4],"tags":[11,51386,1073,1011,27,12,13811,25],"class_list":{"0":"post-380445","1":"post","2":"type-post","3":"status-publish","4":"format-standard","5":"has-post-thumbnail","7":"category-france","8":"tag-actualites","9":"tag-affrontements-et-emeutes","10":"tag-emmanuel-macron","11":"tag-fr","12":"tag-france","13":"tag-news","14":"tag-politique-francaise","15":"tag-republique-francaise"},"share_on_mastodon":{"url":"https:\/\/pubeurope.com\/@fr\/115180465637458235","error":""},"_links":{"self":[{"href":"https:\/\/www.europesays.com\/fr\/wp-json\/wp\/v2\/posts\/380445","targetHints":{"allow":["GET"]}}],"collection":[{"href":"https:\/\/www.europesays.com\/fr\/wp-json\/wp\/v2\/posts"}],"about":[{"href":"https:\/\/www.europesays.com\/fr\/wp-json\/wp\/v2\/types\/post"}],"author":[{"embeddable":true,"href":"https:\/\/www.europesays.com\/fr\/wp-json\/wp\/v2\/users\/2"}],"replies":[{"embeddable":true,"href":"https:\/\/www.europesays.com\/fr\/wp-json\/wp\/v2\/comments?post=380445"}],"version-history":[{"count":0,"href":"https:\/\/www.europesays.com\/fr\/wp-json\/wp\/v2\/posts\/380445\/revisions"}],"wp:featuredmedia":[{"embeddable":true,"href":"https:\/\/www.europesays.com\/fr\/wp-json\/wp\/v2\/media\/380446"}],"wp:attachment":[{"href":"https:\/\/www.europesays.com\/fr\/wp-json\/wp\/v2\/media?parent=380445"}],"wp:term":[{"taxonomy":"category","embeddable":true,"href":"https:\/\/www.europesays.com\/fr\/wp-json\/wp\/v2\/categories?post=380445"},{"taxonomy":"post_tag","embeddable":true,"href":"https:\/\/www.europesays.com\/fr\/wp-json\/wp\/v2\/tags?post=380445"}],"curies":[{"name":"wp","href":"https:\/\/api.w.org\/{rel}","templated":true}]}}