{"id":380451,"date":"2025-09-10T14:29:12","date_gmt":"2025-09-10T14:29:12","guid":{"rendered":"https:\/\/www.europesays.com\/fr\/380451\/"},"modified":"2025-09-10T14:29:12","modified_gmt":"2025-09-10T14:29:12","slug":"atp-coupe-davis-david-ferrer-capitaine-de-lespagne-sur-labsence-de-carlos-alcaraz-cest-quelque-chose-que-nous-devons-accepter","status":"publish","type":"post","link":"https:\/\/www.europesays.com\/fr\/380451\/","title":{"rendered":"ATP, Coupe Davis > David Ferrer, capitaine de l&rsquo;Espagne, sur l&rsquo;absence de Carlos Alcaraz : \u00ab\u00a0C&rsquo;est quelque chose que nous devons accepter\u00a0\u00bb"},"content":{"rendered":"<p>Alors que l\u2019Espagne affronte ce week\u2010end le Danemark, \u00e0 Marbella, dans le cadre du deuxi\u00e8me tour des\u00a0\u00e9limi\u00adna\u00adtoires\u00a0de la Coupe Davis 2025, David Ferrer, le capi\u00adtaine de la Roja, a forc\u00e9\u00adment \u00e9t\u00e9 inter\u00adrog\u00e9 sur les absences de ses deux meilleurs joueurs\u00a0: Carlos Alcaraz et Alejandro Davidovich Fokina.<\/p>\n<p><strong>\u00ab\u202fCe sont \u00e9videm\u00adment des absences impor\u00adtantes, mais c\u2019est quelque chose que nous devons accepter et, \u00e0 partir de l\u00e0, nous concen\u00adtrer sur le pr\u00e9sent et le week\u2010end. De toute fa\u00e7on, je pense que nous avons une tr\u00e8s bonne \u00e9quipe pour remporter cette rencontre\u202f\u00bb<\/strong>, a d\u00e9clar\u00e9 en conf\u00e9\u00adrence de presse Ferrer qui compte sur Jaume Munar, actuel 37e mondial et auteur d\u2019une tr\u00e8s belle saison, pour guider l\u2019Espagne vers le succ\u00e8s. <strong>\u00ab\u202fIl r\u00e9alise une ann\u00e9e fantas\u00adtique\u202f; il a fait un \u00e9norme bond en avant dans son tennis. Cela se refl\u00e8te dans son clas\u00adse\u00adment, et c\u2019est la premi\u00e8re fois qu\u2019il atteint les huiti\u00e8mes de finale d\u2019un Grand Chelem (\u00e0 l\u2019US Open, ndlr). Il est tr\u00e8s confiant et suffi\u00adsam\u00adment mature pour \u00eatre pr\u00eat \u00e0 tout, en simple comme en double.\u202f\u00bb<\/strong><\/p>\n<p class=\"post-published-date\" style=\"color: silver; font-size: 75%; text-align: left;\">Publi\u00e9 le mercredi 10 septembre 2025 \u00e0 14:51<\/p>\n","protected":false},"excerpt":{"rendered":"Alors que l\u2019Espagne affronte ce week\u2010end le Danemark, \u00e0 Marbella, dans le cadre du deuxi\u00e8me tour des\u00a0\u00e9limi\u00adna\u00adtoires\u00a0de la&hellip;\n","protected":false},"author":2,"featured_media":380452,"comment_status":"","ping_status":"","sticky":false,"template":"","format":"standard","meta":{"footnotes":""},"categories":[1415],"tags":[1744,1011,27,60,1467],"class_list":{"0":"post-380451","1":"post","2":"type-post","3":"status-publish","4":"format-standard","5":"has-post-thumbnail","7":"category-tennis","8":"tag-alcaraz","9":"tag-fr","10":"tag-france","11":"tag-sports","12":"tag-tennis"},"share_on_mastodon":{"url":"https:\/\/pubeurope.com\/@fr\/115180480935129364","error":""},"_links":{"self":[{"href":"https:\/\/www.europesays.com\/fr\/wp-json\/wp\/v2\/posts\/380451","targetHints":{"allow":["GET"]}}],"collection":[{"href":"https:\/\/www.europesays.com\/fr\/wp-json\/wp\/v2\/posts"}],"about":[{"href":"https:\/\/www.europesays.com\/fr\/wp-json\/wp\/v2\/types\/post"}],"author":[{"embeddable":true,"href":"https:\/\/www.europesays.com\/fr\/wp-json\/wp\/v2\/users\/2"}],"replies":[{"embeddable":true,"href":"https:\/\/www.europesays.com\/fr\/wp-json\/wp\/v2\/comments?post=380451"}],"version-history":[{"count":0,"href":"https:\/\/www.europesays.com\/fr\/wp-json\/wp\/v2\/posts\/380451\/revisions"}],"wp:featuredmedia":[{"embeddable":true,"href":"https:\/\/www.europesays.com\/fr\/wp-json\/wp\/v2\/media\/380452"}],"wp:attachment":[{"href":"https:\/\/www.europesays.com\/fr\/wp-json\/wp\/v2\/media?parent=380451"}],"wp:term":[{"taxonomy":"category","embeddable":true,"href":"https:\/\/www.europesays.com\/fr\/wp-json\/wp\/v2\/categories?post=380451"},{"taxonomy":"post_tag","embeddable":true,"href":"https:\/\/www.europesays.com\/fr\/wp-json\/wp\/v2\/tags?post=380451"}],"curies":[{"name":"wp","href":"https:\/\/api.w.org\/{rel}","templated":true}]}}