{"id":380455,"date":"2025-09-10T14:32:10","date_gmt":"2025-09-10T14:32:10","guid":{"rendered":"https:\/\/www.europesays.com\/fr\/380455\/"},"modified":"2025-09-10T14:32:10","modified_gmt":"2025-09-10T14:32:10","slug":"la-fifa-lance-la-billetterie-pour-la-coupe-du-monde-2026","status":"publish","type":"post","link":"https:\/\/www.europesays.com\/fr\/380455\/","title":{"rendered":"La FIFA lance la billetterie pour la Coupe du monde 2026"},"content":{"rendered":"<p style=\"text-align: justify;\"><strong>La Coupe du monde 2026, qui se d\u00e9roulera aux \u00c9tats-Unis, au Canada et au Mexique, approche \u00e0 grands pas. \u00c0 dix mois du coup d\u2019envoi, la FIFA a d\u00e9voil\u00e9 les d\u00e9tails de la mise en vente des billets pour cette \u00e9dition historique, marqu\u00e9e par un format \u00e9largi \u00e0 48 \u00e9quipes et un total de 104 matches, contre 64 en 2022.<\/strong><\/p>\n<p style=\"text-align: justify;\">La FIFA a annonc\u00e9 l\u2019ouverture de la phase de pr\u00e9vente ce mercredi 10 septembre. Cette premi\u00e8re phase, r\u00e9serv\u00e9e aux d\u00e9tenteurs d\u2019une carte Visa, partenaire officiel de la comp\u00e9tition, se prolongera jusqu\u2019au 19 septembre. Les candidats devront participer \u00e0 un tirage au sort, dont les r\u00e9sultats seront annonc\u00e9s le 1er octobre, pour obtenir leurs billets.<\/p>\n<p style=\"text-align: justify;\">La deuxi\u00e8me phase, ouverte \u00e0 tous, se tiendra du 27 au 31 octobre. Une troisi\u00e8me phase d\u00e9butera apr\u00e8s le tirage au sort des groupes, pr\u00e9vu le 5 d\u00e9cembre \u00e0 Washington. Enfin, \u00e0 l\u2019approche de la comp\u00e9tition, les billets restants seront propos\u00e9s selon le principe du \u00ab premier arriv\u00e9, premier servi \u00bb.<\/p>\n<p><strong>Des prix variables et une tarification dynamique<\/strong><\/p>\n<p style=\"text-align: justify;\">Les prix des billets varient consid\u00e9rablement selon les matches. Pour un match de phase de groupes, le tarif minimum s\u2019\u00e9l\u00e8ve \u00e0 60 dollars (environ 52 euros), tandis qu\u2019un billet pour la finale peut atteindre 6 730 dollars (environ 5 290 euros). La FIFA adoptera un syst\u00e8me de tarification dynamique, ajustant les prix en fonction de la demande. Une strat\u00e9gie similaire avait \u00e9t\u00e9 utilis\u00e9e lors de la Coupe du monde des clubs 2025, o\u00f9 les prix de certains matches avaient chut\u00e9 face \u00e0 une faible affluence.<\/p>\n<p><strong>Un format in\u00e9dit pour une Coupe du monde historique.<\/strong><\/p>\n<p style=\"text-align: justify;\">Pour la premi\u00e8re fois, la Coupe du monde r\u00e9unira 48 \u00e9quipes, contre 32 lors des \u00e9ditions pr\u00e9c\u00e9dentes. Ce nouveau format entra\u00eene une augmentation significative du nombre de matches, passant de 64 en 2022 \u00e0 104 en 2026. Les rencontres se disputeront dans 16 villes h\u00f4tes \u00e0 travers les trois pays nord-am\u00e9ricains, promettant un spectacle d\u2019envergure.<\/p>\n<blockquote class=\"twitter-tweet\">\n<p dir=\"ltr\" lang=\"fr\">\u23f3 Dans exactement une semaine, la premi\u00e8re phase de vente de billets pour la <a href=\"https:\/\/twitter.com\/fifaworldcup_fr?ref_src=twsrc%5Etfw\" rel=\"nofollow noopener\" target=\"_blank\">@fifaworldcup_fr<\/a> 2026 s\u2019ouvrira \u00e0 l\u2019occasion du tirage au sort des pr\u00e9ventes <a href=\"https:\/\/twitter.com\/Visa?ref_src=twsrc%5Etfw\" rel=\"nofollow noopener\" target=\"_blank\">@Visa<\/a><\/p>\n<p>Les d\u00e9tails <a href=\"https:\/\/t.co\/UF07AWnDHd\" rel=\"nofollow\">https:\/\/t.co\/UF07AWnDHd<\/a> <a href=\"https:\/\/t.co\/f99dMxggaL\" rel=\"nofollow\">pic.twitter.com\/f99dMxggaL<\/a><\/p>\n<p>\u2014 FIFA (Fran\u00e7ais) (@fifacom_fr) <a href=\"https:\/\/twitter.com\/fifacom_fr\/status\/1963318624200073345?ref_src=twsrc%5Etfw\" rel=\"nofollow noopener\" target=\"_blank\">September 3, 2025<\/a><\/p>\n<\/blockquote>\n<p>\t\t\t<script async src=\"https:\/\/platform.twitter.com\/widgets.js\" charset=\"utf-8\"><\/script><\/p>\n","protected":false},"excerpt":{"rendered":"La Coupe du monde 2026, qui se d\u00e9roulera aux \u00c9tats-Unis, au Canada et au Mexique, approche \u00e0 grands&hellip;\n","protected":false},"author":2,"featured_media":380456,"comment_status":"","ping_status":"","sticky":false,"template":"","format":"standard","meta":{"footnotes":""},"categories":[1412],"tags":[1451,1452,1453,1454,1455,1011,27,60],"class_list":{"0":"post-380455","1":"post","2":"type-post","3":"status-publish","4":"format-standard","5":"has-post-thumbnail","7":"category-f1","8":"tag-f1","9":"tag-formula-1","10":"tag-formula1","11":"tag-formule-1","12":"tag-formule1","13":"tag-fr","14":"tag-france","15":"tag-sports"},"share_on_mastodon":{"url":"https:\/\/pubeurope.com\/@fr\/115180493076782278","error":""},"_links":{"self":[{"href":"https:\/\/www.europesays.com\/fr\/wp-json\/wp\/v2\/posts\/380455","targetHints":{"allow":["GET"]}}],"collection":[{"href":"https:\/\/www.europesays.com\/fr\/wp-json\/wp\/v2\/posts"}],"about":[{"href":"https:\/\/www.europesays.com\/fr\/wp-json\/wp\/v2\/types\/post"}],"author":[{"embeddable":true,"href":"https:\/\/www.europesays.com\/fr\/wp-json\/wp\/v2\/users\/2"}],"replies":[{"embeddable":true,"href":"https:\/\/www.europesays.com\/fr\/wp-json\/wp\/v2\/comments?post=380455"}],"version-history":[{"count":0,"href":"https:\/\/www.europesays.com\/fr\/wp-json\/wp\/v2\/posts\/380455\/revisions"}],"wp:featuredmedia":[{"embeddable":true,"href":"https:\/\/www.europesays.com\/fr\/wp-json\/wp\/v2\/media\/380456"}],"wp:attachment":[{"href":"https:\/\/www.europesays.com\/fr\/wp-json\/wp\/v2\/media?parent=380455"}],"wp:term":[{"taxonomy":"category","embeddable":true,"href":"https:\/\/www.europesays.com\/fr\/wp-json\/wp\/v2\/categories?post=380455"},{"taxonomy":"post_tag","embeddable":true,"href":"https:\/\/www.europesays.com\/fr\/wp-json\/wp\/v2\/tags?post=380455"}],"curies":[{"name":"wp","href":"https:\/\/api.w.org\/{rel}","templated":true}]}}