{"id":380457,"date":"2025-09-10T14:33:11","date_gmt":"2025-09-10T14:33:11","guid":{"rendered":"https:\/\/www.europesays.com\/fr\/380457\/"},"modified":"2025-09-10T14:33:11","modified_gmt":"2025-09-10T14:33:11","slug":"seixas-un-prodige-francais-bientot-parmi-les-grands","status":"publish","type":"post","link":"https:\/\/www.europesays.com\/fr\/380457\/","title":{"rendered":"Seixas, un prodige fran\u00e7ais bient\u00f4t parmi les grands ?"},"content":{"rendered":"<p class=\"date\">\n                                                            Thomas Siniecki, Media365 : publi\u00e9 le mercredi 10 septembre 2025 \u00e0 15h26\n                                                    <\/p>\n<p>La concurrence peut aussi se renouveler pour Tadej Pogacar ou Jonas Vingegaard, bien conscient du paysage.<\/p>\n<p>Attention, adoubement en vue. C&rsquo;est tout simplement Jonas Vingegaard qui a nomm\u00e9 Paul Seixas comme futur grand talent dominant du cyclisme mondial. Et dans cette interview accord\u00e9e \u00e0 nos confr\u00e8res espagnols de Marca, ces derniers ne citent personne en particulier, ils demandent bien directement au Danois (leader de la Vuelta en cette troisi\u00e8me semaine) qui il verrait en tant que successeur de lui-m\u00eame et Tadej Pogacar pour l&rsquo;avenir. Il cite donc deux coureurs : \u00ab\u00a0Isaac Del Toro, peut-\u00eatre. Ou le Fran\u00e7ais Paul Seixas. Il est d\u00e9j\u00e0 tr\u00e8s bon, mais je pense qu&rsquo;il peut aller loin.\u00a0\u00bb<\/p>\n<p>Vingegaard : \u00ab\u00a0Sans Pogacar, j&rsquo;aurais probablement gagn\u00e9 cinq Tours\u00a0\u00bb<\/p>\n<p>Visiblement, <a href=\"https:\/\/sports.orange.fr\/cyclisme\/article\/criterium-du-dauphine-seixas-a-battu-un-record-exclu-CNT000002jbUD7.html\" rel=\"nofollow noopener\" target=\"_blank\">les performances de Paul Seixas sur le Crit\u00e9rium du Dauphin\u00e9<\/a> ont tap\u00e9 dans l&rsquo;oeil du double vainqueur du Tour de France (2022 et 2023). Le tout frais vainqueur du Tour de l&rsquo;Avenir, qui f\u00eatera ses 19 ans dans deux semaines, a termin\u00e9 huiti\u00e8me du classement g\u00e9n\u00e9ral au mois de juin, sur cette grande course qui sert traditionnellement de pr\u00e9paration au Tour. A tel point qu&rsquo;on pouvait m\u00eame se demander pourquoi la p\u00e9pite Decathlon AG2R, avec qui il est sous contrat jusqu&rsquo;en 2027 (et qui va devenir Decathlon &#8211; CMA CGM), n&rsquo;encha\u00eenait pas justement avec le Tour de France&#8230;<\/p>\n<p>Relanc\u00e9 \u00e9galement sur <a href=\"https:\/\/sports.orange.fr\/cyclisme\/tour-d-espagne\/article\/vuelta-vingegaard-pense-deja-au-triple-exclu-CNT000002kzHIF.html\" rel=\"nofollow noopener\" target=\"_blank\">le palmar\u00e8s qu&rsquo;il aurait pu se construire sans la pr\u00e9sence de Tadej Pogacar face \u00e0 lui<\/a>, il quantifie le manque : \u00ab\u00a0J&rsquo;aurais probablement gagn\u00e9 cinq grands Tours et non deux. Bien s\u00fbr, ce serait bien, mais en m\u00eame temps c&rsquo;est sympa de rivaliser avec lui. C&rsquo;est un bon gars et c&rsquo;est agr\u00e9able d&rsquo;avoir une telle rivalit\u00e9.\u00a0\u00bb Plus qu&rsquo;un grand Tour, c&rsquo;est sp\u00e9cifiquement le Tour de France qui lui a \u00e9chapp\u00e9, trois fois deuxi\u00e8me derri\u00e8re le Slov\u00e8ne en 2021, 2024 et 2025. \u00ab\u00a0On ne sait jamais, c&rsquo;est difficile \u00e0 dire.\u00a0\u00bb Sa seule vraie grosse occasion manqu\u00e9e date de la Vuelta 2023, remport\u00e9e \u00e0 la surprise g\u00e9n\u00e9rale par son co\u00e9quipier Sepp Kuss \u00e0 17 secondes devant lui (Primoz Roglic, \u00e9galement chez Visma \u00e0 ce moment-l\u00e0, compl\u00e9tant le podium). Alors, il est grand temps de ne plus laisser la moindre miette en chemin. Surtout si Paul Seixas arrive&#8230;<\/p>\n","protected":false},"excerpt":{"rendered":"Thomas Siniecki, Media365 : publi\u00e9 le mercredi 10 septembre 2025 \u00e0 15h26 La concurrence peut aussi se renouveler&hellip;\n","protected":false},"author":2,"featured_media":380458,"comment_status":"","ping_status":"","sticky":false,"template":"","format":"standard","meta":{"footnotes":""},"categories":[1411],"tags":[1154,207,1011,27,60],"class_list":{"0":"post-380457","1":"post","2":"type-post","3":"status-publish","4":"format-standard","5":"has-post-thumbnail","7":"category-cyclisme","8":"tag-cycling","9":"tag-cyclisme","10":"tag-fr","11":"tag-france","12":"tag-sports"},"share_on_mastodon":{"url":"https:\/\/pubeurope.com\/@fr\/115180496717361610","error":""},"_links":{"self":[{"href":"https:\/\/www.europesays.com\/fr\/wp-json\/wp\/v2\/posts\/380457","targetHints":{"allow":["GET"]}}],"collection":[{"href":"https:\/\/www.europesays.com\/fr\/wp-json\/wp\/v2\/posts"}],"about":[{"href":"https:\/\/www.europesays.com\/fr\/wp-json\/wp\/v2\/types\/post"}],"author":[{"embeddable":true,"href":"https:\/\/www.europesays.com\/fr\/wp-json\/wp\/v2\/users\/2"}],"replies":[{"embeddable":true,"href":"https:\/\/www.europesays.com\/fr\/wp-json\/wp\/v2\/comments?post=380457"}],"version-history":[{"count":0,"href":"https:\/\/www.europesays.com\/fr\/wp-json\/wp\/v2\/posts\/380457\/revisions"}],"wp:featuredmedia":[{"embeddable":true,"href":"https:\/\/www.europesays.com\/fr\/wp-json\/wp\/v2\/media\/380458"}],"wp:attachment":[{"href":"https:\/\/www.europesays.com\/fr\/wp-json\/wp\/v2\/media?parent=380457"}],"wp:term":[{"taxonomy":"category","embeddable":true,"href":"https:\/\/www.europesays.com\/fr\/wp-json\/wp\/v2\/categories?post=380457"},{"taxonomy":"post_tag","embeddable":true,"href":"https:\/\/www.europesays.com\/fr\/wp-json\/wp\/v2\/tags?post=380457"}],"curies":[{"name":"wp","href":"https:\/\/api.w.org\/{rel}","templated":true}]}}