{"id":380459,"date":"2025-09-10T14:34:11","date_gmt":"2025-09-10T14:34:11","guid":{"rendered":"https:\/\/www.europesays.com\/fr\/380459\/"},"modified":"2025-09-10T14:34:11","modified_gmt":"2025-09-10T14:34:11","slug":"riolo-demande-a-mbappe-de-changer-de-numero","status":"publish","type":"post","link":"https:\/\/www.europesays.com\/fr\/380459\/","title":{"rendered":"Riolo demande \u00e0 Mbapp\u00e9 de changer de num\u00e9ro"},"content":{"rendered":"<p><b>La France s\u2019est impos\u00e9e non sans mal ce mardi soir face \u00e0<br \/>\nl\u2019Islande dans le cadre des \u00e9liminatoires de la Coupe du monde 2026. Les Bleus<br \/>\nont pu compter sur Kylian Mbapp\u00e9. Le capitaine, buteur sur penalty, est devenu le<br \/>\ndeuxi\u00e8me meilleur buteur de l\u2019histoire des Bleus. Mais son r\u00f4le peine \u00e0<br \/>\nconvaincre. <\/b><\/p>\n<p>La France a fait le job durant cette tr\u00eave internationale.<br \/>\nLes Bleus de Didier Deschamps se sont offerts deux victoires en autant de<br \/>\nrencontres. Leaders de son groupe dans ces \u00e9liminatoires de la Coupe du monde<br \/>\n2026, les tricolores ont pu compter sur leur capitaine <a href=\"https:\/\/www.foot01.com\/equipe-de-france\" target=\"_self\" rel=\"nofollow noopener\">Kylian Mbapp\u00e9<\/a>. D\u00e9j\u00e0<br \/>\nbuteur contre l\u2019Ukraine, l\u2019attaquant du Real Madrid a r\u00e9cidiv\u00e9 sur penalty face<br \/>\n\u00e0 l\u2019Islande. L\u2019ancien joueur du Paris Saint-Germain a \u00e9galement \u00e9t\u00e9 passeur<br \/>\nd\u00e9cisif sur le but de Bradley Barcola permettant aux Bleus de prendre les devants.<br \/>\nMais dans le jeu, le natif de Bondy a eu encore du d\u00e9chet.Mbapp\u00e9, un poste de num\u00e9ro 9 qui fait d\u00e9bat<\/p>\n<p>Dans l\u2019\u00e9mission l\u2019After Foot sur RMC, Daniel Riolo a not\u00e9<br \/>\nles impr\u00e9cisions techniques de l\u2019attaquant de l\u2019\u00e9quipe de France.<br \/>\nL\u2019\u00e9ditorialiste n\u2019est pas convaincu par son positionnement en num\u00e9ro 9.<br \/>\n\u00ab\u00a0Le probl\u00e8me, c&rsquo;est qu\u2019en 9, il est oblig\u00e9 de d\u00e9crocher comme \u00e7a. Il ne<br \/>\npeut pas \u00eatre un 9 comme Haaland ou Lewandowski. Un 9 qui va couper les<br \/>\ntrajectoires dans la surface de r\u00e9paration, qui va mettre la t\u00eate, etc. Il ne le<br \/>\nfait pas. Donc \u00e7a ne peut pas \u00eatre un neuf de ce genre-l\u00e0. C\u2019est un joueur qui<br \/>\na besoin d\u2019espace. Donc quand il n&rsquo;y en a pas comme ce soir, il va d\u00e9crocher. Il va<br \/>\nressembler \u00e0 un 9 \u00e0 la sauce Demb\u00e9l\u00e9. Sauf qu\u2019il ne sait pas faire \u00e7a non<br \/>\nplus. Il a \u00e9norm\u00e9ment de qualit\u00e9s, Mbapp\u00e9, on le sait bien. Et ce soir si tu<br \/>\nt\u2019en tiens simplement aux statistiques, \u00e7a devrait suffire pour en faire<br \/>\nl\u2019homme du match. Mais comme tu l\u2019as dit, \u00e0 chaque fois qu\u2019il a entrepris des<br \/>\nchoses. M\u00eame techniquement, il a r\u00e9ussi des d\u00e9calages ou des passes, mais il en a<br \/>\nrat\u00e9 beaucoup, ses frappes sont rat\u00e9es. Techniquement, il a un gros g\u00e2chis ce<br \/>\nsoir,\u00a0\u00bb explique-t-il. La France s\u2019est tout de m\u00eame impos\u00e9e en inf\u00e9riorit\u00e9<br \/>\nnum\u00e9rique pendant cette rencontre apr\u00e8s le carton rouge re\u00e7u par Aur\u00e9lien<br \/>\nTchouam\u00e9ni.\u00a0<\/p>\n","protected":false},"excerpt":{"rendered":"La France s\u2019est impos\u00e9e non sans mal ce mardi soir face \u00e0 l\u2019Islande dans le cadre des \u00e9liminatoires&hellip;\n","protected":false},"author":2,"featured_media":380460,"comment_status":"","ping_status":"","sticky":false,"template":"","format":"standard","meta":{"footnotes":""},"categories":[1410],"tags":[63,1011,27,60],"class_list":{"0":"post-380459","1":"post","2":"type-post","3":"status-publish","4":"format-standard","5":"has-post-thumbnail","7":"category-football","8":"tag-football","9":"tag-fr","10":"tag-france","11":"tag-sports"},"share_on_mastodon":{"url":"https:\/\/pubeurope.com\/@fr\/115180500637066414","error":""},"_links":{"self":[{"href":"https:\/\/www.europesays.com\/fr\/wp-json\/wp\/v2\/posts\/380459","targetHints":{"allow":["GET"]}}],"collection":[{"href":"https:\/\/www.europesays.com\/fr\/wp-json\/wp\/v2\/posts"}],"about":[{"href":"https:\/\/www.europesays.com\/fr\/wp-json\/wp\/v2\/types\/post"}],"author":[{"embeddable":true,"href":"https:\/\/www.europesays.com\/fr\/wp-json\/wp\/v2\/users\/2"}],"replies":[{"embeddable":true,"href":"https:\/\/www.europesays.com\/fr\/wp-json\/wp\/v2\/comments?post=380459"}],"version-history":[{"count":0,"href":"https:\/\/www.europesays.com\/fr\/wp-json\/wp\/v2\/posts\/380459\/revisions"}],"wp:featuredmedia":[{"embeddable":true,"href":"https:\/\/www.europesays.com\/fr\/wp-json\/wp\/v2\/media\/380460"}],"wp:attachment":[{"href":"https:\/\/www.europesays.com\/fr\/wp-json\/wp\/v2\/media?parent=380459"}],"wp:term":[{"taxonomy":"category","embeddable":true,"href":"https:\/\/www.europesays.com\/fr\/wp-json\/wp\/v2\/categories?post=380459"},{"taxonomy":"post_tag","embeddable":true,"href":"https:\/\/www.europesays.com\/fr\/wp-json\/wp\/v2\/tags?post=380459"}],"curies":[{"name":"wp","href":"https:\/\/api.w.org\/{rel}","templated":true}]}}