{"id":380461,"date":"2025-09-10T14:35:12","date_gmt":"2025-09-10T14:35:12","guid":{"rendered":"https:\/\/www.europesays.com\/fr\/380461\/"},"modified":"2025-09-10T14:35:12","modified_gmt":"2025-09-10T14:35:12","slug":"ceci-nest-pas-une-ia-une-star-de-la-casa-de-papel-annonce-une-heureuse-nouvelle-elle-attend-son-premier-bebe","status":"publish","type":"post","link":"https:\/\/www.europesays.com\/fr\/380461\/","title":{"rendered":"\u00ab\u00a0Ceci n&rsquo;est pas une IA\u00a0\u00bb\u00a0: une star de \u00ab\u00a0La casa de papel\u00a0\u00bb annonce une heureuse nouvelle, elle attend son premier b\u00e9b\u00e9"},"content":{"rendered":"<p class=\"text-left ap-StoryElement ap-StoryElement--mb ap-StoryText\">\u00ab\u00a0Tout l&rsquo;amour du monde pour toi\u00a0\u00bb, \u00e9crit ainsi notamment l&rsquo;acteur et camarade de la s\u00e9rie Casa de papel Pedro Alonso alias Berlin. M\u00eame la star de cin\u00e9ma Penelope Cruz y est all\u00e9e de son commentaire rempli de c\u0153urs. Mais aussi Rossy de Palma et la chanteuse Camila Cabello.<\/p>\n<p class=\"text-left ap-StoryElement ap-StoryElement--mb ap-StoryText\">\u00ab\u00a0Ceci n&rsquo;est pas une IA (intelligence artificielle, NdlR.)\u00a0\u00bb, \u00e9crit ainsi, non sans humour, en l\u00e9gende de sa photo au ventre rond l&rsquo;interpr\u00e8te de Tokyo. \u00c0 36 ans, l&rsquo;actrice \u00darsula Corber\u00f3 annonce \u00eatre enceinte de son premier enfant.<\/p>\n","protected":false},"excerpt":{"rendered":"\u00ab\u00a0Tout l&rsquo;amour du monde pour toi\u00a0\u00bb, \u00e9crit ainsi notamment l&rsquo;acteur et camarade de la s\u00e9rie Casa de papel&hellip;\n","protected":false},"author":2,"featured_media":380462,"comment_status":"","ping_status":"","sticky":false,"template":"","format":"standard","meta":{"footnotes":""},"categories":[1359],"tags":[51387,646,3286,37790,35,19564,10006,37792,51388,35996,271,58,19570,51389,59,674,9513,1011,27,23456,51390,21438,51391,973,1072,51392,51393,4846,19582,19586,10364,19587,3845,19590,2803,15269,10032,15270,10033,9496],"class_list":{"0":"post-380461","1":"post","2":"type-post","3":"status-publish","4":"format-standard","5":"has-post-thumbnail","7":"category-people","8":"tag-authority","9":"tag-automobile","10":"tag-blue","11":"tag-brand","12":"tag-business","13":"tag-car","14":"tag-city","15":"tag-company","16":"tag-control","17":"tag-cop","18":"tag-crime","19":"tag-divertissement","20":"tag-emergency","21":"tag-enforcement","22":"tag-entertainment","23":"tag-europe","24":"tag-european","25":"tag-fr","26":"tag-france","27":"tag-french","28":"tag-law","29":"tag-logo","30":"tag-patrol","31":"tag-people","32":"tag-police","33":"tag-policeman","34":"tag-protect","35":"tag-protection","36":"tag-red","37":"tag-safety","38":"tag-security","39":"tag-sign","40":"tag-street","41":"tag-symbol","42":"tag-transport","43":"tag-transportation","44":"tag-urban","45":"tag-vehicle","46":"tag-view","47":"tag-white"},"share_on_mastodon":{"url":"https:\/\/pubeurope.com\/@fr\/115180504582397287","error":""},"_links":{"self":[{"href":"https:\/\/www.europesays.com\/fr\/wp-json\/wp\/v2\/posts\/380461","targetHints":{"allow":["GET"]}}],"collection":[{"href":"https:\/\/www.europesays.com\/fr\/wp-json\/wp\/v2\/posts"}],"about":[{"href":"https:\/\/www.europesays.com\/fr\/wp-json\/wp\/v2\/types\/post"}],"author":[{"embeddable":true,"href":"https:\/\/www.europesays.com\/fr\/wp-json\/wp\/v2\/users\/2"}],"replies":[{"embeddable":true,"href":"https:\/\/www.europesays.com\/fr\/wp-json\/wp\/v2\/comments?post=380461"}],"version-history":[{"count":0,"href":"https:\/\/www.europesays.com\/fr\/wp-json\/wp\/v2\/posts\/380461\/revisions"}],"wp:featuredmedia":[{"embeddable":true,"href":"https:\/\/www.europesays.com\/fr\/wp-json\/wp\/v2\/media\/380462"}],"wp:attachment":[{"href":"https:\/\/www.europesays.com\/fr\/wp-json\/wp\/v2\/media?parent=380461"}],"wp:term":[{"taxonomy":"category","embeddable":true,"href":"https:\/\/www.europesays.com\/fr\/wp-json\/wp\/v2\/categories?post=380461"},{"taxonomy":"post_tag","embeddable":true,"href":"https:\/\/www.europesays.com\/fr\/wp-json\/wp\/v2\/tags?post=380461"}],"curies":[{"name":"wp","href":"https:\/\/api.w.org\/{rel}","templated":true}]}}