{"id":380463,"date":"2025-09-10T14:36:14","date_gmt":"2025-09-10T14:36:14","guid":{"rendered":"https:\/\/www.europesays.com\/fr\/380463\/"},"modified":"2025-09-10T14:36:14","modified_gmt":"2025-09-10T14:36:14","slug":"un-tableau-de-rubens-que-lon-croyait-disparu-depuis-plusieurs-siecles-a-ete-retrouve-a-paris","status":"publish","type":"post","link":"https:\/\/www.europesays.com\/fr\/380463\/","title":{"rendered":"Un tableau de Rubens que l&rsquo;on croyait disparu depuis plusieurs si\u00e8cles a \u00e9t\u00e9 retrouv\u00e9 \u00e0 Paris"},"content":{"rendered":"\n<p class=\"c-chapo \">\n  D&rsquo;une dimension de 105,5 sur 72,5 centim\u00e8tres, ce Christ en croix \u00e9tait probablement destin\u00e9 \u00e0 un collectionneur priv\u00e9.\n<\/p>\n<p>            lire plus tard<\/p>\n<p id=\"dialog__title\" class=\"dialog__title\">Pour sauvegarder cet article, connectez-vous ou cr\u00e9ez un compte franceinfo<\/p>\n<p class=\"dialog__description\">Sans paiement. Sans abonnement.<\/p>\n<p>        Fermer la fen\u00eatre d\u2019activation des notifications France Info<\/p>\n<p>            cr\u00e9er votre compte<\/p>\n<p>            se connecter<\/p>\n<p>        Fermer la fen\u00eatre de pr\u00e9sentation<\/p>\n<p>    <img loading=\"lazy\" decoding=\"async\" class=\"signature__image lazyload\" width=\"100\" height=\"100\" data- alt=\"\" src=\"https:\/\/www.europesays.com\/fr\/wp-content\/uploads\/2025\/05\/64abd44855ee1_placeholder-36b69ec8.png\"\/><\/p>\n<p>          France T\u00e9l\u00e9visions &#8211; R\u00e9daction Culture<\/p>\n<p>    Publi\u00e9 le 10\/09\/2025 14:57<\/p>\n<p>        Temps de lecture : 2min<\/p>\n<p>    <img decoding=\"async\"  alt=\"Photos du Christ en croix, un tableau du peintre Pierre Paul Rubens  que l'on croyait disparu, qui sera aux ench\u00e8res chez Osenat en novembre prochain. (OSENAT)\" width=\"432\" height=\"243\" src=\"https:\/\/www.europesays.com\/fr\/wp-content\/uploads\/2025\/09\/sans-titre-1-68c171f11b970311495441.jpg\" fetchpriority=\"high\"\/><\/p>\n<p>      Photos du Christ en croix, un tableau du peintre Pierre Paul Rubens  que l&rsquo;on croyait disparu, qui sera aux ench\u00e8res chez Osenat en novembre prochain. (OSENAT)<\/p>\n<p>Le Christ en croix, un tableau du peintre Pierre Paul Rubens (1577-1640), que l&rsquo;on pensait disparu depuis 1613, a \u00e9t\u00e9 retrouv\u00e9 \u00e0 Paris dans un h\u00f4tel particulier, a indiqu\u00e9 mercredi 10 septembre le commissaire-priseur \u00e0 l&rsquo;origine de cette d\u00e9couverte.<\/p>\n<p>\u00ab\u00a0C&rsquo;est un chef d&rsquo;\u0153uvre, un Christ en croix, peint en 1613, qui avait disparu, et que j&rsquo;ai retrouv\u00e9 en septembre 2024 lors de l&rsquo;inventaire et de la vente d&rsquo;un h\u00f4tel particulier du 6e arrondissement \u00e0 Paris\u00a0\u00bb, a pr\u00e9cis\u00e9 \u00e0 l&rsquo;AFP Jean-Pierre Osenat, pr\u00e9sident de la maison de vente \u00e9ponyme, qui mettra le tableau aux ench\u00e8res le 30 novembre \u00e0 Fontainebleau. \u00ab\u00a0C&rsquo;est rarissime et une d\u00e9couverte inou\u00efe qui marquera ma carri\u00e8re de commissaire-priseur\u00a0\u00bb, a-t-il ajout\u00e9.<\/p>\n<\/p>\n<p>\u00ab\u00a0Il a \u00e9t\u00e9 peint par Rubens au summum de son talent et \u00e9t\u00e9 authentifi\u00e9 par le professeur Nils B\u00fcttner\u00a0\u00bb, sp\u00e9cialiste de l&rsquo;art allemand, flamand et hollandais du XVe au XVIe si\u00e8cle et pr\u00e9sident du Rubenianum, un organisme situ\u00e9 \u00e0 Anvers pr\u00e8s de l&rsquo;ancienne maison-atelier de Rubens et charg\u00e9 de l&rsquo;\u00e9tude de son \u0153uvre, selon Jean-Pierre Osenat.<\/p>\n<p>\u00ab\u00a0J&rsquo;\u00e9tais dans le jardin de Rubens et je faisais les cent pas pendant que le comit\u00e9 d&rsquo;experts d\u00e9lib\u00e9rait sur l&rsquo;authenticit\u00e9 du tableau quand il m&rsquo;a appel\u00e9 pour me dire Jean-Pierre on a un nouveau Rubens !\u00a0\u00bb, a-t-il racont\u00e9 avec \u00e9motion.<\/p>\n<p>\u00ab\u00a0C&rsquo;est tout le d\u00e9but de la peinture baroque, le Christ crucifi\u00e9 est repr\u00e9sent\u00e9, isol\u00e9, lumineux et se d\u00e9tachant vivement sur un ciel sombre et mena\u00e7ant. Derri\u00e8re la toile de fond rocheuse et verdoyante du Golgotha, appara\u00eet une vue montrant J\u00e9rusalem illumin\u00e9e, mais apparemment sous un orage\u00a0\u00bb, a-t-il d\u00e9taill\u00e9.<\/p>\n<p>Ce tableau \u00ab\u00a0est une vraie profession de foi et un sujet de pr\u00e9dilection pour Rubens, protestant converti au catholicisme\u00a0\u00bb, a poursuivi Jean-Pierre Osenat, pr\u00e9cisant que l&rsquo;\u0153uvre est dans un \u00ab\u00a0tr\u00e8s bon \u00e9tat\u00a0\u00bb de conservation.<\/p>\n<p>Si le peintre a r\u00e9alis\u00e9 nombre de tableaux pour l&rsquo;Eglise, ce chef d&rsquo;oeuvre, d&rsquo;une dimension de 105,5 sur 72,5 centim\u00e8tres, \u00e9tait probablement destin\u00e9 \u00e0 un collectionneur priv\u00e9.\u00a0Le tableau a appartenu au peintre acad\u00e9mique du XIXe si\u00e8cle William Bouguereau puis aux propri\u00e9taires de l&rsquo;h\u00f4tel particulier parisien o\u00f9 il a \u00e9t\u00e9 retrouv\u00e9. Sa trace a \u00e9t\u00e9 remont\u00e9e \u00e0 partir d&rsquo;une gravure et il a \u00e9t\u00e9 authentifi\u00e9 \u00e0 l&rsquo;issue d&rsquo;une \u00ab\u00a0longue enqu\u00eate et d&rsquo;examens techniques comme des radiographies et l&rsquo;analyse des pigments\u00a0\u00bb, a encore pr\u00e9cis\u00e9 le commissaire-priseur.\u00a0\u00a0<\/p>\n","protected":false},"excerpt":{"rendered":"D&rsquo;une dimension de 105,5 sur 72,5 centim\u00e8tres, ce Christ en croix \u00e9tait probablement destin\u00e9 \u00e0 un collectionneur priv\u00e9.&hellip;\n","protected":false},"author":2,"featured_media":380464,"comment_status":"","ping_status":"","sticky":false,"template":"","format":"standard","meta":{"footnotes":""},"categories":[1358],"tags":[1348,1384,1385,1386,58,59,1011,27],"class_list":{"0":"post-380463","1":"post","2":"type-post","3":"status-publish","4":"format-standard","5":"has-post-thumbnail","7":"category-arts-et-design","8":"tag-arts","9":"tag-arts-and-design","10":"tag-arts-et-design","11":"tag-design","12":"tag-divertissement","13":"tag-entertainment","14":"tag-fr","15":"tag-france"},"share_on_mastodon":{"url":"https:\/\/pubeurope.com\/@fr\/115180508997536383","error":""},"_links":{"self":[{"href":"https:\/\/www.europesays.com\/fr\/wp-json\/wp\/v2\/posts\/380463","targetHints":{"allow":["GET"]}}],"collection":[{"href":"https:\/\/www.europesays.com\/fr\/wp-json\/wp\/v2\/posts"}],"about":[{"href":"https:\/\/www.europesays.com\/fr\/wp-json\/wp\/v2\/types\/post"}],"author":[{"embeddable":true,"href":"https:\/\/www.europesays.com\/fr\/wp-json\/wp\/v2\/users\/2"}],"replies":[{"embeddable":true,"href":"https:\/\/www.europesays.com\/fr\/wp-json\/wp\/v2\/comments?post=380463"}],"version-history":[{"count":0,"href":"https:\/\/www.europesays.com\/fr\/wp-json\/wp\/v2\/posts\/380463\/revisions"}],"wp:featuredmedia":[{"embeddable":true,"href":"https:\/\/www.europesays.com\/fr\/wp-json\/wp\/v2\/media\/380464"}],"wp:attachment":[{"href":"https:\/\/www.europesays.com\/fr\/wp-json\/wp\/v2\/media?parent=380463"}],"wp:term":[{"taxonomy":"category","embeddable":true,"href":"https:\/\/www.europesays.com\/fr\/wp-json\/wp\/v2\/categories?post=380463"},{"taxonomy":"post_tag","embeddable":true,"href":"https:\/\/www.europesays.com\/fr\/wp-json\/wp\/v2\/tags?post=380463"}],"curies":[{"name":"wp","href":"https:\/\/api.w.org\/{rel}","templated":true}]}}