{"id":380465,"date":"2025-09-10T14:37:09","date_gmt":"2025-09-10T14:37:09","guid":{"rendered":"https:\/\/www.europesays.com\/fr\/380465\/"},"modified":"2025-09-10T14:37:09","modified_gmt":"2025-09-10T14:37:09","slug":"colette-vlerick-en-dedicace-a-laire-de-broca-jeudi-11-septembre-a-pont-labbe","status":"publish","type":"post","link":"https:\/\/www.europesays.com\/fr\/380465\/","title":{"rendered":"Colette Vl\u00e9rick en d\u00e9dicace \u00e0 L\u2019aire de Broca, jeudi 11\u00a0septembre \u00e0 Pont-l\u2019Abb\u00e9"},"content":{"rendered":"<p>La librairie L\u2019aire de Broca de Pont-l\u2019Abb\u00e9 accueille Colette Vl\u00e9rick en d\u00e9dicace ce jeudi 11 septembre, de 10\u00a0h\u00a030 \u00e0 12\u00a0h\u00a030. L\u2019autrice, install\u00e9e \u00e0 Land\u00e9da, pr\u00e9sentera et d\u00e9dicacera certains de ses livres. Parmi ses grands succ\u00e8s, on peut citer \u00ab\u00a0Le brodeur de Pont-l\u2019Abb\u00e9\u00a0\u00bb, une histoire d\u2019amour contrari\u00e9e entre un jeune brodeur bigouden et une bourgeoise pont-l\u2019abbiste au d\u00e9but du XXe si\u00e8cle, ou encore son dernier roman \u00ab\u00a0<a href=\"https:\/\/www.letelegramme.fr\/finistere\/landeda-29870\/reve-dindiennes-le-nouveau-roman-de-colette-vlerick-3790187.php\" title=\"www.letelegramme.fr\" target=\"_blank\" rel=\"noopener\">R\u00eaves d\u2019indiennes<\/a>\u00a0\u00bb, qui \u00e9voque la Compagnie des Indes de Lorient et son commerce florissant. Ses ouvrages t\u00e9moignent tous de son attachement profond \u00e0 la Bretagne, son pays d\u2019adoption, et s\u2019appuient sur des recherches historiques pointues. La romanci\u00e8re s\u2019attache notamment \u00e0 faire revivre des m\u00e9tiers sinon disparus, du moins oubli\u00e9s, \u00e0 d\u00e9crire des coutumes et une \u00e9poque aujourd\u2019hui r\u00e9volues.<\/p>\n<p><b>Pratique<\/b><\/p>\n<p class=\"note\">D\u00e9dicaces de Colette Vl\u00e9rick, jeudi 11 septembre de 10\u00a0h\u00a030 \u00e0 12\u00a0h\u00a030, \u00e0 L\u2019aire de Broca, 42 place de la R\u00e9publique, Pont-l\u2019Abb\u00e9. Contact t\u00e9l. 02\u00a098\u00a082\u00a030\u00a095, m\u00e9l\u00a0: librairie@airedebroca.fr.<\/p>\n","protected":false},"excerpt":{"rendered":"La librairie L\u2019aire de Broca de Pont-l\u2019Abb\u00e9 accueille Colette Vl\u00e9rick en d\u00e9dicace ce jeudi 11 septembre, de 10\u00a0h\u00a030&hellip;\n","protected":false},"author":2,"featured_media":380466,"comment_status":"","ping_status":"","sticky":false,"template":"","format":"standard","meta":{"footnotes":""},"categories":[1357],"tags":[1063,1379,58,59,1011,27,1380,1393,3323],"class_list":{"0":"post-380465","1":"post","2":"type-post","3":"status-publish","4":"format-standard","5":"has-post-thumbnail","7":"category-livres","8":"tag-animations","9":"tag-books","10":"tag-divertissement","11":"tag-entertainment","12":"tag-fr","13":"tag-france","14":"tag-livres","15":"tag-loisirs","16":"tag-pont-labbe"},"share_on_mastodon":{"url":"https:\/\/pubeurope.com\/@fr\/115180512756304437","error":""},"_links":{"self":[{"href":"https:\/\/www.europesays.com\/fr\/wp-json\/wp\/v2\/posts\/380465","targetHints":{"allow":["GET"]}}],"collection":[{"href":"https:\/\/www.europesays.com\/fr\/wp-json\/wp\/v2\/posts"}],"about":[{"href":"https:\/\/www.europesays.com\/fr\/wp-json\/wp\/v2\/types\/post"}],"author":[{"embeddable":true,"href":"https:\/\/www.europesays.com\/fr\/wp-json\/wp\/v2\/users\/2"}],"replies":[{"embeddable":true,"href":"https:\/\/www.europesays.com\/fr\/wp-json\/wp\/v2\/comments?post=380465"}],"version-history":[{"count":0,"href":"https:\/\/www.europesays.com\/fr\/wp-json\/wp\/v2\/posts\/380465\/revisions"}],"wp:featuredmedia":[{"embeddable":true,"href":"https:\/\/www.europesays.com\/fr\/wp-json\/wp\/v2\/media\/380466"}],"wp:attachment":[{"href":"https:\/\/www.europesays.com\/fr\/wp-json\/wp\/v2\/media?parent=380465"}],"wp:term":[{"taxonomy":"category","embeddable":true,"href":"https:\/\/www.europesays.com\/fr\/wp-json\/wp\/v2\/categories?post=380465"},{"taxonomy":"post_tag","embeddable":true,"href":"https:\/\/www.europesays.com\/fr\/wp-json\/wp\/v2\/tags?post=380465"}],"curies":[{"name":"wp","href":"https:\/\/api.w.org\/{rel}","templated":true}]}}