{"id":380469,"date":"2025-09-10T14:39:11","date_gmt":"2025-09-10T14:39:11","guid":{"rendered":"https:\/\/www.europesays.com\/fr\/380469\/"},"modified":"2025-09-10T14:39:11","modified_gmt":"2025-09-10T14:39:11","slug":"cest-simple-on-se-parle-jai-mal-louane-revele-souffrir-tout-le-temps-la-chanteuse-confie-etre-atteinte-dune-maladie-chronique","status":"publish","type":"post","link":"https:\/\/www.europesays.com\/fr\/380469\/","title":{"rendered":"\u00ab\u00a0C\u2019est simple, on se parle, j\u2019ai mal\u00a0\u00bb\u00a0: Louane r\u00e9v\u00e8le souffrir \u00ab\u00a0tout le temps\u00a0\u00bb, la chanteuse confie \u00eatre atteinte d\u2019une maladie chronique"},"content":{"rendered":"<p>\n                                                                Alors qu\u2019elle s\u2019appr\u00eate \u00e0 repartir en tourn\u00e9e, la chanteuse Louane \u00e9tait l\u2019invit\u00e9e d\u2019un podcast sur Youtube pour r\u00e9pondre \u00e0 des questions autour de sa vie quotidienne. L\u2019occasion pour l\u2019ancienne repr\u00e9sentante fran\u00e7aise \u00e0 l\u2019Eurovision de r\u00e9v\u00e9ler \u00eatre atteinte d\u2019une maladie auto-immune\u00a0: la spondylarthrite ankylosante.\n                            <\/p>\n<p><a href=\"https:\/\/www.midilibre.fr\/2025\/05\/18\/eurovision-2025-apres-avoir-termine-a-la-septieme-place-louane-sort-du-silence-et-sexprime-sur-son-classement-final-12704709.php\" target=\"_blank\" rel=\"nofollow noopener\">Apr\u00e8s sa participation \u00e0 l\u2019Eurovision<\/a> et la <a href=\"https:\/\/www.midilibre.fr\/2025\/05\/22\/apres-leurovision-louane-va-se-marier-qui-est-son-futur-epoux-passe-par-nimes-pendant-plusieurs-annees-12714117.php\" target=\"_blank\" rel=\"nofollow noopener\">sortie de son album best of en mai dernier,<\/a> la chanteuse Louane remonte sur sc\u00e8ne <a href=\"https:\/\/www.midilibre.fr\/2025\/05\/17\/eurovision-2025-heure-chaine-ordre-de-passage-louane-parmi-les-favoris-tout-savoir-sur-la-grande-finale-du-concours-12702250.php\" target=\"_blank\" rel=\"nofollow noopener\">pour une nouvelle tourn\u00e9e qui d\u00e9marrera<\/a> le 15\u00a0septembre. <a href=\"https:\/\/www.midilibre.fr\/2025\/02\/02\/louane-au-concours-de-leurovision-2025-tres-honoree-davoir-la-chance-de-representer-la-france-12486596.php\" target=\"_blank\" rel=\"nofollow noopener\">Avant cela, la chanteuse s\u2019est confi\u00e9e <\/a>\u00e0 la youtubeuse Alice Underground o\u00f9 elle \u00e9voque son quotidien.<\/p>\n<p><a href=\"https:\/\/www.midilibre.fr\/2025\/04\/24\/eurovision-2025-la-chanteuse-louane-se-confie-sur-les-risques-de-coups-bas-a-leurovision-et-revele-un-pacte-entre-candidats-12655803.php\" target=\"_blank\" rel=\"nofollow noopener\">L\u2019occasion pour elle de d\u00e9voil\u00e9 <\/a>\u00eatre atteinte d\u2019une maladie auto-immune, la\u00a0spondylarthrite ankylosante.\u00a0\u00ab\u00a0C\u2019est une maladie chronique auto-immune d\u00e9g\u00e9n\u00e9rative des articulations\u00a0\u00bb, explique la chanteuse.<\/p>\n<p>\u00ab\u00a0On se parle, j\u2019ai mal. Mais j\u2019ai l\u2019habitude\u00a0\u00bb<\/p>\n<p>Si elle dit d\u00e9sormais avoir l\u2019habitude de vivre avec cette maladie, la spondylarthrite ankylosante peut provoquer des crises douloureuses \u00e0 diff\u00e9rents endroits du corps. Ces crises peuvent provoquer notamment\u00a0une fatigue importante.<\/p>\n<p>\u00ab\u00a0\u00c7a fait vraiment longtemps que je n\u2019ai pas eu une vraie crise o\u00f9 je ne peux pas marcher. \u00c7a ne m\u2019est pas arriv\u00e9 depuis un moment, un an au moins.\u00a0La derni\u00e8re fois que \u00e7a m\u2019est arriv\u00e9 c\u2019\u00e9tait en tourn\u00e9e l\u2019ann\u00e9e derni\u00e8re sur les festivals\u00a0\u00bb, explique la chanteuse. Elle d\u00e9clare \u00e9galement\u00a0: \u00ab\u00a0C\u2019est simple, on se parle, j\u2019ai mal. Mais j\u2019ai l\u2019habitude\u00a0\u00bb.<\/p>\n<p>Quels traitements contre la maladie\u00a0?<\/p>\n<p>\u00ab\u00a0Je n\u2019ai pas de m\u00e9dicament\u00a0\u00bb, \u00e9voque dans un premier temps Louane avant de d\u00e9tailler les solutions possibles, selon les cas.\u00a0\u00ab\u00a0C\u2019est beaucoup d\u2019anti-inflammatoires ou alors c\u2019est plus compliqu\u00e9, genre des anti-TNF alpha, \u00e7a, c\u2019est un peu intense ou dans certains cas compliqu\u00e9s c\u2019est des infiltrations. \u00c7a, c\u2019est horrible\u00a0\u00bb<\/p>\n<p>Cette maladie touche en particulier la colonne vert\u00e9brale et les articulations. Si les causes de la maladie sont plut\u00f4t inconnues, pourraient \u00eatre g\u00e9n\u00e9tiques ou caus\u00e9s par des facteurs environnementaux, il s\u2019agit de cellules du syst\u00e8me immunitaire qui s\u00e9cr\u00e8tent des mol\u00e9cules inflammatoires. \u00ab\u00a0Moi, c\u2019est axial. J\u2019en ai dans les genoux, dans les chevilles, dans les poignets\u2026 Donc j\u2019ai mal tout le temps\u00a0\u00bb.<\/p>\n","protected":false},"excerpt":{"rendered":"Alors qu\u2019elle s\u2019appr\u00eate \u00e0 repartir en tourn\u00e9e, la chanteuse Louane \u00e9tait l\u2019invit\u00e9e d\u2019un podcast sur Youtube pour r\u00e9pondre&hellip;\n","protected":false},"author":2,"featured_media":380470,"comment_status":"","ping_status":"","sticky":false,"template":"","format":"standard","meta":{"footnotes":""},"categories":[1355],"tags":[58,59,1011,27,1361,873],"class_list":{"0":"post-380469","1":"post","2":"type-post","3":"status-publish","4":"format-standard","5":"has-post-thumbnail","7":"category-musique","8":"tag-divertissement","9":"tag-entertainment","10":"tag-fr","11":"tag-france","12":"tag-music","13":"tag-musique"},"share_on_mastodon":{"url":"https:\/\/pubeurope.com\/@fr\/115180520412394951","error":""},"_links":{"self":[{"href":"https:\/\/www.europesays.com\/fr\/wp-json\/wp\/v2\/posts\/380469","targetHints":{"allow":["GET"]}}],"collection":[{"href":"https:\/\/www.europesays.com\/fr\/wp-json\/wp\/v2\/posts"}],"about":[{"href":"https:\/\/www.europesays.com\/fr\/wp-json\/wp\/v2\/types\/post"}],"author":[{"embeddable":true,"href":"https:\/\/www.europesays.com\/fr\/wp-json\/wp\/v2\/users\/2"}],"replies":[{"embeddable":true,"href":"https:\/\/www.europesays.com\/fr\/wp-json\/wp\/v2\/comments?post=380469"}],"version-history":[{"count":0,"href":"https:\/\/www.europesays.com\/fr\/wp-json\/wp\/v2\/posts\/380469\/revisions"}],"wp:featuredmedia":[{"embeddable":true,"href":"https:\/\/www.europesays.com\/fr\/wp-json\/wp\/v2\/media\/380470"}],"wp:attachment":[{"href":"https:\/\/www.europesays.com\/fr\/wp-json\/wp\/v2\/media?parent=380469"}],"wp:term":[{"taxonomy":"category","embeddable":true,"href":"https:\/\/www.europesays.com\/fr\/wp-json\/wp\/v2\/categories?post=380469"},{"taxonomy":"post_tag","embeddable":true,"href":"https:\/\/www.europesays.com\/fr\/wp-json\/wp\/v2\/tags?post=380469"}],"curies":[{"name":"wp","href":"https:\/\/api.w.org\/{rel}","templated":true}]}}