{"id":380475,"date":"2025-09-10T14:42:10","date_gmt":"2025-09-10T14:42:10","guid":{"rendered":"https:\/\/www.europesays.com\/fr\/380475\/"},"modified":"2025-09-10T14:42:10","modified_gmt":"2025-09-10T14:42:10","slug":"le-president-du-havre-jean-michel-roussier-rate-son-entree-au-conseil-dadministration-de-la-lfp-lequipe","status":"publish","type":"post","link":"https:\/\/www.europesays.com\/fr\/380475\/","title":{"rendered":"Le pr\u00e9sident du Havre Jean-Michel Roussier rate son entr\u00e9e au conseil d&#039;administration de la LFP &#8211; L&#039;\u00c9quipe"},"content":{"rendered":"<ol>\n<li><a href=\"https:\/\/news.google.com\/rss\/articles\/CBMi5wFBVV95cUxObkFBR0tvMTJBdG1uLXRWWDNyUy01a2lXZGw0QW0wSlhGZ01tMWhOYm1OR2I1U29HM2VSTzlKVWFTRjBkNnQ2U3hiYlY5YmxSVEwzWTlQcUFjblhncHJxdnNlNnVZcktnWF9fVVAzTHBHTDJYOE93QW04Z1FjWmpNLUZrVUFac1diWnRuQVNkMzg1ME5pWUg3Zzc3TEFpcWpZRXV0eGdlQnBoanZqaDVMak13c1lhY1l2empSNk1uamhMRi1kXzB3QV90cHZMSnEzSUZnbElMWEEzV2drSGtRNHVKQ0NFQk0?oc=5\" target=\"_blank\" rel=\"nofollow noopener\">Le pr\u00e9sident du Havre Jean-Michel Roussier rate son entr\u00e9e au conseil d&rsquo;administration de la LFP<\/a>&nbsp;&nbsp;L&rsquo;\u00c9quipe<\/li>\n<li><a href=\"https:\/\/news.google.com\/rss\/articles\/CBMijAJBVV95cUxOV0Itb3JFMUpacDZoa1Njd3FmY09xdDZ4TWNzZDN4UUtMdkJZRkZndTEyR2FzWW42cWVFdU9NT1k2cDVuNmUtMENBdll3N2pkRURVWUdJLTFBcEh5eXA3RzA2WVJxYndfRnBIV3BYNHR4a3N1b2tYWnNkLW44dHRHQmVJazlmaEV3MDdzV1NvaGc5VVhSMU9CUkhqVTdINzRJWHJ1bl80Sjhub2FDc2ZsX1dvdURPTlg0LV9kTEJacVdwX05GbEUtdVg5d21qRG5CRmxyQi1KUV9Ca19WUS1Wd0s3OV9xWkk0VGFRaXRuVmhfQlJxblhScUNlRW5aZlNuTFZIWFlreXNrNEd6?oc=5\" target=\"_blank\" rel=\"nofollow noopener\">Ligue 1. Waldemar Kita Lo\u00efc F\u00e9ry et Fabrice Bocquet \u00e9lus au conseil d\u2019administration de la LFP<\/a>&nbsp;&nbsp;Ouest-France<\/li>\n<li><a href=\"https:\/\/news.google.com\/rss\/articles\/CBMiswFBVV95cUxQdENUWWgtN0pNQ2s4bzMzb3V5eXgxYktablc2TWZFYXBjamM0bEN1b2g3T3V2WkUzaDBJYWFuOTk0cmdCNEhPMWllUVFTUWl0X1JXUFRiWGFJZ2s4RFJGNENQOE8xZzV4T2xRd2xaQUpkeV9FMWJPUE5kZkhjaVB4NjJwanh1NHJ5Yi1HaUtfZkhEUlFXV3YyUTZzRHhQQm9UbVFPem01NS1ZRVdkei1zS2E4VQ?oc=5\" target=\"_blank\" rel=\"nofollow noopener\">Trois nouveaux membres \u00e9lus au Conseil d\u2019Administration de la LFP<\/a>&nbsp;&nbsp;Foot Mercato<\/li>\n<li><a href=\"https:\/\/news.google.com\/rss\/articles\/CBMi7gFBVV95cUxOVDNCMHBtdU9OZjAxX2FKX0VyMzhjUFZXdXR1dUlWellqaHBUejdBTFVOaU52Z1dvS2ZvWnhPOFZUcFpGOXhpSkQyY0VaeFpuamt6VUlqSW5FRFpReWRfdGZEVXloSEtXbkM4ZUt3dVZJVEtzUG02NjBQYXR0cEQ3SndNSkFBM2hsR0piMEpCVi1UUXBDaEttT3B5a0N3bm9JRFBpUlBDLV9Sdy0xZDFqcEc3TnFyc240WXM3U3JjSmtubXhlRjFRTVdUcnJENTVkM2ltd1RsU3hkSi1rb1NnellDTFNVdzJXVnlxc2lB?oc=5\" target=\"_blank\" rel=\"nofollow noopener\">Lo\u00efc F\u00e9ry, pr\u00e9sident du FC Lorient, va faire son retour au conseil d\u2019administration de la LFP<\/a>&nbsp;&nbsp;Le T\u00e9l\u00e9gramme<\/li>\n<li><a href=\"https:\/\/news.google.com\/rss\/articles\/CBMi8AFBVV95cUxONWNGVDVTb0xJd3VJUGZrYTgyYVdNVFJzbm9XS1IyeHVYLWF4QzdpMEEzVHowUkxTZGF6V3lRRTlaTE1yX05GWW1CWk9LV1hWbGlkVmllVGRfR19uNW55T0NUQ2w3TXlJTXQ2R1RhNGVmREpXMTV0bGZLekNOeTVPVHI2Sk5DaG9jTUtrMG5IZGtJQVhrMkQ1RkVqUmFpaDhDdG4zVWpKN2toRHh5X2NVd1V6bUl4RExhVXptVlgwT056aG5IVHVScGRYR3U3WmMxMzAzQnI5bnFjTzRXRm0zR3lQTUxoVTVoQ3NQSnVXZ0s?oc=5\" target=\"_blank\" rel=\"nofollow noopener\">Le nouveau pr\u00e9sident de l&rsquo;OGC Nice Fabrice Bocquet remplace Jean-Pierre Riv\u00e8re au Conseil d&rsquo;Administration de la LFP<\/a>&nbsp;&nbsp;Nice-Matin<\/li>\n<\/ol>\n","protected":false},"excerpt":{"rendered":"Le pr\u00e9sident du Havre Jean-Michel Roussier rate son entr\u00e9e au conseil d&rsquo;administration de la LFP&nbsp;&nbsp;L&rsquo;\u00c9quipe Ligue 1. Waldemar&hellip;\n","protected":false},"author":2,"featured_media":380476,"comment_status":"","ping_status":"","sticky":false,"template":"","format":"standard","meta":{"footnotes":""},"categories":[9],"tags":[1011,27,60],"class_list":{"0":"post-380475","1":"post","2":"type-post","3":"status-publish","4":"format-standard","5":"has-post-thumbnail","7":"category-sports","8":"tag-fr","9":"tag-france","10":"tag-sports"},"share_on_mastodon":{"url":"https:\/\/pubeurope.com\/@fr\/115180532197966837","error":""},"_links":{"self":[{"href":"https:\/\/www.europesays.com\/fr\/wp-json\/wp\/v2\/posts\/380475","targetHints":{"allow":["GET"]}}],"collection":[{"href":"https:\/\/www.europesays.com\/fr\/wp-json\/wp\/v2\/posts"}],"about":[{"href":"https:\/\/www.europesays.com\/fr\/wp-json\/wp\/v2\/types\/post"}],"author":[{"embeddable":true,"href":"https:\/\/www.europesays.com\/fr\/wp-json\/wp\/v2\/users\/2"}],"replies":[{"embeddable":true,"href":"https:\/\/www.europesays.com\/fr\/wp-json\/wp\/v2\/comments?post=380475"}],"version-history":[{"count":0,"href":"https:\/\/www.europesays.com\/fr\/wp-json\/wp\/v2\/posts\/380475\/revisions"}],"wp:featuredmedia":[{"embeddable":true,"href":"https:\/\/www.europesays.com\/fr\/wp-json\/wp\/v2\/media\/380476"}],"wp:attachment":[{"href":"https:\/\/www.europesays.com\/fr\/wp-json\/wp\/v2\/media?parent=380475"}],"wp:term":[{"taxonomy":"category","embeddable":true,"href":"https:\/\/www.europesays.com\/fr\/wp-json\/wp\/v2\/categories?post=380475"},{"taxonomy":"post_tag","embeddable":true,"href":"https:\/\/www.europesays.com\/fr\/wp-json\/wp\/v2\/tags?post=380475"}],"curies":[{"name":"wp","href":"https:\/\/api.w.org\/{rel}","templated":true}]}}