{"id":380477,"date":"2025-09-10T14:43:12","date_gmt":"2025-09-10T14:43:12","guid":{"rendered":"https:\/\/www.europesays.com\/fr\/380477\/"},"modified":"2025-09-10T14:43:12","modified_gmt":"2025-09-10T14:43:12","slug":"tournez-manege-evelyne-leclercq-sexprime-apres-le-depart-de-ce-membre-inoubliable-de-lemission-il-ne-rappelait-plus","status":"publish","type":"post","link":"https:\/\/www.europesays.com\/fr\/380477\/","title":{"rendered":"Tournez Man\u00e8ge, Evelyne Leclercq s&rsquo;exprime apr\u00e8s le d\u00e9part de ce membre inoubliable de l&rsquo;\u00e9mission : \u00ab\u00a0Il ne rappelait plus\u00a0\u00bb"},"content":{"rendered":"<p>            <img loading=\"lazy\" decoding=\"async\" src=\"https:\/\/www.europesays.com\/fr\/wp-content\/uploads\/2025\/04\/144-64f8c016610ee-35x35-1.jpg\" class=\"author-article-picture\" width=\"35\" height=\"35\"\/><\/p>\n<p>                Par<br \/>\n                                    <a class=\"author-article-bio-link\" href=\"https:\/\/www.purepeople.com\/auteur\/louise-martin_a144\" rel=\"nofollow noopener\" target=\"_blank\">Louise Martin<\/a><br \/>\n                                                    | R\u00e9dactrice<\/p>\n<p>\n                Koh Lanta, Les Marseillais mais aussi Mari\u00e9s au Premier regards\u2026 Louise Martin est une t\u00e9l\u00e9vore qui essaye, \u00e0 ses heures perdues, de refaire les g\u00e2teaux qu\u2019elle admire devant le Meilleur P\u00e2tissier\u2026 mais elle ne risque pas de gagner le tablier bleu ! Les r\u00e9seaux sociaux n\u2019ont pas de secret pour elle, les derniers scoops, les derni\u00e8res \u00e9missions, elle les conna\u00eet tous.\n            <\/p>\n<p>\n    Deux jours apr\u00e8s la mort d&rsquo;une star de l&rsquo;\u00e9mission \u00ab\u00a0Tournez Man\u00e8ge\u00a0\u00bb, \u00c9velyne Leclercq a d\u00e9cid\u00e9 de prendre la parole. Elle s&rsquo;est confi\u00e9e dans les colonnes du \u00ab\u00a0Parisien\u00a0\u00bb sur la sant\u00e9 de son regrett\u00e9 coll\u00e8gue mais aussi sur leurs liens d&rsquo;amiti\u00e9. Des confidences rares pour cette personnalit\u00e9 embl\u00e9matique du petit \u00e9cran.\n<\/p>\n<p>                            <img loading=\"lazy\" decoding=\"async\" class=\"player-thumbnail\" src=\"https:\/\/www.europesays.com\/fr\/wp-content\/uploads\/2025\/09\/bd9c5474129c3fd3-580x326-2.jpg\" width=\"580\" height=\"326\"\/><\/p>\n<p>                    Tournez Man\u00e8ge, Evelyne Leclercq s&rsquo;exprime apr\u00e8s le d\u00e9part de ce membre inoubliable de l&rsquo;\u00e9mission : \u00ab\u00a0Il ne rappelait plus\u00a0\u00bb<\/p>\n<p>La suite apr\u00e8s la publicit\u00e9<\/p>\n<p>C\u2019est une page de t\u00e9l\u00e9vision qui se tourne. Ce lundi 8 septembre 2025, Paris Match a r\u00e9v\u00e9l\u00e9 <a href=\"https:\/\/www.purepeople.com\/article\/une-personnalite-emblematique-de-la-television-francaise-quon-voyait-quotidiennement-nous-a-quittes_a542291\/1\" rel=\"nofollow noopener\" target=\"_blank\">la disparition de Charly Oleg,<\/a> de son vrai nom Charles-Auguste Olejniczak, \u00e0 l\u2019\u00e2ge de 94 ans. Le musicien attitr\u00e9 de l\u2019\u00e9mission Tournez Man\u00e8ge, diffus\u00e9e entre 1985 et 1993 sur TF1, a marqu\u00e9 toute une g\u00e9n\u00e9ration avec son orgue \u00e9lectronique et sa bonne humeur l\u00e9gendaire. Son d\u00e9c\u00e8s a profond\u00e9ment \u00e9mu <a href=\"https:\/\/www.purepeople.com\/article\/evelyne-leclerc-lanimatrice-culte-de-tournez-manege-surprend-en-parlant-de-ses-ex-des-gens-qui-avaient-lage-de-ma-fille_a540033\/1\" rel=\"nofollow noopener\" target=\"_blank\">\u00c9velyne Leclercq,<\/a> qui a partag\u00e9 ses souvenirs aupr\u00e8s du Parisien. Aux c\u00f4t\u00e9s de Simone Garnier et <a href=\"https:\/\/www.purepeople.com\/article\/fabienne-egal-de-tournez-manege-sa-nouvelle-vie-professionnelle-loin-des-plateaux-de-television_a511645\/1\" rel=\"nofollow noopener\" target=\"_blank\">Fabienne \u00c9gal,<\/a> elle animait le jeu rythm\u00e9 par les interventions musicales de Charly Oleg. Pour \u00c9velyne Leclercq, la perte de son ami est un v\u00e9ritable choc. <strong>\u201cJ\u2019adore Charly.<\/strong> Je l\u2019aime tellement que je ne peux pas en parler au pass\u00e9. C\u2019est un feu d\u2019artifice, cet homme. Ces derniers temps, je me suis inqui\u00e9t\u00e9e car <strong>je l\u2019ai appel\u00e9 plusieurs fois <\/strong>et il ne r\u00e9pondait pas. Il ne rappelait plus. Ce n\u2019est pas son style\u201d, a-t-elle confi\u00e9.\u00a0<\/p>\n<p>\u00c9velyne Leclercq revient sur le d\u00e9c\u00e8s de Charly Oleg, une disparition qui l&rsquo;a profond\u00e9ment touch\u00e9e<\/p>\n<p>L\u2019animatrice retient de lui un homme g\u00e9n\u00e9reux et profond\u00e9ment vivant : \u201cIl part \u00e0 un \u00e2ge respectable, apr\u00e8s <strong>une tr\u00e8s belle vie<\/strong>. Il a \u00e9t\u00e9 vraiment en forme jusqu\u2019\u00e0 90 ans environ je pense. De toute fa\u00e7on, il ne me l\u2019aurait jamais dit au t\u00e9l\u00e9phone si \u00e7a allait mal. C\u2019\u00e9tait formidable, formidable, formidable !\u201d. Avec \u00e9motion, elle revient sur la complicit\u00e9 qu\u2019ils partageaient \u00e0 l\u2019\u00e9cran comme en coulisses : \u201cOn parlait dans Tournez Man\u00e8ge ! comme dans la vie, c\u2019est pour \u00e7a que \u00e7a a march\u00e9. Il n\u2019y a pas une journ\u00e9e o\u00f9 l\u2019on ne m\u2019en parle pas. \u00c7a faisait six millions par jour quand m\u00eame\u201d. Des audiences impressionnantes qui t\u00e9moignent du succ\u00e8s de l\u2019\u00e9mission et de l\u2019attachement du public \u00e0 ses figures embl\u00e9matiques.\u00a0<\/p>\n<blockquote class=\"twitter-tweet\">\n<p lang=\"fr\" dir=\"ltr\">Charly Oleg, pianiste de l\u2019\u00e9mission \u201cTournez Man\u00e8ge\u201d sur TF1, est mort ce lundi 8 septembre, \u00e0 l\u2019\u00e2ge de 94 ans.<\/p>\n<p>\ud83c\udfb9 En 1993, le musicien participait \u00e0 l\u2019\u00e9mission \u201cYacapa\u201d sur France 3, pr\u00e9sent\u00e9e par Pascal Brunner. <a href=\"https:\/\/t.co\/AHc0GinrHC\" rel=\"nofollow\">pic.twitter.com\/AHc0GinrHC<\/a><\/p>\n<p>\u2014 INA.fr (@Inafr_officiel) <a href=\"https:\/\/twitter.com\/Inafr_officiel\/status\/1965475736174686229?ref_src=twsrc%5Etfw\" rel=\"nofollow noopener\" target=\"_blank\">September 9, 2025<\/a><\/p><\/blockquote>\n<p>Au-del\u00e0 de son r\u00f4le \u00e0 la t\u00e9l\u00e9vision, Charly Oleg avait su pr\u00e9server une \u00e9nergie et une sant\u00e9 remarquables. \u201cOn est toujours rest\u00e9 en contact. Je me souviens d\u2019avoir bu un verre avec lui quand il avait d\u00e9pass\u00e9 les 80 ans. Il m\u2019a dit son \u00e2ge et je n\u2019ai pas voulu le croire. Je ne l\u2019ai jamais vu vieillir. <strong>Charly, c\u2019est Peter Pan, <\/strong>toujours le sourire, un mec solaire, vraiment gentil\u201d, raconte \u00c9velyne Leclercq, la comparse de <a href=\"https:\/\/www.purepeople.com\/article\/fabienne-egal-tournez-manege-en-deuil-sa-maman-est-morte_a237577\/1\" rel=\"nofollow noopener\" target=\"_blank\">Fabienne \u00c9gal.<\/a> Sportif de c\u0153ur, il jouait encore longtemps au football avec les jeunes du Blanc-Mesnil, sa ville de r\u00e9sidence. \u201cIl a eu une sant\u00e9 ph\u00e9nom\u00e9nale pendant tr\u00e8s longtemps\u201d, souligne-t-elle. Charly Oleg laisse derri\u00e8re lui le souvenir d\u2019un homme simple, chaleureux et \u00e9ternellement joyeux.\u00a0<\/p>\n<p>        <script async src=\"https:\/\/platform.twitter.com\/widgets.js\" charset=\"utf-8\"><\/script><\/p>\n","protected":false},"excerpt":{"rendered":"Par Louise Martin | R\u00e9dactrice Koh Lanta, Les Marseillais mais aussi Mari\u00e9s au Premier regards\u2026 Louise Martin est&hellip;\n","protected":false},"author":2,"featured_media":380478,"comment_status":"","ping_status":"","sticky":false,"template":"","format":"standard","meta":{"footnotes":""},"categories":[8],"tags":[58,59,1011,27],"class_list":{"0":"post-380477","1":"post","2":"type-post","3":"status-publish","4":"format-standard","5":"has-post-thumbnail","7":"category-divertissement","8":"tag-divertissement","9":"tag-entertainment","10":"tag-fr","11":"tag-france"},"share_on_mastodon":{"url":"https:\/\/pubeurope.com\/@fr\/115180536400253344","error":""},"_links":{"self":[{"href":"https:\/\/www.europesays.com\/fr\/wp-json\/wp\/v2\/posts\/380477","targetHints":{"allow":["GET"]}}],"collection":[{"href":"https:\/\/www.europesays.com\/fr\/wp-json\/wp\/v2\/posts"}],"about":[{"href":"https:\/\/www.europesays.com\/fr\/wp-json\/wp\/v2\/types\/post"}],"author":[{"embeddable":true,"href":"https:\/\/www.europesays.com\/fr\/wp-json\/wp\/v2\/users\/2"}],"replies":[{"embeddable":true,"href":"https:\/\/www.europesays.com\/fr\/wp-json\/wp\/v2\/comments?post=380477"}],"version-history":[{"count":0,"href":"https:\/\/www.europesays.com\/fr\/wp-json\/wp\/v2\/posts\/380477\/revisions"}],"wp:featuredmedia":[{"embeddable":true,"href":"https:\/\/www.europesays.com\/fr\/wp-json\/wp\/v2\/media\/380478"}],"wp:attachment":[{"href":"https:\/\/www.europesays.com\/fr\/wp-json\/wp\/v2\/media?parent=380477"}],"wp:term":[{"taxonomy":"category","embeddable":true,"href":"https:\/\/www.europesays.com\/fr\/wp-json\/wp\/v2\/categories?post=380477"},{"taxonomy":"post_tag","embeddable":true,"href":"https:\/\/www.europesays.com\/fr\/wp-json\/wp\/v2\/tags?post=380477"}],"curies":[{"name":"wp","href":"https:\/\/api.w.org\/{rel}","templated":true}]}}